{"id":17640,"date":"2018-05-13T23:12:12","date_gmt":"2018-05-14T04:12:12","guid":{"rendered":"http:\/\/escatuninter.blog\/?p=17640"},"modified":"2018-05-13T23:12:12","modified_gmt":"2018-05-14T04:12:12","slug":"foro-internacional-de-diseno-wdc2018-noticiasescat-ldiuninter","status":"publish","type":"post","link":"https:\/\/blogs.uninter.edu.mx\/ESCAT2\/?p=17640","title":{"rendered":"Foro Internacional de Dise\u00f1o: WDC2018 #NoticiasESCAT #LDIUninter"},"content":{"rendered":"<p><a href=\"https:\/\/www.facebook.com\/EscatUninter\/\" target=\"_blank\" rel=\"noopener\"><img loading=\"lazy\" class=\"  wp-image-17494 alignright\" src=\"https:\/\/dicaduninter.files.wordpress.com\/2018\/04\/escat-1.png\" alt=\"ESCAT 1\" width=\"236\" height=\"96\" \/><\/a><br \/>\n&nbsp;<br \/>\n&nbsp;<br \/>\n&nbsp;<\/p>\n<p style=\"text-align:justify;\">A principios de marzo comenzaron las actividades oficiales del anticipado marco de\u00a0<strong>World Design Capital Ciudad de M\u00e9xico\u00a0<\/strong>con\u00a0 la exposici\u00f3n\u00a0<em>\u201c10 Exponentes del Siglo XX1: Ciudad \u2013 Arquitectura\u201d<\/em>realizada en\u00a0Espacio CDMX<a href=\"https:\/\/coolhuntermx.com\/world-design-capital-wdc-ciudad-de-mexico-cdmx-2018\/\">,<\/a>\u00a0el recuperado recinto del \u201ctrenecito\u201d en el Bosque de Chapultepec y el\u00a0<em>Foro Internacional de Dise\u00f1o<\/em>\u00a0que se realiz\u00f3 en el Palacio de Bellas Artes.<\/p>\n<div id=\"attachment_17642\" style=\"width: 1510px\" class=\"wp-caption aligncenter\"><img aria-describedby=\"caption-attachment-17642\" loading=\"lazy\" class=\" size-full wp-image-17642 aligncenter\" src=\"https:\/\/dicaduninter.files.wordpress.com\/2018\/04\/foro-internacional-de-disec3b1o.jpg\" alt=\"Foro Internacional de Dise\u00f1o\" width=\"1500\" height=\"1000\" \/><p id=\"caption-attachment-17642\" class=\"wp-caption-text\">Foro Internacional de Dise\u00f1o &#8211; Palacio de Bellas Artes<\/p><\/div>\n<p class=\"p2\" style=\"text-align:justify;\">El\u00a0<strong>Foro Internacional de Dise\u00f1o,<\/strong>\u00a0reuni\u00f3 a un grupo\u00a0de 14 actores conocidos de la arquitectura y el dise\u00f1o internacional\u00a0 que ante una audiencia conformada por profesionales, estudiantes de las distintas escuelas de dise\u00f1o de CDMX\u00a0(UNAM, La Salle, Ibero, An\u00e1huac, UAM, EDINBA, CENTRO, Tecnol\u00f3gico de Monterrey, UVM), invitados especiales y prensa presentaron su trabajo e ideas entorno a la construcci\u00f3n de ciudad.\u00a0Algunas de las ideas y proyectos que se contaron, van desde la recuperaci\u00f3n o generaci\u00f3n del espacio p\u00fablico por medio de \u201carte p\u00fablico\u201d, el repensar el \u201crol\u201d de un edificio y las din\u00e1micas de su ocupaci\u00f3n hasta las micro-interacciones que se pueden crear a partir del dise\u00f1o de, por ejemplo, banquetas.<\/p>\n<p class=\"p2\">El listado de los expositores fue el siguiente:<\/p>\n<p class=\"p3\" style=\"text-align:justify;\"><span class=\"s1\"><strong>Stefan Sagmeister\u00a0<\/strong>del despacho\u00a0Sagmeister + Walsh,\u00a0<\/span><span class=\"s1\"><strong>MarionWeiss<\/strong>\u00a0y<span class=\"Apple-converted-space\">\u00a0<\/span><strong>Michael Manfredi<\/strong>\u00a0de la firma de arquitectura\u00a0Weiss\/Manfredi,\u00a0<\/span><span class=\"s1\"><strong>Daan Roosegaard<\/strong>\u00a0del Studio Roosegard,\u00a0<\/span><span class=\"s1\"><strong>Wolf D. Prix<\/strong>\u00a0de Coop\u00a0HIMMELB(L)AU,\u00a0<\/span><span class=\"s1\">el escritor y dise\u00f1ador\u00a0Wade Graham,\u00a0<\/span><span class=\"s1\">el arquitecto<strong>\u00a0Daniel Libeskind<\/strong>\u00a0de la firma del mismo nombre,\u00a0<\/span>el arquitecto\u00a0<strong>Thom Mayne<\/strong>\u00a0del despacho\u00a0Morphosis,\u00a0<span class=\"s1\">el especialista en movilidad\u00a0<strong>Oren Thatcher,\u00a0<\/strong>S<\/span><span class=\"s1\">hohei Shigemantsu de\u00a0OMA,\u00a0<\/span>el artista holand\u00e9s\u00a0<strong>Joep Van Lieshout,\u00a0<\/strong><span class=\"s1\">el urbanista y autor<strong>\u00a0Charles Montgomery,<\/strong><\/span><span class=\"s1\">\u00a0el arquitecto estadounidense\u00a0<strong>Joshua Ramus<\/strong>\u00a0del despacho\u00a0REX<span class=\"Apple-converted-space\">\u00a0<\/span><\/span><span class=\"s1\">y el actual Director de\u00a0<strong>Zaha Hadid Architects,<\/strong>\u00a0Patrik Schumacher.<\/span><\/p>\n<div id=\"attachment_17643\" style=\"width: 1510px\" class=\"wp-caption aligncenter\"><img aria-describedby=\"caption-attachment-17643\" loading=\"lazy\" class=\" size-full wp-image-17643 aligncenter\" src=\"https:\/\/dicaduninter.files.wordpress.com\/2018\/04\/expositores.jpg\" alt=\"Expositores\" width=\"1500\" height=\"1000\" \/><p id=\"caption-attachment-17643\" class=\"wp-caption-text\">Conferencias del Foro Internacional de Dise\u00f1o<\/p><\/div>\n<p style=\"text-align:justify;\">Si bien las aportaciones de los ponentes durante el foro a la discusi\u00f3n que la iniciativa de\u00a0<strong>World Design Capital Ciudad de M\u00e9xico<\/strong>\u00a0quiere lograr en torno a Dise\u00f1o Socialmente Responsable y su relaci\u00f3n con la ciudad son importantes, tambi\u00e9n fueron limitadas.<\/p>\n<p style=\"text-align:justify;\">Por una parte, d<em>e los 14, s\u00f3lo hubo una mujer en el escenario hablando de su trabajo,<\/em>\u00a0<strong>Marion Weiss<\/strong>\u00a0de la firma de arquitectura Weiss\/Manfredi en Estados Unidos (la misma semana que se realiz\u00f3 el Foro se celebr\u00f3 el D\u00eda Internacional de las Mujeres y\u00a0 su contingente pas\u00f3 por la misma sede d\u00edas despu\u00e9s) y el resto de los ponentes, en su mayor\u00eda fueron hombres, de tez clara, europeos y estadounidenses, con la excepci\u00f3n del japon\u00e9s\u00a0<strong>Shohei Shigematsu<\/strong>, cuya conferencia sac\u00f3 carcajadas en el p\u00fablico en m\u00e1s de una ocasi\u00f3n.<\/p>\n<p style=\"text-align:justify;\">De igual manera, a\u00fan cuando la diversidad y diferencia entre las pr\u00e1cticas creativas fueran notables entre los ponentes \u2013por ejemplo el\u00a0<em>soft-approach<\/em>\u00a0de un\u00a0<strong><em>Charles Montgomery<\/em>\u00a0<\/strong>que aboga por ciudades felices y un arduo trabajo de comunidad, la pr\u00e1ctica de\u00a0<strong>Patrik Schumacher<\/strong>\u00a0que envisiona sociedades enteras que vivan en edificios gigantes\u2013, falt\u00f3 considerar talentos y pr\u00e1cticas de otro lados del mundo, que no fueran Estados Unidos o Europa, que complementaran esta visi\u00f3n, porque, como bien coment\u00f3 un estudiante durante una breve entrevista a un miembro de la audiencia:\u00a0<em>\u00bfY eso c\u00f3mo se hace aqu\u00ed?<\/em><\/p>\n<p>Te compartimos los eventos que durante este mes de abril se est\u00e1n llevando a cabo:<br \/>\n<div id=\"attachment_17644\" style=\"width: 4593px\" class=\"wp-caption aligncenter\"><img aria-describedby=\"caption-attachment-17644\" loading=\"lazy\" class=\" size-full wp-image-17644 aligncenter\" src=\"https:\/\/dicaduninter.files.wordpress.com\/2018\/04\/wdc-agenda-abril.png\" alt=\"WDC Agenda Abril.png\" width=\"4583\" height=\"3958\" \/><p id=\"caption-attachment-17644\" class=\"wp-caption-text\">Agenda Cultural Abril<\/p><\/div><\/p>\n<h5>Fuente: <a href=\"https:\/\/coolhuntermx.com\/\" target=\"_blank\" rel=\"noopener\">CoolHunterMX<\/a><\/h5>\n<p style=\"text-align:right;\"><a href=\"http:\/\/www.universidad.uninter.edu.mx\/\" target=\"_blank\" rel=\"noopener\">Universidad Internacional Uninter<\/a><\/p>\n<p style=\"text-align:right;\"><a href=\"http:\/\/www.universidad.uninter.edu.mx\/carreras\/LDI\" target=\"_blank\" rel=\"noopener\">Licenciatura en Dise\u00f1o Industrial<\/a><\/p>\n<p style=\"text-align:right;\"><a href=\"http:\/\/www.universidad.uninter.edu.mx\/carreras\/LDG\" target=\"_blank\" rel=\"noopener\">Licenciatura en Dise\u00f1o Gr\u00e1fico<\/a><\/p>\n<p style=\"text-align:right;\"><a href=\"http:\/\/www.universidad.uninter.edu.mx\/carreras\/LDM\" target=\"_blank\" rel=\"noopener\">Licenciatura en Dise\u00f1o de Modas y Tendencias Internacionales<\/a><\/p>\n<p style=\"text-align:right;\"><a href=\"http:\/\/www.universidad.uninter.edu.mx\/carreras\/ARQ\" target=\"_blank\" rel=\"noopener\">Licenciatura en Arquitectura<\/a><\/p>\n<p><a href=\"https:\/\/www.uninter.edu.mx\/\" target=\"_blank\" rel=\"noopener\"><img loading=\"lazy\" class=\" size-full wp-image-17495 aligncenter\" src=\"https:\/\/dicaduninter.files.wordpress.com\/2018\/04\/4.png\" alt=\"4\" width=\"3242\" height=\"489\" \/><\/a><\/p>\n","protected":false},"excerpt":{"rendered":"<p>&nbsp; &nbsp; &nbsp; A principios de marzo comenzaron las actividades oficiales del anticipado marco de\u00a0World Design Capital Ciudad de M\u00e9xico\u00a0con\u00a0 la exposici\u00f3n\u00a0\u201c10 Exponentes del Siglo XX1: Ciudad \u2013 Arquitectura\u201drealizada en\u00a0Espacio CDMX,\u00a0el recuperado recinto del \u201ctrenecito\u201d en el Bosque de Chapultepec y el\u00a0Foro Internacional de Dise\u00f1o\u00a0que se realiz\u00f3 en el Palacio de Bellas Artes. El\u00a0Foro Internacional&hellip;<\/p>\n","protected":false},"author":1,"featured_media":17641,"comment_status":"closed","ping_status":"open","sticky":false,"template":"","format":"standard","meta":[],"categories":[10,11,27],"tags":[32,35,60,175,522,529,1683],"_links":{"self":[{"href":"https:\/\/blogs.uninter.edu.mx\/ESCAT2\/index.php?rest_route=\/wp\/v2\/posts\/17640"}],"collection":[{"href":"https:\/\/blogs.uninter.edu.mx\/ESCAT2\/index.php?rest_route=\/wp\/v2\/posts"}],"about":[{"href":"https:\/\/blogs.uninter.edu.mx\/ESCAT2\/index.php?rest_route=\/wp\/v2\/types\/post"}],"author":[{"embeddable":true,"href":"https:\/\/blogs.uninter.edu.mx\/ESCAT2\/index.php?rest_route=\/wp\/v2\/users\/1"}],"replies":[{"embeddable":true,"href":"https:\/\/blogs.uninter.edu.mx\/ESCAT2\/index.php?rest_route=%2Fwp%2Fv2%2Fcomments&post=17640"}],"version-history":[{"count":0,"href":"https:\/\/blogs.uninter.edu.mx\/ESCAT2\/index.php?rest_route=\/wp\/v2\/posts\/17640\/revisions"}],"wp:featuredmedia":[{"embeddable":true,"href":"https:\/\/blogs.uninter.edu.mx\/ESCAT2\/index.php?rest_route=\/wp\/v2\/media\/17641"}],"wp:attachment":[{"href":"https:\/\/blogs.uninter.edu.mx\/ESCAT2\/index.php?rest_route=%2Fwp%2Fv2%2Fmedia&parent=17640"}],"wp:term":[{"taxonomy":"category","embeddable":true,"href":"https:\/\/blogs.uninter.edu.mx\/ESCAT2\/index.php?rest_route=%2Fwp%2Fv2%2Fcategories&post=17640"},{"taxonomy":"post_tag","embeddable":true,"href":"https:\/\/blogs.uninter.edu.mx\/ESCAT2\/index.php?rest_route=%2Fwp%2Fv2%2Ftags&post=17640"}],"curies":[{"name":"wp","href":"https:\/\/api.w.org\/{rel}","templated":true}]}}