{"id":17738,"date":"2018-05-24T23:06:37","date_gmt":"2018-05-25T04:06:37","guid":{"rendered":"http:\/\/escatuninter.blog\/?p=17738"},"modified":"2018-05-24T23:06:37","modified_gmt":"2018-05-25T04:06:37","slug":"dia-de-la-santa-cruz-y-de-los-albaniles-noticiasescat-arq-ici","status":"publish","type":"post","link":"https:\/\/blogs.uninter.edu.mx\/ESCAT2\/?p=17738","title":{"rendered":"D\u00eda de la Santa Cruz y de los alba\u00f1iles #NoticiasESCAT #ARQ #ICI"},"content":{"rendered":"<p style=\"text-align:justify;\"><img loading=\"lazy\" class=\" size-full wp-image-17792 alignright\" src=\"https:\/\/dicaduninter.files.wordpress.com\/2018\/05\/escat-1.png\" alt=\"ESCAT 1\" width=\"230\" height=\"96\" \/><\/p>\n<p>&nbsp;<br \/>\n&nbsp;<br \/>\n&nbsp;<\/p>\n<p style=\"text-align:justify;\">El 3 de mayo se celebra el D\u00eda de la Santa Cruz. M\u00e9xico es uno de los lugares donde tiene m\u00e1s arraigo esta celebraci\u00f3n en el sector de la construcci\u00f3n.<\/p>\n<p style=\"text-align:justify;\">Cuando los primeros evangelizadores llegaron a estas tierras, pon\u00edan cruces en las nuevas construcciones de iglesias, conventos y casas de oraci\u00f3n. La desnudez de los maderos no era bien recibida por los oriundos del lugar, por lo que prefirieron pintarlas con colores llamativos y adornarlas con flores y listones.<\/p>\n<p style=\"text-align:justify;\">Esto se sigue haciendo hoy con todo respeto. Cada 3 de mayo, no hay construcci\u00f3n que no tenga fiesta. Todos los trabajadores (alba\u00f1iles, peones, arquitectos, ingenieros) conviven en una comida, posteriormente\u00a0 a la bendici\u00f3n de la cruz junto con sus familias.<\/p>\n<p style=\"text-align:justify;\">Durante su \u00faltimo viaje a este pa\u00eds, el Papa Juan Pablo II bendijo un monumento con el tema de la Santa Cruz. Desde este punto una importante empresa cementera organiza cada a\u00f1o una magna peregrinaci\u00f3n a la Bas\u00edlica de Guadalupe y otra organiza un convivi\u00f3 en el Estadio Azul, de f\u00fatbol.<\/p>\n<p>&nbsp;<br \/>\n<\/p>\n<h5>http:\/\/www.imagenradio.com.mx\/3-de-mayo-dia-de-la-santa-cruz-y-de-los-albaniles<\/h5>\n<p style=\"text-align:right;\"><a href=\"http:\/\/www.universidad.uninter.edu.mx\/\" target=\"_blank\" rel=\"noopener\">Universidad Internacional Uninter<\/a><\/p>\n<p style=\"text-align:right;\"><a href=\"http:\/\/www.universidad.uninter.edu.mx\/carreras\/ARQ\" target=\"_blank\" rel=\"noopener\">Licenciatura en Arquitectura<\/a><\/p>\n<p style=\"text-align:right;\"><a href=\"http:\/\/www.universidad.uninter.edu.mx\/carreras\/ICI\" target=\"_blank\" rel=\"noopener\">Licenciatura en Ingenier\u00eda Civil<\/a><\/p>\n<p style=\"text-align:center;\"><img loading=\"lazy\" class=\"alignnone size-full wp-image-17495\" src=\"https:\/\/dicaduninter.files.wordpress.com\/2018\/04\/4.png\" alt=\"4\" width=\"3242\" height=\"489\" \/><\/p>\n","protected":false},"excerpt":{"rendered":"<p>&nbsp; &nbsp; &nbsp; El 3 de mayo se celebra el D\u00eda de la Santa Cruz. M\u00e9xico es uno de los lugares donde tiene m\u00e1s arraigo esta celebraci\u00f3n en el sector de la construcci\u00f3n. Cuando los primeros evangelizadores llegaron a estas tierras, pon\u00edan cruces en las nuevas construcciones de iglesias, conventos y casas de oraci\u00f3n. La&hellip;<\/p>\n","protected":false},"author":1,"featured_media":17739,"comment_status":"closed","ping_status":"open","sticky":false,"template":"","format":"standard","meta":[],"categories":[4,16,27],"tags":[35,59,60],"_links":{"self":[{"href":"https:\/\/blogs.uninter.edu.mx\/ESCAT2\/index.php?rest_route=\/wp\/v2\/posts\/17738"}],"collection":[{"href":"https:\/\/blogs.uninter.edu.mx\/ESCAT2\/index.php?rest_route=\/wp\/v2\/posts"}],"about":[{"href":"https:\/\/blogs.uninter.edu.mx\/ESCAT2\/index.php?rest_route=\/wp\/v2\/types\/post"}],"author":[{"embeddable":true,"href":"https:\/\/blogs.uninter.edu.mx\/ESCAT2\/index.php?rest_route=\/wp\/v2\/users\/1"}],"replies":[{"embeddable":true,"href":"https:\/\/blogs.uninter.edu.mx\/ESCAT2\/index.php?rest_route=%2Fwp%2Fv2%2Fcomments&post=17738"}],"version-history":[{"count":0,"href":"https:\/\/blogs.uninter.edu.mx\/ESCAT2\/index.php?rest_route=\/wp\/v2\/posts\/17738\/revisions"}],"wp:featuredmedia":[{"embeddable":true,"href":"https:\/\/blogs.uninter.edu.mx\/ESCAT2\/index.php?rest_route=\/wp\/v2\/media\/17739"}],"wp:attachment":[{"href":"https:\/\/blogs.uninter.edu.mx\/ESCAT2\/index.php?rest_route=%2Fwp%2Fv2%2Fmedia&parent=17738"}],"wp:term":[{"taxonomy":"category","embeddable":true,"href":"https:\/\/blogs.uninter.edu.mx\/ESCAT2\/index.php?rest_route=%2Fwp%2Fv2%2Fcategories&post=17738"},{"taxonomy":"post_tag","embeddable":true,"href":"https:\/\/blogs.uninter.edu.mx\/ESCAT2\/index.php?rest_route=%2Fwp%2Fv2%2Ftags&post=17738"}],"curies":[{"name":"wp","href":"https:\/\/api.w.org\/{rel}","templated":true}]}}