{"id":17789,"date":"2018-05-19T23:36:33","date_gmt":"2018-05-20T04:36:33","guid":{"rendered":"http:\/\/escatuninter.blog\/?p=17789"},"modified":"2018-05-19T23:36:33","modified_gmt":"2018-05-20T04:36:33","slug":"produccion-del-primer-auto-electrico-hecho-en-mexico-noticiasescat-imiuninter","status":"publish","type":"post","link":"https:\/\/blogs.uninter.edu.mx\/ESCAT2\/?p=17789","title":{"rendered":"Producci\u00f3n del primer auto el\u00e9ctrico hecho en M\u00e9xico #NoticiasESCAT #IMIUninter"},"content":{"rendered":"<p><a href=\"https:\/\/www.facebook.com\/EscatUninter\/\" target=\"_blank\" rel=\"noopener\"><img loading=\"lazy\" class=\"size-full wp-image-17792 alignright\" src=\"https:\/\/dicaduninter.files.wordpress.com\/2018\/05\/escat-1.png\" alt=\"ESCAT 1\" width=\"230\" height=\"96\" \/><\/a><\/p>\n<p style=\"text-align:left;\">En la zona Parque Industrial de Puebla 2000 de esta entidad se inaugur\u00f3 hoy la planta automotriz en donde la pr\u00f3xima semana iniciar\u00e1 la producci\u00f3n de <a href=\"https:\/\/zacua.com\/\" target=\"_blank\" rel=\"noopener\">Zacua<\/a>, el primer veh\u00edculo el\u00e9ctrico mexicano.<\/p>\n<p style=\"text-align:left;\">Luego del retraso por la reubicaci\u00f3n de la planta tras el sismo de septiembre pasado, se prev\u00e9 que las primeras unidades sean lanzadas al mercado en mayo pr\u00f3ximo. Durante la inauguraci\u00f3n, Jorge Mart\u00ednez Ramos, presidente ejecutivo de Zacua, destac\u00f3 que el primer veh\u00edculo el\u00e9ctrico naci\u00f3 hace 18 a\u00f1os, cuando se pens\u00f3 en las responsabilidades compartidas que tienen las personas, empresas y gobierno por contribuir a reducir los niveles de contaminaci\u00f3n.<\/p>\n<p style=\"text-align:left;\">Abund\u00f3 que la sociedad es quien tiene que construir a las ciudades y es por eso que se decidi\u00f3 iniciar el proyecto Zacua, como una soluci\u00f3n a los problemas de movilidad, m\u00e1s que un producto. Martinez Ramos dijo adem\u00e1s que la producci\u00f3n ser\u00e1 de manera casi artesanal, lo que se busca es que los autos atiendan las necesidades de los clientes, quienes hoy son pocos pero que en el futuro se incrementar\u00e1n. Indic\u00f3 que los veh\u00edculo se ensamblar\u00e1n con 40% de provendr\u00eda local y 60% extrajera; sin embargo la meta para el 1 de diciembre de 2019 es producirlo con proveedur\u00eda 100% local.<\/p>\n<div id=\"attachment_17793\" style=\"width: 1034px\" class=\"wp-caption aligncenter\"><img aria-describedby=\"caption-attachment-17793\" loading=\"lazy\" class=\"size-full wp-image-17793 aligncenter\" src=\"https:\/\/dicaduninter.files.wordpress.com\/2018\/05\/m2-m3.jpg\" alt=\"M2-M3\" width=\"1024\" height=\"298\" \/><p id=\"caption-attachment-17793\" class=\"wp-caption-text\">Zacua M2 y M3<\/p><\/div>\n<p style=\"text-align:left;\">La motorizaci\u00f3n completamente el\u00e9ctrica de Zacua est\u00e1 desarrollada por la empresa Dynamik Technological Alliance con un dise\u00f1o de la firma francesa Chatenet, y posteriormente se buscar\u00e1 que el dise\u00f1o sea totalmente mexicano. Este a\u00f1o se planea producir la serie de lanzamiento de 100 unidades; en 2019 se espera duplicar la producci\u00f3n y as\u00ed ir incrementando paulatinamente hasta llegar a su capacidad potencial de 2,000 unidades al a\u00f1o.<\/p>\n<p style=\"text-align:left;\">La planta contar\u00e1 con cinco estaciones de armado para producir los modelos M2 y M3 de Zacua, un miniauto dise\u00f1ado para quienes transitan por la ciudad, ya que corre hasta 85 kil\u00f3metros por hora. Con el inicio de la operaci\u00f3n de la planta, se crearon 35 nuevos empleos en Puebla; la caracter\u00edstica de esta planta es que el trabajo lo llevan a cabo solo mujeres, quienes ensamblar\u00e1n un veh\u00edculo por d\u00eda.<\/p>\n<p><iframe loading=\"lazy\" width=\"700\" height=\"394\" src=\"https:\/\/www.youtube.com\/embed\/dZiFKBwSpfo?feature=oembed\" frameborder=\"0\" allow=\"accelerometer; autoplay; encrypted-media; gyroscope; picture-in-picture\" allowfullscreen><\/iframe><\/p>\n<h5>Fuente: <a href=\"https:\/\/www.eleconomista.com.mx\/\" target=\"_blank\" rel=\"noopener\">El Economista<\/a><\/h5>\n<p style=\"text-align:right;\"><a href=\"http:\/\/www.universidad.uninter.edu.mx\/\" target=\"_blank\" rel=\"noopener\">Universidad Internacional Uninter<\/a><\/p>\n<p style=\"text-align:right;\"><a href=\"http:\/\/www.universidad.uninter.edu.mx\/carreras\/IMI\" target=\"_blank\" rel=\"noopener\">Ingenier\u00eda Mec\u00e1nica Industrial<\/a><\/p>\n<p style=\"text-align:right;\"><a href=\"http:\/\/www.universidad.uninter.edu.mx\/carreras\/IME\" target=\"_blank\" rel=\"noopener\">Ingenier\u00eda Mecatr\u00f3nica<\/a><\/p>\n<p style=\"text-align:right;\"><a href=\"http:\/\/www.universidad.uninter.edu.mx\/carreras\/IAM\" target=\"_blank\" rel=\"noopener\">Ingenier\u00eda Ambiental<\/a><\/p>\n<p><a href=\"https:\/\/www.uninter.edu.mx\/\" target=\"_blank\" rel=\"noopener\"><img loading=\"lazy\" class=\"size-full wp-image-17584 aligncenter\" src=\"https:\/\/dicaduninter.files.wordpress.com\/2018\/04\/universidad-internacional.png\" alt=\"universidad-internacional\" width=\"700\" height=\"106\" \/><\/a><\/p>\n","protected":false},"excerpt":{"rendered":"<p>En la zona Parque Industrial de Puebla 2000 de esta entidad se inaugur\u00f3 hoy la planta automotriz en donde la pr\u00f3xima semana iniciar\u00e1 la producci\u00f3n de Zacua, el primer veh\u00edculo el\u00e9ctrico mexicano. Luego del retraso por la reubicaci\u00f3n de la planta tras el sismo de septiembre pasado, se prev\u00e9 que las primeras unidades sean lanzadas&hellip;<\/p>\n","protected":false},"author":1,"featured_media":17790,"comment_status":"closed","ping_status":"open","sticky":false,"template":"","format":"standard","meta":[],"categories":[15,21,27],"tags":[35,59,60,201,593,620,1078,1333,1353],"_links":{"self":[{"href":"https:\/\/blogs.uninter.edu.mx\/ESCAT2\/index.php?rest_route=\/wp\/v2\/posts\/17789"}],"collection":[{"href":"https:\/\/blogs.uninter.edu.mx\/ESCAT2\/index.php?rest_route=\/wp\/v2\/posts"}],"about":[{"href":"https:\/\/blogs.uninter.edu.mx\/ESCAT2\/index.php?rest_route=\/wp\/v2\/types\/post"}],"author":[{"embeddable":true,"href":"https:\/\/blogs.uninter.edu.mx\/ESCAT2\/index.php?rest_route=\/wp\/v2\/users\/1"}],"replies":[{"embeddable":true,"href":"https:\/\/blogs.uninter.edu.mx\/ESCAT2\/index.php?rest_route=%2Fwp%2Fv2%2Fcomments&post=17789"}],"version-history":[{"count":0,"href":"https:\/\/blogs.uninter.edu.mx\/ESCAT2\/index.php?rest_route=\/wp\/v2\/posts\/17789\/revisions"}],"wp:featuredmedia":[{"embeddable":true,"href":"https:\/\/blogs.uninter.edu.mx\/ESCAT2\/index.php?rest_route=\/wp\/v2\/media\/17790"}],"wp:attachment":[{"href":"https:\/\/blogs.uninter.edu.mx\/ESCAT2\/index.php?rest_route=%2Fwp%2Fv2%2Fmedia&parent=17789"}],"wp:term":[{"taxonomy":"category","embeddable":true,"href":"https:\/\/blogs.uninter.edu.mx\/ESCAT2\/index.php?rest_route=%2Fwp%2Fv2%2Fcategories&post=17789"},{"taxonomy":"post_tag","embeddable":true,"href":"https:\/\/blogs.uninter.edu.mx\/ESCAT2\/index.php?rest_route=%2Fwp%2Fv2%2Ftags&post=17789"}],"curies":[{"name":"wp","href":"https:\/\/api.w.org\/{rel}","templated":true}]}}