{"id":17849,"date":"2018-06-17T09:10:28","date_gmt":"2018-06-17T14:10:28","guid":{"rendered":"http:\/\/escatuninter.blog\/?p=17849"},"modified":"2018-06-17T09:10:28","modified_gmt":"2018-06-17T14:10:28","slug":"exposicion-idealista-en-el-museo-franz-mayer-noticiasescat-ldguninter","status":"publish","type":"post","link":"https:\/\/blogs.uninter.edu.mx\/ESCAT2\/?p=17849","title":{"rendered":"Exposici\u00f3n &#8220;Idealista&#8221; en el Museo Franz Mayer #NoticiasEscat #LDGUninter"},"content":{"rendered":"<p><a href=\"https:\/\/www.facebook.com\/EscatUninter\/\" target=\"_blank\" rel=\"noopener\"><img loading=\"lazy\" class=\"  wp-image-16842 alignright\" src=\"https:\/\/dicaduninter.files.wordpress.com\/2018\/03\/logo-escat-e1524755082333.png\" alt=\"Logo escat\" width=\"231\" height=\"96\" \/><\/a><br \/>\n&nbsp;<br \/>\n&nbsp;<br \/>\n&nbsp;<\/p>\n<p style=\"text-align:justify;\">La exposici\u00f3n \u201cIDEALISTA. 50 a\u00f1os manifestando dise\u00f1o\u201d, en el Museo Franz Mayer, re\u00fane 50 a\u00f1os de trabajo de uno de los despachos de dise\u00f1o m\u00e1s importantes de M\u00e9xico y Am\u00e9rica Latina: Design Center.<\/p>\n<p>\u201cIDEALISTA. 50 a\u00f1os manifestando dise\u00f1o\u201d estar\u00e1 abierta al publico hasta el 8 de julio en el Franz Mayer.<\/p>\n<p style=\"text-align:justify;\">La exposici\u00f3n se divide en dos secciones, la primera es un recorrido hist\u00f3rico, que re\u00fane varios de los proyectos m\u00e1s reconocidos en medio siglo de existencia, dise\u00f1os y marcas ic\u00f3nicos, algunos que ya han sido redise\u00f1ados, otros de empresas que han dejado de existir, muchos m\u00e1s vigentes y simb\u00f3licos del dise\u00f1o actual, entre ellos, Pemex, Grupo M\u00e9xico, Banco Serf\u00edn, Mexicana, Alpura, Cinemex, Izzi, y muchos.<\/p>\n<div id=\"attachment_18117\" style=\"width: 970px\" class=\"wp-caption aligncenter\"><img aria-describedby=\"caption-attachment-18117\" loading=\"lazy\" class=\"alignnone size-full wp-image-18117\" src=\"https:\/\/dicaduninter.files.wordpress.com\/2018\/06\/16.jpg\" alt=\"Design Center cumple 50 a\u00f1os\" width=\"960\" height=\"537\" \/><p id=\"caption-attachment-18117\" class=\"wp-caption-text\">Design Center cumple 50 a\u00f1os<\/p><\/div>\n<p style=\"text-align:justify;\">Dirigido por Francisco Teuscher, Design Center cumple 50 a\u00f1os de dar identidad a empresas, marcas, productos, ha construido buena parte de la cultura visual de M\u00e9xico.<\/p>\n<div id=\"attachment_18118\" style=\"width: 970px\" class=\"wp-caption alignnone\"><img aria-describedby=\"caption-attachment-18118\" loading=\"lazy\" class=\"alignnone size-full wp-image-18118\" src=\"https:\/\/dicaduninter.files.wordpress.com\/2018\/06\/25.jpg\" alt=\"Design Center cumple 50 a\u00f1os\" width=\"960\" height=\"707\" \/><p id=\"caption-attachment-18118\" class=\"wp-caption-text\">Design Center cumple 50 a\u00f1os<\/p><\/div>\n<p style=\"text-align:justify;\">La segunda parte de la muestra, se titula\u00a0<strong>\u00ab50, su equivalencia y sus derivados\u00bb<\/strong>, donde se re\u00fanen 25 excolaboradores y amigos de Design Center, todos ellos destacados dise\u00f1adores, quienes desarrollaron obras a partir de la palabra \u201cidealista\u201d y el n\u00famero 50.<\/p>\n<p><div id=\"attachment_18119\" style=\"width: 945px\" class=\"wp-caption alignnone\"><img aria-describedby=\"caption-attachment-18119\" loading=\"lazy\" class=\"alignnone size-full wp-image-18119\" src=\"https:\/\/dicaduninter.files.wordpress.com\/2018\/06\/35.jpg\" alt=\"Idealista\" width=\"935\" height=\"1249\" \/><p id=\"caption-attachment-18119\" class=\"wp-caption-text\">Idealista<\/p><\/div><br \/>\n<div id=\"attachment_18120\" style=\"width: 970px\" class=\"wp-caption alignnone\"><img aria-describedby=\"caption-attachment-18120\" loading=\"lazy\" class=\"alignnone size-full wp-image-18120\" src=\"https:\/\/dicaduninter.files.wordpress.com\/2018\/06\/44.jpg\" alt=\"Idealista\" width=\"960\" height=\"694\" \/><p id=\"caption-attachment-18120\" class=\"wp-caption-text\">Idealista<\/p><\/div><\/p>\n<p style=\"text-align:justify;\">Una selecci\u00f3n realizada personalmente por Francisco Touscher, buscando un equilibrio entre la diversidad que ha marcado los proyectos de Design Center. Entre ellos se encuentran Agust\u00edn Gonz\u00e1lez Garza, Bruno Newman, Carlos Alvarado, Daniel Mastretta, Enrique Saavedra, Gonzalo Tassier, Jorge Betancourt, Juan Carlos Fern\u00e1ndez, Ra\u00fal P\u00e9rez-Duarte y Ren\u00e9 Galindo.<\/p>\n<p><div id=\"attachment_18121\" style=\"width: 945px\" class=\"wp-caption alignnone\"><img aria-describedby=\"caption-attachment-18121\" loading=\"lazy\" class=\"alignnone size-full wp-image-18121\" src=\"https:\/\/dicaduninter.files.wordpress.com\/2018\/06\/52.jpg\" alt=\"Idealista\" width=\"935\" height=\"725\" \/><p id=\"caption-attachment-18121\" class=\"wp-caption-text\">Idealista<\/p><\/div><br \/>\n<div id=\"attachment_18122\" style=\"width: 945px\" class=\"wp-caption alignnone\"><img aria-describedby=\"caption-attachment-18122\" loading=\"lazy\" class=\"alignnone size-full wp-image-18122\" src=\"https:\/\/dicaduninter.files.wordpress.com\/2018\/06\/63.jpg\" alt=\"Idealista\" width=\"935\" height=\"654\" \/><p id=\"caption-attachment-18122\" class=\"wp-caption-text\">Idealista<\/p><\/div><\/p>\n<p style=\"text-align:justify;\">\u201cEstos 50 a\u00f1os a\u00f1os de Design Center representan mi vida entera. Me fascina llegar al despacho; no s\u00e9 qu\u00e9 es trabajar, para mi es un gozo. A mi lo que me encanta es estar con mi gente, con mis dise\u00f1adores platicando si el color naranja es mejor que el amarillo; si una tipograf\u00eda funciona mejor que otra, si un concepto es mejor que otro. E so es lo que hago todos los d\u00edas con un equipo\u201d, expresa en entrevista Francisco Touschek.<\/p>\n<p><div id=\"attachment_18123\" style=\"width: 945px\" class=\"wp-caption alignnone\"><img aria-describedby=\"caption-attachment-18123\" loading=\"lazy\" class=\"alignnone size-full wp-image-18123\" src=\"https:\/\/dicaduninter.files.wordpress.com\/2018\/06\/72.jpg\" alt=\"Idealista\" width=\"935\" height=\"623\" \/><p id=\"caption-attachment-18123\" class=\"wp-caption-text\">Idealista<\/p><\/div><br \/>\n<div id=\"attachment_18124\" style=\"width: 970px\" class=\"wp-caption alignnone\"><img aria-describedby=\"caption-attachment-18124\" loading=\"lazy\" class=\"alignnone size-full wp-image-18124\" src=\"https:\/\/dicaduninter.files.wordpress.com\/2018\/06\/82.jpg\" alt=\"Idealista\" width=\"960\" height=\"707\" \/><p id=\"caption-attachment-18124\" class=\"wp-caption-text\">Idealista<\/p><\/div><br \/>\n&nbsp;<\/p>\n<h5>Fuenta:\u00a0<a href=\"http:\/\/a.com.mx\/idealista\/\" target=\"_blank\" rel=\"noopener\">http:\/\/a.com.mx\/idealista\/<\/a><\/h5>\n<p style=\"text-align:right;\"><a href=\"http:\/\/www.universidad.uninter.edu.mx\/\" target=\"_blank\" rel=\"noopener\">Universidad Internacional Uninter<\/a><\/p>\n<p style=\"text-align:right;\"><a href=\"https:\/\/universidad.uninter.edu.mx\/carreras\/LDG\" target=\"_blank\" rel=\"noopener\">Licenciatura en Dise\u00f1o Gr\u00e1fico<\/a><\/p>\n<p><a href=\"https:\/\/www.uninter.edu.mx\/\" target=\"_blank\" rel=\"noopener\"><img loading=\"lazy\" class=\" size-full wp-image-16844 aligncenter\" src=\"https:\/\/dicaduninter.files.wordpress.com\/2018\/03\/universidad-internacional.png\" alt=\"universidad-internacional\" width=\"700\" height=\"106\" \/><\/a><\/p>\n","protected":false},"excerpt":{"rendered":"<p>&nbsp; &nbsp; &nbsp; La exposici\u00f3n \u201cIDEALISTA. 50 a\u00f1os manifestando dise\u00f1o\u201d, en el Museo Franz Mayer, re\u00fane 50 a\u00f1os de trabajo de uno de los despachos de dise\u00f1o m\u00e1s importantes de M\u00e9xico y Am\u00e9rica Latina: Design Center. \u201cIDEALISTA. 50 a\u00f1os manifestando dise\u00f1o\u201d estar\u00e1 abierta al publico hasta el 8 de julio en el Franz Mayer. La&hellip;<\/p>\n","protected":false},"author":1,"featured_media":18116,"comment_status":"closed","ping_status":"open","sticky":false,"template":"","format":"standard","meta":[],"categories":[9,11,27],"tags":[31,35,59,60,689,728,974],"_links":{"self":[{"href":"https:\/\/blogs.uninter.edu.mx\/ESCAT2\/index.php?rest_route=\/wp\/v2\/posts\/17849"}],"collection":[{"href":"https:\/\/blogs.uninter.edu.mx\/ESCAT2\/index.php?rest_route=\/wp\/v2\/posts"}],"about":[{"href":"https:\/\/blogs.uninter.edu.mx\/ESCAT2\/index.php?rest_route=\/wp\/v2\/types\/post"}],"author":[{"embeddable":true,"href":"https:\/\/blogs.uninter.edu.mx\/ESCAT2\/index.php?rest_route=\/wp\/v2\/users\/1"}],"replies":[{"embeddable":true,"href":"https:\/\/blogs.uninter.edu.mx\/ESCAT2\/index.php?rest_route=%2Fwp%2Fv2%2Fcomments&post=17849"}],"version-history":[{"count":0,"href":"https:\/\/blogs.uninter.edu.mx\/ESCAT2\/index.php?rest_route=\/wp\/v2\/posts\/17849\/revisions"}],"wp:featuredmedia":[{"embeddable":true,"href":"https:\/\/blogs.uninter.edu.mx\/ESCAT2\/index.php?rest_route=\/wp\/v2\/media\/18116"}],"wp:attachment":[{"href":"https:\/\/blogs.uninter.edu.mx\/ESCAT2\/index.php?rest_route=%2Fwp%2Fv2%2Fmedia&parent=17849"}],"wp:term":[{"taxonomy":"category","embeddable":true,"href":"https:\/\/blogs.uninter.edu.mx\/ESCAT2\/index.php?rest_route=%2Fwp%2Fv2%2Fcategories&post=17849"},{"taxonomy":"post_tag","embeddable":true,"href":"https:\/\/blogs.uninter.edu.mx\/ESCAT2\/index.php?rest_route=%2Fwp%2Fv2%2Ftags&post=17849"}],"curies":[{"name":"wp","href":"https:\/\/api.w.org\/{rel}","templated":true}]}}