{"id":17856,"date":"2018-06-09T09:27:31","date_gmt":"2018-06-09T14:27:31","guid":{"rendered":"http:\/\/escatuninter.blog\/?p=17856"},"modified":"2018-06-09T09:27:31","modified_gmt":"2018-06-09T14:27:31","slug":"pineda-covalin-simbiosis-del-arte-noticiasescat-ldm-uninter","status":"publish","type":"post","link":"https:\/\/blogs.uninter.edu.mx\/ESCAT2\/?p=17856","title":{"rendered":"Pineda Covalin: simbiosis del arte #NoticiasEscat #LDM #Uninter"},"content":{"rendered":"<p><a href=\"https:\/\/www.facebook.com\/EscatUninter\/\" target=\"_blank\" rel=\"noopener\"><img loading=\"lazy\" class=\" size-full wp-image-16842 alignright\" src=\"https:\/\/dicaduninter.files.wordpress.com\/2018\/03\/logo-escat-e1524755082333.png\" alt=\"Logo escat\" width=\"230\" height=\"91\" \/><\/a><br \/>\n&nbsp;<br \/>\n&nbsp;<br \/>\n&nbsp;<\/p>\n<p style=\"text-align:justify;\">Para esta temporada Oto\u00f1o \u2013 Invierno 2018-19, Pineda Covalin se inspira en un ambiente de contemplaci\u00f3n y reflexi\u00f3n, una meditaci\u00f3n continua de car\u00e1cter filos\u00f3fico, ya sea desde dentro de una biblioteca o bien, desde una galer\u00eda de iluminaci\u00f3n sutil con espacios di\u00e1fanos, que invitan a concentrarse en el discurso de un autor que expresa sus emociones y sus ideas a trav\u00e9s de una obra de arte.<\/p>\n<p style=\"text-align:justify;\">Pineda Covalin, en el marco de MBFWMX presenta su colecci\u00f3n oto\u00f1o\/invierno 2018-2019: Simbiosis del Arte.<\/p>\n<div id=\"attachment_18058\" style=\"width: 970px\" class=\"wp-caption alignnone\"><a href=\"https:\/\/dicaduninter.files.wordpress.com\/2018\/06\/12.jpg\"><img aria-describedby=\"caption-attachment-18058\" loading=\"lazy\" class=\"alignnone size-full wp-image-18058\" src=\"https:\/\/dicaduninter.files.wordpress.com\/2018\/06\/12.jpg\" alt=\"MBFWMX: OTO\u00d1O \/ INVIERNO 2018-19: SIMBIOSIS DEL ARTE\" width=\"960\" height=\"479\" \/><\/a><p id=\"caption-attachment-18058\" class=\"wp-caption-text\">MBFWMX: OTO\u00d1O \/ INVIERNO 2018-19: SIMBIOSIS DEL ARTE<\/p><\/div>\n<p style=\"text-align:justify;\">El proceso creativo se empapa de im\u00e1genes y acontecimientos que suceden en el momento de nuestros sue\u00f1os. Estas im\u00e1genes fascinantes son fuente de inspiraci\u00f3n para los artistas que incorporan elementos irreales y on\u00edricos a su sentir y que quedan plasmados en su arte.<\/p>\n<p style=\"text-align:justify;\">Pineda Covalin nos invita en esta nueva colecci\u00f3n OI 2018-19, a adentrarnos y extasiarnos de colores, formas, texturas, luces, sombras, sensaciones y movimientos.\u00a0 La unificaci\u00f3n entre la moda y el arte una vez m\u00e1s nos empapa e inspira. Ambos mundos han estado vinculados gracias a la fascinaci\u00f3n de la creatividad y la visi\u00f3n que emana de la mente de los creadores. Tal es as\u00ed\u0301, que a lo largo de la historia, el ser humano ha tratado de proyectar sus sentimientos, emociones y experiencias con una finalidad est\u00e9tica y comunicativa, dejando una huella profunda en la memoria colectiva.<\/p>\n<div id=\"attachment_18059\" style=\"width: 970px\" class=\"wp-caption alignnone\"><img aria-describedby=\"caption-attachment-18059\" loading=\"lazy\" class=\"alignnone size-full wp-image-18059\" src=\"https:\/\/dicaduninter.files.wordpress.com\/2018\/06\/22.jpg\" alt=\"MBFWMX: OTO\u00d1O \/ INVIERNO 2018-19: SIMBIOSIS DEL ARTE\" width=\"960\" height=\"540\" \/><p id=\"caption-attachment-18059\" class=\"wp-caption-text\">MBFWMX: OTO\u00d1O \/ INVIERNO 2018-19: SIMBIOSIS DEL ARTE<\/p><\/div>\n<p style=\"text-align:justify;\">Pineda Covalin rindiende homenaje al arte contempor\u00e1neo mexicano. Por lo tanto, evoca emociones, reflexi\u00f3n y belleza donde habita un di\u00e1logo entre cada una de la visi\u00f3n y mundo individual de los artistas, sus t\u00e9cnicas y colorido. Dichas obras se ver\u00e1n reflejada tanto en las prendas, como en las mascadas y corbatas que conforman la colecci\u00f3n OI 2018-19.<\/p>\n<div id=\"attachment_18060\" style=\"width: 970px\" class=\"wp-caption alignnone\"><img aria-describedby=\"caption-attachment-18060\" loading=\"lazy\" class=\"alignnone size-full wp-image-18060\" src=\"https:\/\/dicaduninter.files.wordpress.com\/2018\/06\/32.jpg\" alt=\"MBFWMX: OTO\u00d1O \/ INVIERNO 2018-19: SIMBIOSIS DEL ARTE\" width=\"960\" height=\"479\" \/><p id=\"caption-attachment-18060\" class=\"wp-caption-text\">MBFWMX: OTO\u00d1O \/ INVIERNO 2018-19: SIMBIOSIS DEL ARTE<\/p><\/div>\n<p style=\"text-align:justify;\">Las siluetas de la temporada OI 2018-19, conservan la l\u00ednea caracter\u00edstica de Pineda Covalin, haciendo prendas funcionales y depuradas, de elementos simples y de esp\u00edritu pr\u00e1ctico. Siluetas en l\u00edneas rectas y l\u00e1nguidas que buscan favorecer el cuerpo femenino. Vol\u00famenes inusuales de car\u00e1cter org\u00e1nico con detalles est\u00e9ticos en prendas funcionales y cotidianas de la mujer vanguardista.<\/p>\n<p><div id=\"attachment_18061\" style=\"width: 970px\" class=\"wp-caption alignnone\"><img aria-describedby=\"caption-attachment-18061\" loading=\"lazy\" class=\"alignnone size-full wp-image-18061\" src=\"https:\/\/dicaduninter.files.wordpress.com\/2018\/06\/5.jpg\" alt=\"MBFWMX: OTO\u00d1O \/ INVIERNO 2018-19: SIMBIOSIS DEL ARTE\" width=\"960\" height=\"479\" \/><p id=\"caption-attachment-18061\" class=\"wp-caption-text\">MBFWMX: OTO\u00d1O \/ INVIERNO 2018-19: SIMBIOSIS DEL ARTE<\/p><\/div><br \/>\n&nbsp;<\/p>\n<p style=\"text-align:justify;\">Las prendas tanto masculinas como femeninas de esta colecci\u00f3n tienen una acentuada influencia de los a\u00f1os noventa, en la que la cohesi\u00f3n entre la funcionalidad y la practicidad conforman su\u00a0 esencia. La particularidad destacada de las prendas hace reminiscencia a un estilo desenvuelto.<\/p>\n<p style=\"text-align:justify;\"><img loading=\"lazy\" class=\"alignnone size-full wp-image-18063\" src=\"https:\/\/dicaduninter.files.wordpress.com\/2018\/06\/61.jpg\" alt=\"6\" width=\"960\" height=\"540\" \/><\/p>\n<p style=\"text-align:justify;\">La silueta femenina se caracteriza por su languidez y utilidad. Vestidos con ligeros detalles casuales y aberturas, paneles y cortes, proyectando visualmente rasgos andr\u00f3ginos. Crop tops con amplitudes de cuello dilatado y maxi mangas. En zona inferior encontraremos pantalones de grandes dimensiones, de columna y acampanados, de corte recto, englobados con faldas de estilo geom\u00e9trico. Sweaters, vestidos conformados por tejido de punto y sudaderas oversize, otorgan una propuesta m\u00e1s juvenil.<\/p>\n<p><img loading=\"lazy\" class=\"alignnone size-full wp-image-18064\" src=\"https:\/\/dicaduninter.files.wordpress.com\/2018\/06\/71.jpg\" alt=\"7\" width=\"960\" height=\"479\" \/><br \/>\nEn la silueta masculina encontraremos tambi\u00e9n un estilo distendido presente en abrigos, sacos y chaquetas de estilo minimalista, conformado por cortes amplios, en camisas bordadas, sudaderas y sweaters oversize, siendo f\u00e1ciles de portar y totalmente en tendencia, de un car\u00e1cter sofisticado y un tanto arriesgado pero siempre pr\u00e1ctico y funcional. Se armonizan al acompa\u00f1arlos con pantalones estilo columna y de corte recto tradicional.<br \/>\n<img loading=\"lazy\" class=\"alignnone size-full wp-image-18065\" src=\"https:\/\/dicaduninter.files.wordpress.com\/2018\/06\/81.jpg\" alt=\"8\" width=\"960\" height=\"540\" \/><\/p>\n<p style=\"text-align:justify;\">La colecci\u00f3n OI 2019 est\u00e1 compuesta por prendas que aportan y se destacan por la selecci\u00f3n minuciosa de los\u00a0 materiales seleccionados, los cuales se acent\u00faan suaves pa\u00f1os de lana, finos casimires, al igual que lana, mezclas con poli\u00e9ster, ligeras y brillantes popelinas, que se complementan junto con gabardinas en felpa de algod\u00f3n, tejidos de punto en mezclas de lana, algod\u00f3n, poli\u00e9ster y acr\u00edlicos. Otros materiales relevantes son los crepes, gasas, tafetas y tejidos especialmente t\u00e9cnicos de poli\u00e9ster estampado.<\/p>\n<p><img loading=\"lazy\" class=\"alignnone size-full wp-image-18066\" src=\"https:\/\/dicaduninter.files.wordpress.com\/2018\/06\/91.jpg\" alt=\"9\" width=\"960\" height=\"479\" \/><\/p>\n<p style=\"text-align:justify;\">La paleta de colores compuesta principalmente por el gris y sus definidas escalas, se fusiona de manera complementaria con colores vibrantes. Entre las m\u00e1s destacadas que utilizaremos en esta colecci\u00f3n Oto\u00f1o Invierno de Pineda Covalin se utilizan el rojo persa y el naranja ocre. El ultravioleta, as\u00ed como tambi\u00e9n el color uva son grandes destacados para esta colecci\u00f3n colorida y vibrante. El vis\u00f3n y el rosa viejo se destacar\u00e1n por acentuar detalles entre los estampados caracter\u00edsticos.<\/p>\n<p style=\"text-align:justify;\">La colecci\u00f3n se complementa al buscar encontrar el equilibrio total y concordancia en sus accesorios y complementos, enriquecidos con detalles bordados de gran colorido.<\/p>\n<div id=\"attachment_18062\" style=\"width: 970px\" class=\"wp-caption alignnone\"><img aria-describedby=\"caption-attachment-18062\" loading=\"lazy\" class=\"alignnone size-full wp-image-18062\" src=\"https:\/\/dicaduninter.files.wordpress.com\/2018\/06\/42.jpg\" alt=\"MBFWMX: OTO\u00d1O \/ INVIERNO 2018-19: SIMBIOSIS DEL ARTE\" width=\"960\" height=\"479\" \/><p id=\"caption-attachment-18062\" class=\"wp-caption-text\">MBFWMX: OTO\u00d1O \/ INVIERNO 2018-19: SIMBIOSIS DEL ARTE<\/p><\/div>\n<p style=\"text-align:justify;\">Las maxi bolsas como accesorio fundamental, poseen dimensiones considerables para todo tipo de organizaci\u00f3n y objetos de personalizaci\u00f3n \u00edntima, traslad\u00e1ndolo en hombros, manos, cruzado, y de muchas variantes de formas poco convencionales pero atractivas, en alternativos colores con detalles estampados.<\/p>\n<p style=\"text-align:justify;\">Respecto a la joyer\u00eda de esta nueva temporada, se destacan minimalistas, figuras estructuralmente geom\u00e9tricas, entrelazadas, cortes rectos, planos y exactos. Mayormente empleadas\u00a0 tanto de d\u00eda como de noche. Sus creaciones son fabricadas con los colores de los metales m\u00e1s importantes como el oro, la plata y el cobre. Sus dise\u00f1os son peque\u00f1os, pero destacados\u00a0 y utilizan muy pocas piedras.<\/p>\n<p style=\"text-align:justify;\"><strong>Estampados<\/strong><\/p>\n<p style=\"text-align:justify;\">Finalmente, los estampados de esta colecci\u00f3n se han realizado con las obras de los artistas mexicanos, Lourdes Almeida Chu Huiini, Japane, Fernando Sama y Ricardo Alem\u00e1n. Como punto\u00a0 de cohesi\u00f3n de todos los estampados hemos desarrollado un estampado especial llamado \u201cSelva de Insectos\u201d(Estampado de marcado car\u00e1cter nocturno como una enso\u00f1aci\u00f3n que invita a la introspecci\u00f3n y reflexi\u00f3n).<\/p>\n<h5>Fuente:\u00a0<a href=\"https:\/\/www.pinedacovalin.com\/\" target=\"_blank\" rel=\"noopener\">www.pinedacovalin.com<\/a><\/h5>\n<p style=\"text-align:right;\"><a href=\"http:\/\/www.universidad.uninter.edu.mx\/\" target=\"_blank\" rel=\"noopener\">Universidad Internacional Uninter<\/a><\/p>\n<p style=\"text-align:right;\"><a href=\"https:\/\/universidad.uninter.edu.mx\/carreras\/LDM\" target=\"_blank\" rel=\"noopener\">Licenciatura en Dise\u00f1o de Modas y Tendencias Internacionales<\/a><\/p>\n<p><a href=\"https:\/\/www.uninter.edu.mx\/\" target=\"_blank\" rel=\"noopener\"><img loading=\"lazy\" class=\" size-full wp-image-16844 aligncenter\" src=\"https:\/\/dicaduninter.files.wordpress.com\/2018\/03\/universidad-internacional.png\" alt=\"universidad-internacional\" width=\"700\" height=\"106\" \/><\/a><\/p>\n","protected":false},"excerpt":{"rendered":"<p>&nbsp; &nbsp; &nbsp; Para esta temporada Oto\u00f1o \u2013 Invierno 2018-19, Pineda Covalin se inspira en un ambiente de contemplaci\u00f3n y reflexi\u00f3n, una meditaci\u00f3n continua de car\u00e1cter filos\u00f3fico, ya sea desde dentro de una biblioteca o bien, desde una galer\u00eda de iluminaci\u00f3n sutil con espacios di\u00e1fanos, que invitan a concentrarse en el discurso de un autor&hellip;<\/p>\n","protected":false},"author":1,"featured_media":18057,"comment_status":"closed","ping_status":"open","sticky":false,"template":"","format":"standard","meta":[],"categories":[8,11,27],"tags":[31,35,54,60,181,918,1220],"_links":{"self":[{"href":"https:\/\/blogs.uninter.edu.mx\/ESCAT2\/index.php?rest_route=\/wp\/v2\/posts\/17856"}],"collection":[{"href":"https:\/\/blogs.uninter.edu.mx\/ESCAT2\/index.php?rest_route=\/wp\/v2\/posts"}],"about":[{"href":"https:\/\/blogs.uninter.edu.mx\/ESCAT2\/index.php?rest_route=\/wp\/v2\/types\/post"}],"author":[{"embeddable":true,"href":"https:\/\/blogs.uninter.edu.mx\/ESCAT2\/index.php?rest_route=\/wp\/v2\/users\/1"}],"replies":[{"embeddable":true,"href":"https:\/\/blogs.uninter.edu.mx\/ESCAT2\/index.php?rest_route=%2Fwp%2Fv2%2Fcomments&post=17856"}],"version-history":[{"count":0,"href":"https:\/\/blogs.uninter.edu.mx\/ESCAT2\/index.php?rest_route=\/wp\/v2\/posts\/17856\/revisions"}],"wp:featuredmedia":[{"embeddable":true,"href":"https:\/\/blogs.uninter.edu.mx\/ESCAT2\/index.php?rest_route=\/wp\/v2\/media\/18057"}],"wp:attachment":[{"href":"https:\/\/blogs.uninter.edu.mx\/ESCAT2\/index.php?rest_route=%2Fwp%2Fv2%2Fmedia&parent=17856"}],"wp:term":[{"taxonomy":"category","embeddable":true,"href":"https:\/\/blogs.uninter.edu.mx\/ESCAT2\/index.php?rest_route=%2Fwp%2Fv2%2Fcategories&post=17856"},{"taxonomy":"post_tag","embeddable":true,"href":"https:\/\/blogs.uninter.edu.mx\/ESCAT2\/index.php?rest_route=%2Fwp%2Fv2%2Ftags&post=17856"}],"curies":[{"name":"wp","href":"https:\/\/api.w.org\/{rel}","templated":true}]}}