{"id":17862,"date":"2018-06-29T08:09:49","date_gmt":"2018-06-29T13:09:49","guid":{"rendered":"http:\/\/escatuninter.blog\/?p=17862"},"modified":"2018-06-29T08:09:49","modified_gmt":"2018-06-29T13:09:49","slug":"cumbre-infonavit-2018-noticias-escat-arquninter-iciuninter","status":"publish","type":"post","link":"https:\/\/blogs.uninter.edu.mx\/ESCAT2\/?p=17862","title":{"rendered":"Cumbre Infonavit 2018 #NoticiasESCAT #ARQUninter #ICIUninter"},"content":{"rendered":"<p><a href=\"https:\/\/www.facebook.com\/EscatUninter\/\" target=\"_blank\" rel=\"noopener\"><img loading=\"lazy\" class=\"  wp-image-17792 alignright\" src=\"https:\/\/dicaduninter.files.wordpress.com\/2018\/05\/escat-1.png\" alt=\"ESCAT 1\" width=\"230\" height=\"96\" \/><\/a><br \/>\n&nbsp;<br \/>\n&nbsp;<br \/>\n&nbsp;<\/p>\n<p style=\"text-align:justify;\">El d\u00eda 3 y\u00a0 4 de mayo se llevo acabo\u00a0 la Cumbre Infonavit, nuestro representante de la Universidad Internacional Uninter, fue el Dr. Jorge S\u00e1nchez Becerril, quien comenta que se trato de los siguientes temas:<\/p>\n<ol>\n<li style=\"text-align:justify;\">Vivienda sustentable<\/li>\n<li style=\"text-align:justify;\">Acceso a la vivienda con cr\u00e9dito de los trabajadores<\/li>\n<li style=\"text-align:justify;\">Dise\u00f1o de vivienda con participaci\u00f3n de poblaciones ind\u00edgenas (m\u00e9todo de dise\u00f1o participativo)<\/li>\n<li style=\"text-align:justify;\">Nuevos sistemas constructivos<\/li>\n<li style=\"text-align:justify;\">Nuevos m\u00e9todos de selecci\u00f3n de candidatos a obtenci\u00f3n de vivienda<\/li>\n<li style=\"text-align:justify;\">Sistemas de tratamiento de desechos (Planes estrat\u00e9gicos para el manejo de desechos org\u00e1nicos urbanos)<br \/>\n<div id=\"attachment_17894\" style=\"width: 1042px\" class=\"wp-caption alignnone\"><img aria-describedby=\"caption-attachment-17894\" loading=\"lazy\" class=\"alignnone size-full wp-image-17894\" src=\"https:\/\/dicaduninter.files.wordpress.com\/2018\/05\/33468423_1807069786005460_1274880914907725824_n.jpg\" alt=\"33468423_1807069786005460_1274880914907725824_n\" width=\"1032\" height=\"581\" \/><p id=\"caption-attachment-17894\" class=\"wp-caption-text\">Cumbre Infonavit<\/p><\/div><\/li>\n<\/ol>\n<p style=\"text-align:justify;\">En la cumbre estuvieron varios representantes de proyectos internacionales que expusieron temas clave para el desarrollo de los nuevos n\u00facleos de habitaci\u00f3n en M\u00e9xico\u00a0 por ejemplo:<\/p>\n<ul style=\"text-align:justify;\">\n<li style=\"text-align:justify;\">Premio Nobel de F\u00edsica Finn Kydland Expuso modelos Matem\u00e1ticos para el manejo de la econom\u00eda urbana.<\/li>\n<li style=\"text-align:justify;\">Jefrey sachs Director del Earth Institute de la universidad de Columbia expuso loes modelos de integraci\u00f3n de comunidades marginales a nuevas zonas urbanas sostenibles<\/li>\n<li style=\"text-align:justify;\">El despacho al borde arquitectos formados por muy j\u00f3venes arquitectos ecuatorianos mostraron modelos arquitect\u00f3nicos dise\u00f1ados con poblaciones rurales de Per\u00fa y ecuador<\/li>\n<li style=\"text-align:justify;\">Desp\u00e1cho Oma de rotterden holanda mostraron su obra a lo largo de 10 a\u00f1os que les vali\u00f3 el premio pritzker<\/li>\n<\/ul>\n<p style=\"text-align:justify;\">Todas las ponencias abrieron perspectivas para los arquitectos y urbanistas que trabajamos en la formaci\u00f3n de estudiantes cr\u00edticos y conscientes en el tema de la vivienda sustentable y de las ciudades inteligentes.<\/p>\n<p style=\"text-align:justify;\">Algunas experiencias son conocidas en M\u00e9xico como igual o mejor rendimiento que las presentadas en la cumbre lamentablemente por falta de promoci\u00f3n mucho de los trabajos acad\u00e9micos y profesionales se quedan en las escuelas o despachos.<\/p>\n<p style=\"text-align:justify;\">Esperemos pronto presentar un catalogo de obras pensadas y dise\u00f1adas por estudiantes de la UNINTER y entrar a los futuros concursos internacionales como la bienal de Venecia.<\/p>\n<p><br \/>\n&nbsp;<\/p>\n<p style=\"text-align:right;\"><a href=\"https:\/\/universidad.uninter.edu.mx\/\" target=\"_blank\" rel=\"noopener\">Universidad Internacional Uninter<\/a><\/p>\n<p style=\"text-align:right;\"><a href=\"https:\/\/universidad.uninter.edu.mx\/carreras\/ARQ\" target=\"_blank\" rel=\"noopener\">Licenciatura en Arquitectura<\/a><\/p>\n<p style=\"text-align:right;\"><a href=\"https:\/\/universidad.uninter.edu.mx\/carreras\/ICI\" target=\"_blank\" rel=\"noopener\">Ingenier\u00eda Civil<\/a><\/p>\n<p><a href=\"https:\/\/www.uninter.edu.mx\/\" target=\"_blank\" rel=\"noopener\"><img loading=\"lazy\" class=\" size-full wp-image-16844 aligncenter\" src=\"https:\/\/dicaduninter.files.wordpress.com\/2018\/03\/universidad-internacional.png\" alt=\"universidad-internacional\" width=\"700\" height=\"106\" \/><\/a><\/p>\n","protected":false},"excerpt":{"rendered":"<p>&nbsp; &nbsp; &nbsp; El d\u00eda 3 y\u00a0 4 de mayo se llevo acabo\u00a0 la Cumbre Infonavit , nuestro representante de la Universidad Internacional Uninter fue el Dr. Jorge S\u00e1nchez Becerril, quien comenta que se trato de los siguientes temas: Vivienda sustentable Acceso a la vivienda con cr\u00e9dito de los trabajadores Dise\u00f1o de vivienda con participaci\u00f3n&hellip;<\/p>\n","protected":false},"author":1,"featured_media":17982,"comment_status":"closed","ping_status":"open","sticky":false,"template":"","format":"standard","meta":[],"categories":[4,16,27],"tags":[35,60,859],"_links":{"self":[{"href":"https:\/\/blogs.uninter.edu.mx\/ESCAT2\/index.php?rest_route=\/wp\/v2\/posts\/17862"}],"collection":[{"href":"https:\/\/blogs.uninter.edu.mx\/ESCAT2\/index.php?rest_route=\/wp\/v2\/posts"}],"about":[{"href":"https:\/\/blogs.uninter.edu.mx\/ESCAT2\/index.php?rest_route=\/wp\/v2\/types\/post"}],"author":[{"embeddable":true,"href":"https:\/\/blogs.uninter.edu.mx\/ESCAT2\/index.php?rest_route=\/wp\/v2\/users\/1"}],"replies":[{"embeddable":true,"href":"https:\/\/blogs.uninter.edu.mx\/ESCAT2\/index.php?rest_route=%2Fwp%2Fv2%2Fcomments&post=17862"}],"version-history":[{"count":0,"href":"https:\/\/blogs.uninter.edu.mx\/ESCAT2\/index.php?rest_route=\/wp\/v2\/posts\/17862\/revisions"}],"wp:featuredmedia":[{"embeddable":true,"href":"https:\/\/blogs.uninter.edu.mx\/ESCAT2\/index.php?rest_route=\/wp\/v2\/media\/17982"}],"wp:attachment":[{"href":"https:\/\/blogs.uninter.edu.mx\/ESCAT2\/index.php?rest_route=%2Fwp%2Fv2%2Fmedia&parent=17862"}],"wp:term":[{"taxonomy":"category","embeddable":true,"href":"https:\/\/blogs.uninter.edu.mx\/ESCAT2\/index.php?rest_route=%2Fwp%2Fv2%2Fcategories&post=17862"},{"taxonomy":"post_tag","embeddable":true,"href":"https:\/\/blogs.uninter.edu.mx\/ESCAT2\/index.php?rest_route=%2Fwp%2Fv2%2Ftags&post=17862"}],"curies":[{"name":"wp","href":"https:\/\/api.w.org\/{rel}","templated":true}]}}