{"id":17913,"date":"2018-06-03T10:33:00","date_gmt":"2018-06-03T15:33:00","guid":{"rendered":"http:\/\/escatuninter.blog\/?p=17913"},"modified":"2018-06-03T10:33:00","modified_gmt":"2018-06-03T15:33:00","slug":"desplazamientos-tanto-terrestres-como-aereos-coche-autonomovolador-noticiasescat-uninter-imeuninter","status":"publish","type":"post","link":"https:\/\/blogs.uninter.edu.mx\/ESCAT2\/?p=17913","title":{"rendered":"Desplazamientos tanto terrestres como a\u00e9reos, coche #aut\u00f3nomovolador #NoticiasESCAT #Uninter #IMEUninter"},"content":{"rendered":"<p><a href=\"https:\/\/www.facebook.com\/EscatUninter\/\" target=\"_blank\" rel=\"noopener\"><img loading=\"lazy\" class=\" size-full wp-image-17792 alignright\" src=\"https:\/\/dicaduninter.files.wordpress.com\/2018\/05\/escat-1.png\" alt=\"ESCAT 1\" width=\"230\" height=\"96\" \/><\/a><br \/>\n&nbsp;<br \/>\n&nbsp;<br \/>\nEn el sal\u00f3n de nuevas tecnolog\u00edas Viva Tech que se celebr\u00f3 del 24 &#8211; 26 de mayo en Par\u00eds, una maqueta a tama\u00f1o real atra\u00eda buena parte de la atenci\u00f3n, la del <em>Pop Up Next<\/em>.<br \/>\n<div id=\"attachment_17923\" style=\"width: 1610px\" class=\"wp-caption alignnone\"><img aria-describedby=\"caption-attachment-17923\" loading=\"lazy\" class=\"alignnone size-full wp-image-17923\" src=\"https:\/\/dicaduninter.files.wordpress.com\/2018\/05\/popupnext2.jpg\" alt=\"Popupnext\" width=\"1600\" height=\"1067\" \/><p id=\"caption-attachment-17923\" class=\"wp-caption-text\">Prototipo: Veh\u00edculo a\u00e9reo &#8211; Audi.<\/p><\/div><br \/>\nEl veh\u00edculo del consorcio europeo Airbus e Italdesign ha sido elaborado, en su \u00faltima versi\u00f3n, junto con Audi y est\u00e1 pensado para desplazamientos tanto terrestres como a\u00e9reos. Lo m\u00e1s llamativo es el dispositivo de dron gigante que se puede acoplar por medio de un anclaje al techo del futurista coche, que se prev\u00e9 pueda ser comercializado en siete o diez a\u00f1os.<br \/>\n<div id=\"attachment_17922\" style=\"width: 1001px\" class=\"wp-caption alignnone\"><img aria-describedby=\"caption-attachment-17922\" loading=\"lazy\" class=\"alignnone size-full wp-image-17922\" src=\"https:\/\/dicaduninter.files.wordpress.com\/2018\/05\/pop-up-next1.jpg\" alt=\"Pop up next1\" width=\"991\" height=\"558\" \/><p id=\"caption-attachment-17922\" class=\"wp-caption-text\">Presentado en Italy Design: Primer Carro el\u00e9ctrico cero-emisi\u00f3n con sistema modular, dise\u00f1ado para resolver congestiones de tr\u00e1fico.<\/p><\/div><br \/>\nLa elecci\u00f3n de Francia para mostrar y hasta desarrollar estos proyectos y prototipos no es casual. El presidente franc\u00e9s, Emmanuel Macron, ha hecho una apuesta firme por los veh\u00edculos aut\u00f3nomos, ya sean los futuristas voladores o los m\u00e1s inmediatos terrestres.<\/p>\n<p style=\"text-align:right;\"><a href=\"https:\/\/www.uninter.edu.mx\/\" target=\"_blank\" rel=\"noopener\">Universidad Internacional<\/a><\/p>\n<p style=\"text-align:right;\"><a href=\"https:\/\/universidad.uninter.edu.mx\/carreras\/IME\" target=\"_blank\" rel=\"noopener\">Ingenier\u00eda en Mecatr\u00f3nica en Uninter.<\/a><\/p>\n<h5><a href=\"https:\/\/elpais.com\/tecnologia\/2018\/05\/26\/actualidad\/1527324758_301127.html\" target=\"_blank\" rel=\"noopener\">Fuente: El Pa\u00eds.\u00a0<\/a><\/h5>\n<h5><a href=\"https:\/\/www.uninter.edu.mx\/\" target=\"_blank\" rel=\"noopener\"><br \/>\n<img loading=\"lazy\" class=\" size-full wp-image-17584 aligncenter\" src=\"https:\/\/dicaduninter.files.wordpress.com\/2018\/04\/universidad-internacional.png\" alt=\"universidad-internacional\" width=\"700\" height=\"106\" \/><\/a><\/h5>\n","protected":false},"excerpt":{"rendered":"<p>&nbsp; &nbsp; En el sal\u00f3n de nuevas tecnolog\u00edas Viva Tech que se celebr\u00f3 del 24 &#8211; 26 de mayo en Par\u00eds, una maqueta a tama\u00f1o real atra\u00eda buena parte de la atenci\u00f3n, la del Pop Up Next. El veh\u00edculo del consorcio europeo Airbus e Italdesign ha sido elaborado, en su \u00faltima versi\u00f3n, junto con Audi&hellip;<\/p>\n","protected":false},"author":1,"featured_media":17921,"comment_status":"closed","ping_status":"open","sticky":false,"template":"","format":"standard","meta":[],"categories":[21,27],"tags":[35,59,60,98,354,1485,1637],"_links":{"self":[{"href":"https:\/\/blogs.uninter.edu.mx\/ESCAT2\/index.php?rest_route=\/wp\/v2\/posts\/17913"}],"collection":[{"href":"https:\/\/blogs.uninter.edu.mx\/ESCAT2\/index.php?rest_route=\/wp\/v2\/posts"}],"about":[{"href":"https:\/\/blogs.uninter.edu.mx\/ESCAT2\/index.php?rest_route=\/wp\/v2\/types\/post"}],"author":[{"embeddable":true,"href":"https:\/\/blogs.uninter.edu.mx\/ESCAT2\/index.php?rest_route=\/wp\/v2\/users\/1"}],"replies":[{"embeddable":true,"href":"https:\/\/blogs.uninter.edu.mx\/ESCAT2\/index.php?rest_route=%2Fwp%2Fv2%2Fcomments&post=17913"}],"version-history":[{"count":0,"href":"https:\/\/blogs.uninter.edu.mx\/ESCAT2\/index.php?rest_route=\/wp\/v2\/posts\/17913\/revisions"}],"wp:featuredmedia":[{"embeddable":true,"href":"https:\/\/blogs.uninter.edu.mx\/ESCAT2\/index.php?rest_route=\/wp\/v2\/media\/17921"}],"wp:attachment":[{"href":"https:\/\/blogs.uninter.edu.mx\/ESCAT2\/index.php?rest_route=%2Fwp%2Fv2%2Fmedia&parent=17913"}],"wp:term":[{"taxonomy":"category","embeddable":true,"href":"https:\/\/blogs.uninter.edu.mx\/ESCAT2\/index.php?rest_route=%2Fwp%2Fv2%2Fcategories&post=17913"},{"taxonomy":"post_tag","embeddable":true,"href":"https:\/\/blogs.uninter.edu.mx\/ESCAT2\/index.php?rest_route=%2Fwp%2Fv2%2Ftags&post=17913"}],"curies":[{"name":"wp","href":"https:\/\/api.w.org\/{rel}","templated":true}]}}