{"id":17925,"date":"2018-05-30T15:53:28","date_gmt":"2018-05-30T20:53:28","guid":{"rendered":"http:\/\/escatuninter.blog\/?p=17925"},"modified":"2018-05-30T15:53:28","modified_gmt":"2018-05-30T20:53:28","slug":"reunion-con-estudiantes-proximos-a-terminar-su-carrera-escat-egresadosuninter","status":"publish","type":"post","link":"https:\/\/blogs.uninter.edu.mx\/ESCAT2\/?p=17925","title":{"rendered":"Reuni\u00f3n con estudiantes pr\u00f3ximos a terminar su carrera #ESCAT #EgresadosUninter"},"content":{"rendered":"<p><a href=\"https:\/\/www.facebook.com\/EscatUninter\/\" target=\"_blank\" rel=\"noopener\"><img loading=\"lazy\" class=\"  wp-image-17494 alignright\" src=\"https:\/\/dicaduninter.files.wordpress.com\/2018\/04\/escat-1.png\" alt=\"ESCAT 1\" width=\"159\" height=\"63\" \/><\/a><br \/>\n&nbsp;<br \/>\n&nbsp;<br \/>\n<div id=\"attachment_17926\" style=\"width: 5194px\" class=\"wp-caption alignnone\"><img aria-describedby=\"caption-attachment-17926\" loading=\"lazy\" class=\"alignnone size-full wp-image-17926\" src=\"https:\/\/dicaduninter.files.wordpress.com\/2018\/05\/img_0331.jpg\" alt=\"Egresados ESCAT\" width=\"5184\" height=\"3456\" \/><p id=\"caption-attachment-17926\" class=\"wp-caption-text\">Egresados ESCAT<\/p><\/div><br \/>\n&nbsp;<\/p>\n<p style=\"text-align:justify;\">El d\u00eda de hoy mi\u00e9rcoles 30 de mayo del presente a\u00f1o a las 10:00 horas en las instalaciones de la <a href=\"https:\/\/universidad.uninter.edu.mx\/\" target=\"_blank\" rel=\"noopener\">Universidad Internacional<\/a> se llev\u00f3 a cabo la reuni\u00f3n que al concluir cada ciclo se planea, con la finalidad de brindarles informaci\u00f3n oportuna as\u00ed como despedirlos con orgullo por ese gran esfuerzo que se ve culminado en la gran satisfacci\u00f3n obtenida al terminar su carrera.<\/p>\n\n<p style=\"text-align:justify;\">Se cont\u00f3 con la presencia de la Directora de la ESCAT, la Mtra. Mary Carmen Hern\u00e1ndez Gatica, el Director de Ingenier\u00edas, el Ing. Hilkar Mej\u00eda Gonz\u00e1lez, as\u00ed como tambi\u00e9n asistieron por parte de la Direcci\u00f3n de Servicios Escolares, la Lic. Miriam Urz\u00faa y la Lic. Nadia Contreras, quienes les proporcionaron a los estudiantes la informaci\u00f3n necesaria para culminar con \u00e9xito su carrera.<\/p>\n<p><div id=\"attachment_17932\" style=\"width: 5194px\" class=\"wp-caption alignnone\"><img aria-describedby=\"caption-attachment-17932\" loading=\"lazy\" class=\"alignnone size-full wp-image-17932\" src=\"https:\/\/dicaduninter.files.wordpress.com\/2018\/05\/img_0263.jpg\" alt=\"Reuni\u00f3n Egresados 4\" width=\"5184\" height=\"3456\" \/><p id=\"caption-attachment-17932\" class=\"wp-caption-text\">Mtra. Mary Carmen Hdez. Gatica e Ing. Hilkar Mej\u00eda Gonz\u00e1lez<\/p><\/div><br \/>\nA dicha reuni\u00f3n se presentaron estudiantes de la <a href=\"https:\/\/escatuninter.blog\/\" target=\"_blank\" rel=\"noopener\">Escuela de Ciencias, Artes y Tecnolog\u00eda<\/a> pertenecientes a las siguientes licenciaturas:<br \/>\n<a href=\"https:\/\/universidad.uninter.edu.mx\/carreras\/LDI\" target=\"_blank\" rel=\"noopener\">Dise\u00f1o Industrial<\/a><br \/>\n<a href=\"https:\/\/universidad.uninter.edu.mx\/carreras\/LDG\" target=\"_blank\" rel=\"noopener\">Dise\u00f1o Gr\u00e1fico<\/a><br \/>\n<a href=\"https:\/\/universidad.uninter.edu.mx\/carreras\/LADD\" target=\"_blank\" rel=\"noopener\">Animaci\u00f3n y Dise\u00f1o Digital<\/a><br \/>\n<a href=\"https:\/\/universidad.uninter.edu.mx\/carreras\/LDM\" target=\"_blank\" rel=\"noopener\">Dise\u00f1o de Modas y Tendencias Internacionales<\/a><br \/>\n<a href=\"https:\/\/universidad.uninter.edu.mx\/carreras\/IME\" target=\"_blank\" rel=\"noopener\">Ingenier\u00eda Mecatr\u00f3nica<\/a><br \/>\n<a href=\"https:\/\/universidad.uninter.edu.mx\/carreras\/IISCA\" target=\"_blank\" rel=\"noopener\">Ingenier\u00eda Industrial y de Sistemas de Calidad<\/a><br \/>\n<a href=\"https:\/\/universidad.uninter.edu.mx\/carreras\/ISC\" target=\"_blank\" rel=\"noopener\">Ingenier\u00eda en Sistemas Computacionales<\/a><br \/>\n<a href=\"https:\/\/universidad.uninter.edu.mx\/carreras\/IAM\" target=\"_blank\" rel=\"noopener\">Ingenier\u00eda Ambiental<\/a><br \/>\n<\/p>\n<p style=\"text-align:justify;\">La Lic. Miriam Urz\u00faa y la Lic. Nadia Contreras explicaron los requisitos para los tr\u00e1mites de certificaci\u00f3n, titulaci\u00f3n y obtenci\u00f3n de c\u00e9dula; y proporcionaron informaci\u00f3n sobre la fotograf\u00eda oficial de generaci\u00f3n y todo lo relacionado con la ceremonia de graduci\u00f3n. A su vez, el Ing. Hilkar Mej\u00eda detall\u00f3 a los estudiantes las distintas opciones de titulaci\u00f3n, as\u00ed como el proceso que deben continuar para concluir oficialmente con sus estudios profesionales.<\/p>\n<div id=\"attachment_17933\" style=\"width: 5194px\" class=\"wp-caption alignnone\"><img aria-describedby=\"caption-attachment-17933\" loading=\"lazy\" class=\"alignnone size-full wp-image-17933\" src=\"https:\/\/dicaduninter.files.wordpress.com\/2018\/05\/img_02731.jpg\" alt=\"Reuni\u00f3n Egresados 6\" width=\"5184\" height=\"3456\" \/><p id=\"caption-attachment-17933\" class=\"wp-caption-text\">Lic. Miriam Urz\u00faa, Servicios Escolares<\/p><\/div>\n<p style=\"text-align:justify;\">Al finalizar la reuni\u00f3n, los j\u00f3venes intercambiaron experiencias sobre aquello que m\u00e1s disfrutaron durante su carrera universitaria, compartieron bocadillos y agradecieron la informaci\u00f3n brindada.<\/p>\n<div id=\"attachment_17939\" style=\"width: 5194px\" class=\"wp-caption alignnone\"><img aria-describedby=\"caption-attachment-17939\" loading=\"lazy\" class=\"alignnone size-full wp-image-17939\" src=\"https:\/\/dicaduninter.files.wordpress.com\/2018\/05\/img_0327.jpg\" alt=\"Reuni\u00f3n Egresados 8\" width=\"5184\" height=\"3456\" \/><p id=\"caption-attachment-17939\" class=\"wp-caption-text\">Egresados ESCAT<\/p><\/div>\n<h2 style=\"text-align:center;\"><strong>\u00a1\u00a1MUCHAS FELICIDADES!!<\/strong><\/h2>\n<p><a href=\"https:\/\/www.uninter.edu.mx\/\" target=\"_blank\" rel=\"noopener\"><img loading=\"lazy\" class=\" size-full wp-image-17584 aligncenter\" src=\"https:\/\/dicaduninter.files.wordpress.com\/2018\/04\/universidad-internacional.png\" alt=\"universidad-internacional\" width=\"700\" height=\"106\" \/><\/a><\/p>\n","protected":false},"excerpt":{"rendered":"<p>&nbsp; &nbsp; &nbsp; El d\u00eda de hoy mi\u00e9rcoles 30 de mayo del presente a\u00f1o a las 10:00 horas en las instalaciones de la Universidad Internacional se llev\u00f3 a cabo la reuni\u00f3n que al concluir cada ciclo se planea, con la finalidad de brindarles informaci\u00f3n oportuna as\u00ed como despedirlos con orgullo por ese gran esfuerzo que&hellip;<\/p>\n","protected":false},"author":1,"featured_media":17926,"comment_status":"closed","ping_status":"open","sticky":false,"template":"","format":"standard","meta":[],"categories":[3,8,9,10,11,15,18,19,21,23],"tags":[35,59,588],"_links":{"self":[{"href":"https:\/\/blogs.uninter.edu.mx\/ESCAT2\/index.php?rest_route=\/wp\/v2\/posts\/17925"}],"collection":[{"href":"https:\/\/blogs.uninter.edu.mx\/ESCAT2\/index.php?rest_route=\/wp\/v2\/posts"}],"about":[{"href":"https:\/\/blogs.uninter.edu.mx\/ESCAT2\/index.php?rest_route=\/wp\/v2\/types\/post"}],"author":[{"embeddable":true,"href":"https:\/\/blogs.uninter.edu.mx\/ESCAT2\/index.php?rest_route=\/wp\/v2\/users\/1"}],"replies":[{"embeddable":true,"href":"https:\/\/blogs.uninter.edu.mx\/ESCAT2\/index.php?rest_route=%2Fwp%2Fv2%2Fcomments&post=17925"}],"version-history":[{"count":0,"href":"https:\/\/blogs.uninter.edu.mx\/ESCAT2\/index.php?rest_route=\/wp\/v2\/posts\/17925\/revisions"}],"wp:featuredmedia":[{"embeddable":true,"href":"https:\/\/blogs.uninter.edu.mx\/ESCAT2\/index.php?rest_route=\/wp\/v2\/media\/17926"}],"wp:attachment":[{"href":"https:\/\/blogs.uninter.edu.mx\/ESCAT2\/index.php?rest_route=%2Fwp%2Fv2%2Fmedia&parent=17925"}],"wp:term":[{"taxonomy":"category","embeddable":true,"href":"https:\/\/blogs.uninter.edu.mx\/ESCAT2\/index.php?rest_route=%2Fwp%2Fv2%2Fcategories&post=17925"},{"taxonomy":"post_tag","embeddable":true,"href":"https:\/\/blogs.uninter.edu.mx\/ESCAT2\/index.php?rest_route=%2Fwp%2Fv2%2Ftags&post=17925"}],"curies":[{"name":"wp","href":"https:\/\/api.w.org\/{rel}","templated":true}]}}