{"id":17966,"date":"2018-06-06T10:26:19","date_gmt":"2018-06-06T15:26:19","guid":{"rendered":"http:\/\/escatuninter.blog\/?p=17966"},"modified":"2018-06-06T10:26:19","modified_gmt":"2018-06-06T15:26:19","slug":"evidencias-de-aprendizaje-noticiasescat-arquninter-iciuninter","status":"publish","type":"post","link":"https:\/\/blogs.uninter.edu.mx\/ESCAT2\/?p=17966","title":{"rendered":"Evidencias de Aprendizaje #NoticiasESCAT #ARQUninter #ICIUninter"},"content":{"rendered":"<p><img loading=\"lazy\" class=\" size-full wp-image-17792 alignright\" src=\"https:\/\/dicaduninter.files.wordpress.com\/2018\/05\/escat-1.png\" alt=\"ESCAT 1\" width=\"230\" height=\"96\" \/><br \/>\n&nbsp;<br \/>\n&nbsp;<br \/>\n&nbsp;<\/p>\n<p style=\"text-align:justify;\">El d\u00eda 29 de Mayo del a\u00f1o en curso los alumnos de Arquitectura e Ingenier\u00eda Civil, Dise\u00f1o Gr\u00e1fico, Dise\u00f1o Industrial y Animaci\u00f3n Digital,\u00a0 realizaron la presentaron de sus evidencias de aprendizaje y los trabajos y proyectos finales\u00a0del ciclo escolar 2018-2, en las instalaciones del Museo la Tallera Siqueiros en la ciudad de Cuernavaca, Morelos.<\/p>\n<p style=\"text-align:justify;\">En dicha presentaci\u00f3n los estudiantes demostraron en los trabajos presentados el esfuerzo, la dedicaci\u00f3n y el desarrollo de este ciclo escolar, con la participaci\u00f3n de los padres de familia, el profesorado, las autoridades de la universidad y el alumnado en un concurrido evento, donde se pudo apreciar la calidad de los aprendizajes obtenidos en las diversas \u00e1reas del conocimiento de las 5 carreras mencionadas.<\/p>\n<p>La inauguraci\u00f3n corri\u00f3 a cargo del Rector de la universidad Ing. Javier Espinoza, quien se mostr\u00f3 complacido con los avances demostrados por los alumnos, por la variedad de los proyectos, la creatividad y en general por la calidad presentada.<br \/>\n<\/p>\n<p style=\"text-align:right;\"><a href=\"https:\/\/universidad.uninter.edu.mx\/\" target=\"_blank\" rel=\"noopener\">Universidad Internacional<\/a><\/p>\n<p style=\"text-align:right;\"><a href=\"https:\/\/universidad.uninter.edu.mx\/carreras\/ARQ\" target=\"_blank\" rel=\"noopener\">Licenciatura Arquitectura<\/a><\/p>\n<p style=\"text-align:right;\"><a href=\"https:\/\/universidad.uninter.edu.mx\/carreras\/ICI\" target=\"_blank\" rel=\"noopener\">Licenciatura Ingenier\u00eda Civil<\/a><\/p>\n<p><img loading=\"lazy\" class=\" size-full wp-image-17584 aligncenter\" src=\"https:\/\/dicaduninter.files.wordpress.com\/2018\/04\/universidad-internacional.png\" alt=\"universidad-internacional\" width=\"700\" height=\"106\" \/><\/p>\n","protected":false},"excerpt":{"rendered":"<p>&nbsp; &nbsp; &nbsp; El d\u00eda 29 de Mayo del a\u00f1o en curso los alumnos de Arquitectura e Ingenier\u00eda Civil, Dise\u00f1o Gr\u00e1fico, Dise\u00f1o Industrial y Animaci\u00f3n Digital,\u00a0 realizaron la presentaron de sus evidencias de aprendizaje y los trabajos y proyectos finales\u00a0del ciclo escolar 2018-2, en las instalaciones del Museo la Tallera Siqueiros en la ciudad de&hellip;<\/p>\n","protected":false},"author":1,"featured_media":18068,"comment_status":"closed","ping_status":"open","sticky":false,"template":"","format":"standard","meta":[],"categories":[4,16,27],"tags":[32,33,138],"_links":{"self":[{"href":"https:\/\/blogs.uninter.edu.mx\/ESCAT2\/index.php?rest_route=\/wp\/v2\/posts\/17966"}],"collection":[{"href":"https:\/\/blogs.uninter.edu.mx\/ESCAT2\/index.php?rest_route=\/wp\/v2\/posts"}],"about":[{"href":"https:\/\/blogs.uninter.edu.mx\/ESCAT2\/index.php?rest_route=\/wp\/v2\/types\/post"}],"author":[{"embeddable":true,"href":"https:\/\/blogs.uninter.edu.mx\/ESCAT2\/index.php?rest_route=\/wp\/v2\/users\/1"}],"replies":[{"embeddable":true,"href":"https:\/\/blogs.uninter.edu.mx\/ESCAT2\/index.php?rest_route=%2Fwp%2Fv2%2Fcomments&post=17966"}],"version-history":[{"count":0,"href":"https:\/\/blogs.uninter.edu.mx\/ESCAT2\/index.php?rest_route=\/wp\/v2\/posts\/17966\/revisions"}],"wp:featuredmedia":[{"embeddable":true,"href":"https:\/\/blogs.uninter.edu.mx\/ESCAT2\/index.php?rest_route=\/wp\/v2\/media\/18068"}],"wp:attachment":[{"href":"https:\/\/blogs.uninter.edu.mx\/ESCAT2\/index.php?rest_route=%2Fwp%2Fv2%2Fmedia&parent=17966"}],"wp:term":[{"taxonomy":"category","embeddable":true,"href":"https:\/\/blogs.uninter.edu.mx\/ESCAT2\/index.php?rest_route=%2Fwp%2Fv2%2Fcategories&post=17966"},{"taxonomy":"post_tag","embeddable":true,"href":"https:\/\/blogs.uninter.edu.mx\/ESCAT2\/index.php?rest_route=%2Fwp%2Fv2%2Ftags&post=17966"}],"curies":[{"name":"wp","href":"https:\/\/api.w.org\/{rel}","templated":true}]}}