{"id":18045,"date":"2018-06-08T14:17:32","date_gmt":"2018-06-08T19:17:32","guid":{"rendered":"http:\/\/escatuninter.blog\/?p=18045"},"modified":"2018-06-08T14:17:32","modified_gmt":"2018-06-08T19:17:32","slug":"dia-mundial-del-medio-ambiente-5-de-junio-noticiasescat-iamuninter","status":"publish","type":"post","link":"https:\/\/blogs.uninter.edu.mx\/ESCAT2\/?p=18045","title":{"rendered":"D\u00eda Mundial del Medio Ambiente: 5 de junio #NoticiasESCAT #IAMUninter"},"content":{"rendered":"<p><a href=\"https:\/\/www.facebook.com\/EscatUninter\/\" target=\"_blank\" rel=\"noopener\"><img loading=\"lazy\" class=\" size-full wp-image-17792 alignright\" src=\"https:\/\/dicaduninter.files.wordpress.com\/2018\/05\/escat-1.png\" alt=\"ESCAT 1\" width=\"230\" height=\"96\" \/><\/a><br \/>\n&nbsp;<br \/>\n&nbsp;<\/p>\n<p style=\"text-align:justify;\">\u00abEl mensaje de este D\u00eda Mundial del Medio Ambiente es simple: rechaza el pl\u00e1stico descartable. Si no puedes reusarlo, reh\u00fasalo. Juntos podemos trazar el camino hacia un planeta m\u00e1s limpio y verde\u00bb. \u2014\u00a0<cite>Ant\u00f3nio Guterres, Secretario General de la ONU<\/cite><\/p>\n<h4>Protejamos nuestro medio ambiente<\/h4>\n<p style=\"text-align:justify;\">El ser humano es a la vez obra y art\u00edfice del medio que lo rodea, el cual le da el sustento material y le brinda la oportunidad de desarrollarse intelectual, moral, social y espiritualmente. En la larga y tortuosa evoluci\u00f3n de la especie humana en este planeta se ha llegado a una etapa en que, gracias a la r\u00e1pida aceleraci\u00f3n de la ciencia y la tecnolog\u00eda, las personas han adquirido el poder de transformar, de innumerables maneras y en una escala sin precedentes, cuanto las rodea.<\/p>\n<p style=\"text-align:justify;\">Las Naciones Unidas, conscientes de que la protecci\u00f3n y el mejoramiento del medio humano es una cuesti\u00f3n fundamental que afecta al bienestar de los pueblos y al desarrollo econ\u00f3mico del mundo entero,\u00a0designaron el 5 de junio\u00a0D\u00eda Mundial del Medio Ambiente. La celebraci\u00f3n de este d\u00eda nos brinda la oportunidad de ampliar las bases de una opini\u00f3n p\u00fablica bien informada y de una conducta de los individuos, de las empresas y de las colectividades inspirada en el sentido de su responsabilidad en cuanto a la conservaci\u00f3n y la mejora del medio. Este d\u00eda ha ido ganando relevancia desde que comenz\u00f3 a celebrarse en 1974 y, ahora, es una plataforma mundial de divulgaci\u00f3n p\u00fablica con amplia repercusi\u00f3n en todo el globo.<\/p>\n<div><\/div>\n<div>\n<div class=\"col-lg-6 un-no-padding\">\n<p style=\"text-align:justify;\">El pa\u00eds anfitri\u00f3n del D\u00eda Mundial del Medio Ambiente, donde tienen lugar las celebraciones oficiales, var\u00eda anualmente. Este a\u00f1o es India.<\/p>\n<p>&nbsp;\n<\/p><\/div>\n<div class=\"col-lg-6\">\n<div class=\"embed-responsive embed-responsive-16by9\">[youtube https:\/\/www.youtube.com\/watch?v=zCNPbHuOO0o?rel=0]<\/div>\n<\/div>\n<div class=\"col-lg-12 un-no-padding\"><\/div>\n<\/div>\n<div>\n<div class=\"col-lg-12 un-no-padding\">\n<h4><\/h4>\n<h4>Si no puedes reusarlo, reh\u00fasalo<\/h4>\n<p style=\"text-align:justify;\">Cada a\u00f1o, el D\u00eda Mundial del Medio Ambiente se organiza en torno a un tema y sirve para centrar la atenci\u00f3n en una cuesti\u00f3n particular apremiante. El tema de este a\u00f1o,\u00a0<strong>Sin Contaminaci\u00f3n Por pl\u00e1stico<\/strong>, hace un llamamiento a la poblaci\u00f3n de todo el mundo en favor de un planeta Sin contaminaci\u00f3n por pl\u00e1sticos. Cada a\u00f1o se vierten en los oc\u00e9anos 8 millones de toneladas de pl\u00e1stico, lo que amenaza la vida marina y humana, y destruye los ecosistemas naturales. El objetivo es concienciar sobre la necesidad de reducir la cantidad de pl\u00e1stico que se vierte en nuestros oc\u00e9anos. La celebraci\u00f3n de este d\u00eda pretende hacernos conscientes de que nosotros mismos podemos cambiar h\u00e1bitos en nuestro d\u00eda a d\u00eda har\u00e1 reducir la pesada carga de la contaminaci\u00f3n de los pl\u00e1sticos en nuestra naturaleza, en nuestra vida silvestre y sobre nuestra propia salud. Si bien es cierto que el pl\u00e1stico tiene diversos usos muy valiosos, dependemos demasiado del pl\u00e1stico de un solo uso o desechable y eso tiene graves consecuencias medioambientales.<\/p>\n<p><div id=\"attachment_18047\" style=\"width: 1210px\" class=\"wp-caption alignnone\"><img aria-describedby=\"caption-attachment-18047\" loading=\"lazy\" class=\"alignnone size-full wp-image-18047\" src=\"https:\/\/dicaduninter.files.wordpress.com\/2018\/06\/sabc3adas-que.gif\" alt=\"Sab\u00edas que...\" width=\"1200\" height=\"165\" \/><p id=\"caption-attachment-18047\" class=\"wp-caption-text\">Sab\u00edas que&#8230;<\/p><\/div>\n<\/div>\n<\/div>\n<h5>Fuente: <a href=\"http:\/\/www.un.org\/es\/events\/environmentday\/index.shtml\" target=\"_blank\" rel=\"noopener\">ONU Medio Ambiente<\/a><\/h5>\n<p style=\"text-align:right;\"><a href=\"https:\/\/universidad.uninter.edu.mx\/\" target=\"_blank\" rel=\"noopener\">Universidad Internacional<\/a><\/p>\n<p style=\"text-align:right;\"><a href=\"https:\/\/universidad.uninter.edu.mx\/carreras\/IAM\" target=\"_blank\" rel=\"noopener\">Ingenier\u00eda Ambiental<\/a><\/p>\n<p><a href=\"https:\/\/www.uninter.edu.mx\/\" target=\"_blank\" rel=\"noopener\"><img loading=\"lazy\" class=\"alignnone size-full wp-image-17584\" src=\"https:\/\/dicaduninter.files.wordpress.com\/2018\/04\/universidad-internacional.png\" alt=\"https:\/\/www.uninter.edu.mx\/\" width=\"700\" height=\"106\" \/><\/a><br \/>\n&nbsp;<\/p>\n","protected":false},"excerpt":{"rendered":"<p>&nbsp; &nbsp; \u00abEl mensaje de este D\u00eda Mundial del Medio Ambiente es simple: rechaza el pl\u00e1stico descartable. Si no puedes reusarlo, reh\u00fasalo. Juntos podemos trazar el camino hacia un planeta m\u00e1s limpio y verde\u00bb. \u2014\u00a0Ant\u00f3nio Guterres, Secretario General de la ONU Protejamos nuestro medio ambiente El ser humano es a la vez obra y art\u00edfice&hellip;<\/p>\n","protected":false},"author":1,"featured_media":18046,"comment_status":"closed","ping_status":"open","sticky":false,"template":"","format":"standard","meta":[],"categories":[15,27],"tags":[403,1061,1137,1201,1283,1289,1343],"_links":{"self":[{"href":"https:\/\/blogs.uninter.edu.mx\/ESCAT2\/index.php?rest_route=\/wp\/v2\/posts\/18045"}],"collection":[{"href":"https:\/\/blogs.uninter.edu.mx\/ESCAT2\/index.php?rest_route=\/wp\/v2\/posts"}],"about":[{"href":"https:\/\/blogs.uninter.edu.mx\/ESCAT2\/index.php?rest_route=\/wp\/v2\/types\/post"}],"author":[{"embeddable":true,"href":"https:\/\/blogs.uninter.edu.mx\/ESCAT2\/index.php?rest_route=\/wp\/v2\/users\/1"}],"replies":[{"embeddable":true,"href":"https:\/\/blogs.uninter.edu.mx\/ESCAT2\/index.php?rest_route=%2Fwp%2Fv2%2Fcomments&post=18045"}],"version-history":[{"count":0,"href":"https:\/\/blogs.uninter.edu.mx\/ESCAT2\/index.php?rest_route=\/wp\/v2\/posts\/18045\/revisions"}],"wp:featuredmedia":[{"embeddable":true,"href":"https:\/\/blogs.uninter.edu.mx\/ESCAT2\/index.php?rest_route=\/wp\/v2\/media\/18046"}],"wp:attachment":[{"href":"https:\/\/blogs.uninter.edu.mx\/ESCAT2\/index.php?rest_route=%2Fwp%2Fv2%2Fmedia&parent=18045"}],"wp:term":[{"taxonomy":"category","embeddable":true,"href":"https:\/\/blogs.uninter.edu.mx\/ESCAT2\/index.php?rest_route=%2Fwp%2Fv2%2Fcategories&post=18045"},{"taxonomy":"post_tag","embeddable":true,"href":"https:\/\/blogs.uninter.edu.mx\/ESCAT2\/index.php?rest_route=%2Fwp%2Fv2%2Ftags&post=18045"}],"curies":[{"name":"wp","href":"https:\/\/api.w.org\/{rel}","templated":true}]}}