{"id":18128,"date":"2018-06-14T13:00:28","date_gmt":"2018-06-14T18:00:28","guid":{"rendered":"http:\/\/escatuninter.blog\/?p=18128"},"modified":"2018-06-14T13:00:28","modified_gmt":"2018-06-14T18:00:28","slug":"donde-estamos-con-las-ciudades-inteligentes-en-mexico-noticiasescat-arquninter-iciuninter","status":"publish","type":"post","link":"https:\/\/blogs.uninter.edu.mx\/ESCAT2\/?p=18128","title":{"rendered":"D\u00f3nde estamos con las Ciudades Inteligentes en M\u00e9xico #NoticiasESCAT #ARQUninter #ICIUninter"},"content":{"rendered":"<p><img loading=\"lazy\" class=\" size-full wp-image-18086 alignright\" src=\"https:\/\/dicaduninter.files.wordpress.com\/2018\/06\/logo-escat.png\" alt=\"logo-escat\" width=\"230\" height=\"91\" \/><br \/>\n&nbsp;<br \/>\n&nbsp;<br \/>\n&nbsp;<\/p>\n<p style=\"text-align:center;\"><strong>Foro de Conferencias Sobre El Uso de la Digitalizaci\u00f3n y el BIG DATA para las Ciudades de M\u00e9xico<\/strong><\/p>\n<p style=\"text-align:justify;\">El d\u00eda 5 de Junio tuvo lugar el ciclo de conferencias sobre Digitalizaci\u00f3n, BIG DATA y Ciudades Inteligentes, el evento tuvo lugar en el piso 51 de la torre mayor de la CDMX.<\/p>\n<p style=\"text-align:justify;\">La tem\u00e1tica de las conferencias giro alrededor de las ciudades como Hubs de Innovaci\u00f3n que tienen el potencial de impulsar el crecimiento de M\u00e9xico al concentrar y utilizar la informaci\u00f3n que arrojan, para dise\u00f1ar y desarrollar Ciudades Inteligentes.<\/p>\n<p style=\"text-align:justify;\">La conferencia sobre &#8220;BIG DATA y Ciudades Inteligentes&#8221; en su experiencia Fineza-N\u00f3rdica estuvo a cargo de Anitti Knuuti, Director de Smart Cities y del centro Finland\u00e9s para la investigaci\u00f3n tecnol\u00f3gica.<\/p>\n<p style=\"text-align:justify;\">El Embajador de Finlandia en M\u00e9xico, Sr. Roy Eriksson expuso las ventajas del desarrollo tecnol\u00f3gico en la soluci\u00f3n de problemas urbanos en Finlandia.<\/p>\n<p style=\"text-align:justify;\">El cap\u00edtulo de &#8220;Emprendedores y Ciudades Inteligentes estuvo a cargo de Vanesa Ruiz Alba, representante de la empresa MY BOSS\u00a0 y el proyecto de una nueva APP llamado &#8220;Mi Colonia&#8221; estuvo a cargo de Alejandro Novoa.<\/p>\n<p style=\"text-align:justify;\">El panel de debate sobre &#8220;\u00bfQu\u00e9 tan digital son la ciudades en M\u00e9xico? Retos y Oportunidades&#8221; estuvo a cargo de Sandra Barr\u00f3n, Head of Digital Solutions and Innovation, participaron tambi\u00e9n Laura Ballesteros experta en movilidad y ex sub-Secretar\u00eda de Movilidad de la CDMX, tambi\u00e9n particip\u00f3 Alejandro Tinoco, Director de Future Cities &amp; Public Safety Director, Diego Sancho Gastelum Ejecutivo de Chief City de la Empresa CIEMENS.<\/p>\n<p style=\"text-align:justify;\">El panel de debate sobre &#8220;Datos Abiertos y Laboratorios Urbanos. Detonadores de Innovaci\u00f3n Urbana&#8221; participaron: Humberto Olivo fundador de Smart Cities Exchages, tambi\u00e9n participaron Alejandro Echeverr\u00eda Director de Open Data Instituto Ch\u00e1rter de M\u00e9xico; Alfredo Hidalgo Rasmussen, Decano de Posgrados y Educaci\u00f3n continua de la escuela de Arquitectura y Dise\u00f1o del Tec de Monterrey; Pablo G. Lascurain particip\u00f3 junto con Gerardo de la Pe\u00f1a como representantes de las empresas Intrino, Start Up, Greend Latamp y Partner Disrutive Gov. Labs y el Dr. Jorge S\u00e1nchez Becerril.<\/p>\n<p>&nbsp;<br \/>\n<\/p>\n<p style=\"text-align:justify;\">El contenido de las conferencias fue enriquecido por los ejemplos internacionales que aportaron los especialistas de Finlandia y los j\u00f3venes empresarios de varias universidades de M\u00e9xico incluyendo UNINTER, en un futuro pr\u00f3ximo editaremos las ponencias de los participantes.<\/p>\n<p style=\"text-align:right;\"><a href=\"https:\/\/universidad.uninter.edu.mx\/\" target=\"_blank\" rel=\"noopener\">Universidad Internacional<\/a><\/p>\n<p style=\"text-align:right;\"><a href=\"https:\/\/universidad.uninter.edu.mx\/carreras\/ARQ\" target=\"_blank\" rel=\"noopener\">Licenciatura en Arquitectura<\/a><\/p>\n<p style=\"text-align:right;\"><a href=\"https:\/\/universidad.uninter.edu.mx\/carreras\/ICI\" target=\"_blank\" rel=\"noopener\">Licenciatura en Ingenier\u00eda Civil<\/a><\/p>\n<p><a href=\"https:\/\/universidad.uninter.edu.mx\/\" target=\"_blank\" rel=\"noopener\"><img loading=\"lazy\" class=\"alignnone size-full wp-image-18085\" src=\"https:\/\/dicaduninter.files.wordpress.com\/2018\/06\/universidad-internacional.png\" alt=\"Universidad Internacional\" width=\"700\" height=\"106\" \/><\/a><\/p>\n","protected":false},"excerpt":{"rendered":"<p>&nbsp; &nbsp; &nbsp; Foro de Conferencias Sobre El Uso de la Digitalizaci\u00f3n y el BIG DATA para las Ciudades de M\u00e9xico El d\u00eda 5 de Junio tuvo lugar el ciclo de conferencias sobre Digitalizaci\u00f3n, BIG DATA y Ciudades Inteligentes, el evento tuvo lugar en el piso 51 de la torre mayor de la CDMX. La&hellip;<\/p>\n","protected":false},"author":1,"featured_media":18175,"comment_status":"closed","ping_status":"open","sticky":false,"template":"","format":"standard","meta":[],"categories":[4,16,23,27],"tags":[35,59,529,611,881,1535],"_links":{"self":[{"href":"https:\/\/blogs.uninter.edu.mx\/ESCAT2\/index.php?rest_route=\/wp\/v2\/posts\/18128"}],"collection":[{"href":"https:\/\/blogs.uninter.edu.mx\/ESCAT2\/index.php?rest_route=\/wp\/v2\/posts"}],"about":[{"href":"https:\/\/blogs.uninter.edu.mx\/ESCAT2\/index.php?rest_route=\/wp\/v2\/types\/post"}],"author":[{"embeddable":true,"href":"https:\/\/blogs.uninter.edu.mx\/ESCAT2\/index.php?rest_route=\/wp\/v2\/users\/1"}],"replies":[{"embeddable":true,"href":"https:\/\/blogs.uninter.edu.mx\/ESCAT2\/index.php?rest_route=%2Fwp%2Fv2%2Fcomments&post=18128"}],"version-history":[{"count":0,"href":"https:\/\/blogs.uninter.edu.mx\/ESCAT2\/index.php?rest_route=\/wp\/v2\/posts\/18128\/revisions"}],"wp:featuredmedia":[{"embeddable":true,"href":"https:\/\/blogs.uninter.edu.mx\/ESCAT2\/index.php?rest_route=\/wp\/v2\/media\/18175"}],"wp:attachment":[{"href":"https:\/\/blogs.uninter.edu.mx\/ESCAT2\/index.php?rest_route=%2Fwp%2Fv2%2Fmedia&parent=18128"}],"wp:term":[{"taxonomy":"category","embeddable":true,"href":"https:\/\/blogs.uninter.edu.mx\/ESCAT2\/index.php?rest_route=%2Fwp%2Fv2%2Fcategories&post=18128"},{"taxonomy":"post_tag","embeddable":true,"href":"https:\/\/blogs.uninter.edu.mx\/ESCAT2\/index.php?rest_route=%2Fwp%2Fv2%2Ftags&post=18128"}],"curies":[{"name":"wp","href":"https:\/\/api.w.org\/{rel}","templated":true}]}}