{"id":18152,"date":"2018-07-12T20:05:43","date_gmt":"2018-07-13T01:05:43","guid":{"rendered":"http:\/\/escatuninter.blog\/?p=18152"},"modified":"2018-07-12T20:05:43","modified_gmt":"2018-07-13T01:05:43","slug":"el-first-global-challenge-2018-se-llevara-a-cabo-en-mexico-noticiasescat-imeuninter","status":"publish","type":"post","link":"https:\/\/blogs.uninter.edu.mx\/ESCAT2\/?p=18152","title":{"rendered":"El First Global Challenge 2018 se llevar\u00e1 a cabo en M\u00e9xico #NoticiasESCAT #IMEUninter"},"content":{"rendered":"<p><a href=\"https:\/\/www.facebook.com\/EscatUninter\/\" target=\"_blank\" rel=\"noopener\"><img loading=\"lazy\" class=\" size-full wp-image-18086 alignright\" src=\"https:\/\/dicaduninter.files.wordpress.com\/2018\/06\/logo-escat.png\" alt=\"logo-escat\" width=\"230\" height=\"96\" \/><\/a><br \/>\n&nbsp;<br \/>\n&nbsp;<br \/>\n&nbsp;<\/p>\n<p style=\"text-align:justify;\">Del 15 al 18 de agosto pr\u00f3ximos se realizar\u00e1 en la Ciudad de M\u00e9xico el <a href=\"https:\/\/first.global\/fgc\/\" target=\"_blank\" rel=\"noopener\">First Global Challenge<\/a> 2018, un evento que reunir\u00e1 a j\u00f3venes de m\u00e1s de 160 pa\u00edses para \u201cresolver problemas de eficiencia energ\u00e9tica con robots creados por ellos\u201d, inform\u00f3 este martes Grupo Salinas.<\/p>\n<p style=\"text-align:justify;\">En el encuentro, que se llevar\u00e1 a cabo en la Arena Ciudad de M\u00e9xico, los participantes aplicar\u00e1n sus habilidades tecnol\u00f3gicas en favor de un mejor ambiente, precis\u00f3 en un comunicado la compa\u00f1\u00eda.<\/p>\n<p style=\"text-align:justify;\">First Global es una organizaci\u00f3n sin fines de lucro enfocada a la ciencia, tecnolog\u00eda, ingenier\u00eda y matem\u00e1ticas. La organizaci\u00f3n busca inspirar el liderazgo e innovaci\u00f3n en los j\u00f3venes, en los campos de la ciencia y la tecnolog\u00eda para abordar los problemas m\u00e1s relevantes a nivel global y mejorar la calidad de vida de la sociedad, seg\u00fan el comunicado.<\/p>\n<p style=\"text-align:justify;\">Destac\u00f3 adem\u00e1s que el reto refleja c\u00f3mo la ciencia y la ingenier\u00eda, en un ambiente de cooperaci\u00f3n, comunicaci\u00f3n y trabajo en equipo, pueden lograr acciones trascendentes, y resolver grandes desaf\u00edos que enfrenta la humanidad.<\/p>\n<p style=\"text-align:justify;\">Refiri\u00f3 tambi\u00e9n que en julio de 2017 se realiz\u00f3 la primera edici\u00f3n del First Global Challenge, en la ciudad de Washington, Estados Unidos, en donde los j\u00f3venes compitieron para generar acceso al agua potable. En esa ocasi\u00f3n el equipo mexicano obtuvo el tercer lugar.<\/p>\n<p><iframe loading=\"lazy\" width=\"700\" height=\"394\" src=\"https:\/\/www.youtube.com\/embed\/FPDQhhv11KY?feature=oembed\" frameborder=\"0\" allow=\"accelerometer; autoplay; encrypted-media; gyroscope; picture-in-picture\" allowfullscreen><\/iframe><br \/>\n&nbsp;<\/p>\n<h5>Fuente: <a href=\"https:\/\/expansion.mx\/\" target=\"_blank\" rel=\"noopener\">Expansi\u00f3n<\/a><\/h5>\n<p style=\"text-align:right;\"><a href=\"https:\/\/universidad.uninter.edu.mx\/\" target=\"_blank\" rel=\"noopener\">Universidad Internacional Uninter<\/a><\/p>\n<p style=\"text-align:right;\"><a href=\"https:\/\/universidad.uninter.edu.mx\/carreras\/IME\" target=\"_blank\" rel=\"noopener\">Ingenier\u00eda Mecatr\u00f3nica<\/a><\/p>\n<p style=\"text-align:right;\"><a href=\"https:\/\/universidad.uninter.edu.mx\/carreras\/IAM\" target=\"_blank\" rel=\"noopener\">Ingenier\u00eda Ambiental<\/a><\/p>\n<p style=\"text-align:right;\"><a href=\"https:\/\/universidad.uninter.edu.mx\/carreras\/IMI\" target=\"_blank\" rel=\"noopener\">Ingenier\u00eda Mec\u00e1nica Industrial<\/a><\/p>\n<p style=\"text-align:right;\"><a href=\"https:\/\/universidad.uninter.edu.mx\/carreras\/ISC\" target=\"_blank\" rel=\"noopener\">Ingenier\u00eda en Sistemas Computacionales<\/a><\/p>\n<p><a href=\"https:\/\/www.uninter.edu.mx\/\" target=\"_blank\" rel=\"noopener\"><img loading=\"lazy\" class=\" size-full wp-image-18085 aligncenter\" src=\"https:\/\/dicaduninter.files.wordpress.com\/2018\/06\/universidad-internacional.png\" alt=\"universidad-internacional\" width=\"700\" height=\"106\" \/><\/a><br \/>\n&nbsp;<\/p>\n","protected":false},"excerpt":{"rendered":"<p>&nbsp; &nbsp; &nbsp; Del 15 al 18 de agosto pr\u00f3ximos se realizar\u00e1 en la Ciudad de M\u00e9xico el First Global Challenge 2018, un evento que reunir\u00e1 a j\u00f3venes de m\u00e1s de 160 pa\u00edses para \u201cresolver problemas de eficiencia energ\u00e9tica con robots creados por ellos\u201d, inform\u00f3 este martes Grupo Salinas. En el encuentro, que se llevar\u00e1&hellip;<\/p>\n","protected":false},"author":1,"featured_media":18153,"comment_status":"closed","ping_status":"open","sticky":false,"template":"","format":"standard","meta":[],"categories":[21,23,27],"tags":[35,59,60,328,881,1050,1061,1078,1415,1416,1535],"_links":{"self":[{"href":"https:\/\/blogs.uninter.edu.mx\/ESCAT2\/index.php?rest_route=\/wp\/v2\/posts\/18152"}],"collection":[{"href":"https:\/\/blogs.uninter.edu.mx\/ESCAT2\/index.php?rest_route=\/wp\/v2\/posts"}],"about":[{"href":"https:\/\/blogs.uninter.edu.mx\/ESCAT2\/index.php?rest_route=\/wp\/v2\/types\/post"}],"author":[{"embeddable":true,"href":"https:\/\/blogs.uninter.edu.mx\/ESCAT2\/index.php?rest_route=\/wp\/v2\/users\/1"}],"replies":[{"embeddable":true,"href":"https:\/\/blogs.uninter.edu.mx\/ESCAT2\/index.php?rest_route=%2Fwp%2Fv2%2Fcomments&post=18152"}],"version-history":[{"count":0,"href":"https:\/\/blogs.uninter.edu.mx\/ESCAT2\/index.php?rest_route=\/wp\/v2\/posts\/18152\/revisions"}],"wp:featuredmedia":[{"embeddable":true,"href":"https:\/\/blogs.uninter.edu.mx\/ESCAT2\/index.php?rest_route=\/wp\/v2\/media\/18153"}],"wp:attachment":[{"href":"https:\/\/blogs.uninter.edu.mx\/ESCAT2\/index.php?rest_route=%2Fwp%2Fv2%2Fmedia&parent=18152"}],"wp:term":[{"taxonomy":"category","embeddable":true,"href":"https:\/\/blogs.uninter.edu.mx\/ESCAT2\/index.php?rest_route=%2Fwp%2Fv2%2Fcategories&post=18152"},{"taxonomy":"post_tag","embeddable":true,"href":"https:\/\/blogs.uninter.edu.mx\/ESCAT2\/index.php?rest_route=%2Fwp%2Fv2%2Ftags&post=18152"}],"curies":[{"name":"wp","href":"https:\/\/api.w.org\/{rel}","templated":true}]}}