{"id":18198,"date":"2018-07-15T07:07:03","date_gmt":"2018-07-15T12:07:03","guid":{"rendered":"http:\/\/escatuninter.blog\/?p=18198"},"modified":"2018-07-15T07:07:03","modified_gmt":"2018-07-15T12:07:03","slug":"como-se-ve-y-como-se-vera-el-proximo-rascacielos-mas-alto-del-mundo-noticiasescat-arquninter","status":"publish","type":"post","link":"https:\/\/blogs.uninter.edu.mx\/ESCAT2\/?p=18198","title":{"rendered":"C\u00f3mo se ve y c\u00f3mo se ver\u00e1 el pr\u00f3ximo rascacielos m\u00e1s alto del mundo #NoticiasESCAT #ARQUninter"},"content":{"rendered":"<p><a href=\"https:\/\/www.facebook.com\/EscatUninter\/\" target=\"_blank\" rel=\"noopener\"><img loading=\"lazy\" class=\"alignnone  wp-image-18086 alignright\" src=\"https:\/\/dicaduninter.files.wordpress.com\/2018\/06\/logo-escat.png\" alt=\"logo-escat\" width=\"231\" height=\"96\" \/><\/a><br \/>\n&nbsp;<br \/>\n&nbsp;<br \/>\n&nbsp;<\/p>\n<p style=\"text-align:justify;\">Las siguientes im\u00e1genes muestran lo que pronto se conocer\u00e1 como el rascacielos m\u00e1s alto del mundo. Cuando la Torre Jeddah, de 1.000 metros de altura, en Arabia Saudita, se inaugure en el a\u00f1o 2020, desbancar\u00e1 al ic\u00f3nico Burj Khalifa de Dub\u00e1i como el rascacielos m\u00e1s alto del mundo por una diferencia de 72 metros. Se estima que la construcci\u00f3n de esta obra costar\u00e1 1.400 millones de d\u00f3lares.<\/p>\n<p style=\"text-align:justify;\">Cuando CNN visit\u00f3 el sitio a fines de 2017, la torre ten\u00eda 252 metros de altura y ya ofrec\u00eda una extensa panor\u00e1mica del reino saud\u00ed.<\/p>\n<p style=\"text-align:justify;\">El edificio ser\u00e1 la joya de la corona de Jeddah Economic City, un proyecto comercial y residencial de 5,3 millones de metros cuadrados, que contar\u00e1 con viviendas, hoteles y oficinas, adem\u00e1s de atracciones tur\u00edsticas.<\/p>\n<div id=\"attachment_18199\" style=\"width: 737px\" class=\"wp-caption alignnone\"><img aria-describedby=\"caption-attachment-18199\" loading=\"lazy\" class=\"alignnone size-full wp-image-18199\" src=\"https:\/\/dicaduninter.files.wordpress.com\/2018\/06\/rascacielos.jpg\" alt=\"Rascacielos\" width=\"727\" height=\"408\" \/><p id=\"caption-attachment-18199\" class=\"wp-caption-text\">Jeddah Tower<\/p><\/div>\n<p style=\"text-align:justify;\">Pero el proyecto no ha sido f\u00e1cil. Se han presentado varias demoras desde que comenz\u00f3 la construcci\u00f3n en 2013. Desde noviembre de 2017, dos de los patrocinadores m\u00e1s prominentes del proyecto, el pr\u00edncipe Al-Waleed bin Talal, inversionista y empresario, y Bakr Bin Laden, presidente de Jeddah Bin Laden Group, la compa\u00f1\u00eda a cargo de la construcci\u00f3n del rascacielos, han sido se\u00f1alados en la purga anticorrupci\u00f3n emprendida por el reino, donde cientos de personas han sido acusadas de corrupci\u00f3n.<\/p>\n<p style=\"text-align:justify;\">No obstante, Jeddah Economic Company, el desarrollador detr\u00e1s del rascacielos, ha confirmado a CNN que el proyecto se terminar\u00e1 en 2020, seg\u00fan lo programado.<\/p>\n<p style=\"text-align:justify;\">La compa\u00f1\u00eda de Al-Waleed declin\u00f3 comentar para CNN, y Bin Laden Group no pudo ser contactado.<\/p>\n<p style=\"text-align:justify;\">Aunque el sitio est\u00e1 hoy rodeado de desierto, cuando est\u00e9 concluido la torre ser\u00e1 el centro del complejo urban\u00edstico Jeddah Economic City, la ciudad econ\u00f3mica de Jeddah.<\/p>\n<p style=\"text-align:justify;\">&#8220;Para 2020 ya estar\u00e1n listas varias cosas: el rascacielos, el centro comercial y muchos otros proyectos&#8221;, dice Mounib Hammoud, CEO de Jeddah Economic Company.<\/p>\n<p style=\"text-align:justify;\">Con una superficie construida de 243.866 metros cuadrados en 252 pisos, la torre tambi\u00e9n contar\u00e1 con el mirador o plataforma de observaci\u00f3n m\u00e1s alto del mundo a 664 metros del suelo, con un espacio de 500 metros cuadrados en exteriores.<\/p>\n<div id=\"attachment_18200\" style=\"width: 737px\" class=\"wp-caption alignnone\"><img aria-describedby=\"caption-attachment-18200\" loading=\"lazy\" class=\"alignnone size-full wp-image-18200\" src=\"https:\/\/dicaduninter.files.wordpress.com\/2018\/06\/rascacielos2.jpg\" alt=\"Rascacielos\" width=\"727\" height=\"409\" \/><p id=\"caption-attachment-18200\" class=\"wp-caption-text\">Construcci\u00f3n de Jeddah Tower<\/p><\/div>\n<p style=\"text-align:justify;\">Tambi\u00e9n albergar\u00e1 un hotel Four Seasons de cinco estrellas y 97 apartamentos, incluidos siete d\u00faplex. Las oficinas tendr\u00e1n siete pisos, donde habr\u00e1 cuatro &#8220;niveles residenciales&#8221; que incluir\u00e1n 325 apartamentos.<\/p>\n<p style=\"text-align:justify;\">Los elevadores alcanzar\u00e1n una altura r\u00e9cord de 660 metros, mientras que los ascensores de dos pisos que llevan a los visitantes directamente al mirador desde el Nivel 1 del edificio pueden viajar a 20 kil\u00f3metros por hora. En otras palabras, los invitados tardar\u00e1n 66.5 segundos en llegar al mirador, ubicado en los pisos 157 y 158.<\/p>\n<p style=\"text-align:justify;\">La construcci\u00f3n de la Jeddah Tower encaja en el plan Saudi Vision 2030, una iniciativa del gobierno que busca diversificar la econom\u00eda del reino y reducir su dependencia del petr\u00f3leo.<\/p>\n<div id=\"attachment_18201\" style=\"width: 737px\" class=\"wp-caption aligncenter\"><img aria-describedby=\"caption-attachment-18201\" loading=\"lazy\" class=\"alignnone size-full wp-image-18201\" src=\"https:\/\/dicaduninter.files.wordpress.com\/2018\/06\/vista-desde-jeddah-tower.jpg\" alt=\"Vista desde Jeddah Tower\" width=\"727\" height=\"405\" \/><p id=\"caption-attachment-18201\" class=\"wp-caption-text\">Vista desde Jeddah Tower<\/p><\/div>\n<p style=\"text-align:justify;\">El objetivo final es impulsar el estatus de la ciudad como una potencia global.<\/p>\n<h5>Fuente: <a href=\"https:\/\/cnnespanol.cnn.com\/2018\/02\/10\/como-se-ve-y-como-se-vera-el-proximo-rascacielos-mas-alto-del-mundo\/\" target=\"_blank\" rel=\"noopener\">CNN Espa\u00f1ol<\/a><\/h5>\n<p style=\"text-align:right;\"><a href=\"https:\/\/universidad.uninter.edu.mx\/\" target=\"_blank\" rel=\"noopener\">Universidad Internacional Uninter<\/a><\/p>\n<p style=\"text-align:right;\"><a href=\"https:\/\/universidad.uninter.edu.mx\/carreras\/ARQ\" target=\"_blank\" rel=\"noopener\">Licenciatura en Arquitectura<\/a><\/p>\n<h5>\u00a0<a href=\"https:\/\/www.uninter.edu.mx\/\" target=\"_blank\" rel=\"noopener\"><img loading=\"lazy\" class=\" size-full wp-image-18085 aligncenter\" src=\"https:\/\/dicaduninter.files.wordpress.com\/2018\/06\/universidad-internacional.png\" alt=\"Universidad Internacional\" width=\"700\" height=\"106\" \/><\/a><\/h5>\n","protected":false},"excerpt":{"rendered":"<p>&nbsp; &nbsp; &nbsp; Las siguientes im\u00e1genes muestran lo que pronto se conocer\u00e1 como el rascacielos m\u00e1s alto del mundo. Cuando la Torre Jeddah, de 1.000 metros de altura, en Arabia Saudita, se inaugure en el a\u00f1o 2020, desbancar\u00e1 al ic\u00f3nico Burj Khalifa de Dub\u00e1i como el rascacielos m\u00e1s alto del mundo por una diferencia de&hellip;<\/p>\n","protected":false},"author":1,"featured_media":18199,"comment_status":"closed","ping_status":"open","sticky":false,"template":"","format":"standard","meta":[],"categories":[4,16,27],"tags":[35,59,60,1370],"_links":{"self":[{"href":"https:\/\/blogs.uninter.edu.mx\/ESCAT2\/index.php?rest_route=\/wp\/v2\/posts\/18198"}],"collection":[{"href":"https:\/\/blogs.uninter.edu.mx\/ESCAT2\/index.php?rest_route=\/wp\/v2\/posts"}],"about":[{"href":"https:\/\/blogs.uninter.edu.mx\/ESCAT2\/index.php?rest_route=\/wp\/v2\/types\/post"}],"author":[{"embeddable":true,"href":"https:\/\/blogs.uninter.edu.mx\/ESCAT2\/index.php?rest_route=\/wp\/v2\/users\/1"}],"replies":[{"embeddable":true,"href":"https:\/\/blogs.uninter.edu.mx\/ESCAT2\/index.php?rest_route=%2Fwp%2Fv2%2Fcomments&post=18198"}],"version-history":[{"count":0,"href":"https:\/\/blogs.uninter.edu.mx\/ESCAT2\/index.php?rest_route=\/wp\/v2\/posts\/18198\/revisions"}],"wp:featuredmedia":[{"embeddable":true,"href":"https:\/\/blogs.uninter.edu.mx\/ESCAT2\/index.php?rest_route=\/wp\/v2\/media\/18199"}],"wp:attachment":[{"href":"https:\/\/blogs.uninter.edu.mx\/ESCAT2\/index.php?rest_route=%2Fwp%2Fv2%2Fmedia&parent=18198"}],"wp:term":[{"taxonomy":"category","embeddable":true,"href":"https:\/\/blogs.uninter.edu.mx\/ESCAT2\/index.php?rest_route=%2Fwp%2Fv2%2Fcategories&post=18198"},{"taxonomy":"post_tag","embeddable":true,"href":"https:\/\/blogs.uninter.edu.mx\/ESCAT2\/index.php?rest_route=%2Fwp%2Fv2%2Ftags&post=18198"}],"curies":[{"name":"wp","href":"https:\/\/api.w.org\/{rel}","templated":true}]}}