{"id":18321,"date":"2018-06-30T19:04:16","date_gmt":"2018-07-01T00:04:16","guid":{"rendered":"http:\/\/escatuninter.blog\/?p=18321"},"modified":"2018-06-30T19:04:16","modified_gmt":"2018-07-01T00:04:16","slug":"siemens-lanza-programa-de-educacion-dual-en-mexico-noticiasescat-imiuninter-imeuninter-iiscauninter-iamuninter","status":"publish","type":"post","link":"https:\/\/blogs.uninter.edu.mx\/ESCAT2\/?p=18321","title":{"rendered":"Siemens lanza programa de educaci\u00f3n dual en M\u00e9xico #NoticiasESCAT #IngenieriasESCAT"},"content":{"rendered":"<p><a href=\"https:\/\/www.facebook.com\/EscatUninter\/\" target=\"_blank\" rel=\"noopener\"><img loading=\"lazy\" class=\" size-full wp-image-18086 alignright\" src=\"https:\/\/dicaduninter.files.wordpress.com\/2018\/06\/logo-escat.png\" alt=\"logo-escat\" width=\"230\" height=\"96\" \/><br \/>\n<\/a><br \/>\n&nbsp;<br \/>\n&nbsp;<br \/>\n&nbsp;<\/p>\n<p style=\"text-align:justify;\"><span style=\"display:inline !important;float:none;background-color:transparent;color:#333333;font-family:'Helvetica Neue', Helvetica, Arial, sans-serif;font-size:14px;font-style:normal;font-variant:normal;font-weight:300;letter-spacing:normal;orphans:2;text-align:justify;text-decoration:none;text-indent:0;text-transform:none;white-space:normal;word-spacing:0;\">La empresa alemana Siemens reafirm\u00f3 su compromiso con Quer\u00e9taro, donde impulsa el Modelo de Formaci\u00f3n Dual (MMFD) en favor de la capacitaci\u00f3n de t\u00e9cnicos altamente calificados que respondan a las nuevas demandas de la industria local y nacional, como es la adopci\u00f3n de la Industria 4.0.\u00a0<\/span><\/p>\n<p><div id=\"attachment_18324\" style=\"width: 3553px\" class=\"wp-caption aligncenter\"><img aria-describedby=\"caption-attachment-18324\" loading=\"lazy\" class=\" size-full wp-image-18324 aligncenter\" style=\"background-color:transparent;color:#3d596d;font-family:&amp;font-size:16px;font-style:normal;font-variant:normal;font-weight:400;height:453px;letter-spacing:normal;max-width:680px;orphans:2;text-align:justify;text-decoration:none;text-indent:0;text-transform:none;white-space:normal;word-spacing:0;\" src=\"https:\/\/dicaduninter.files.wordpress.com\/2018\/06\/siemens_mexico_conexionverde.jpg\" alt=\"siemens_mexico_conexionverde\" width=\"3543\" height=\"2362\" \/><p id=\"caption-attachment-18324\" class=\"wp-caption-text\">Siemens M\u00e9xico<\/p><\/div><br \/>\n<span style=\"display:inline !important;float:none;background-color:transparent;color:#333333;font-family:'Helvetica Neue', Helvetica, Arial, sans-serif;font-size:14px;font-style:normal;font-variant:normal;font-weight:300;letter-spacing:normal;orphans:2;text-align:justify;text-decoration:none;text-indent:0;text-transform:none;white-space:normal;word-spacing:0;\"> En un comunicado, la compa\u00f1\u00eda estim\u00f3 que en los pr\u00f3ximos 10 a\u00f1os se necesitar\u00e1n entre 20 y 25 por ciento m\u00e1s ingenieros y t\u00e9cnicos altamente capacitados en M\u00e9xico, por lo que el MMFD est\u00e1 inspirado en el sistema de educaci\u00f3n dual alem\u00e1n. <\/span><br \/>\n<span style=\"display:inline !important;float:none;background-color:transparent;color:#333333;font-family:'Helvetica Neue', Helvetica, Arial, sans-serif;font-size:14px;font-style:normal;font-variant:normal;font-weight:300;letter-spacing:normal;orphans:2;text-align:justify;text-decoration:none;text-indent:0;text-transform:none;white-space:normal;word-spacing:0;\"> El vicepresidente de Digital Factory, Process Industries and Drives de Siemens M\u00e9xico y Centroam\u00e9rica, Iv\u00e1n Pelayo, apuesta por sumar al pa\u00eds a la cuarta revoluci\u00f3n industrial para hacerla una potencia manufacturera, ante lo cual la educaci\u00f3n es una prioridad para impulsar el desarrollo del pa\u00eds. <\/span><br \/>\n<div id=\"attachment_18322\" style=\"width: 1290px\" class=\"wp-caption aligncenter\"><img aria-describedby=\"caption-attachment-18322\" loading=\"lazy\" class=\" size-full wp-image-18322 aligncenter\" src=\"https:\/\/dicaduninter.files.wordpress.com\/2018\/06\/c7b4bb942f1524765835_original_std.jpg\" alt=\"c7b4bb942f1524765835_original_std\" width=\"1280\" height=\"720\" \/><p id=\"caption-attachment-18322\" class=\"wp-caption-text\">Estudiantes Siemens<\/p><\/div><br \/>\n<span style=\"display:inline !important;float:none;background-color:transparent;color:#333333;font-family:'Helvetica Neue', Helvetica, Arial, sans-serif;font-size:14px;font-style:normal;font-variant:normal;font-weight:300;letter-spacing:normal;orphans:2;text-align:justify;text-decoration:none;text-indent:0;text-transform:none;white-space:normal;word-spacing:0;\"> Destac\u00f3 que la firma cuenta con una segunda generaci\u00f3n de estudiantes duales distribuidos en sus siete plantas, dos workshops y oficinas del pa\u00eds, y tiene el objetivo de incrementar la participaci\u00f3n a 100 estudiantes m\u00e1s en los pr\u00f3ximos a\u00f1os. <\/span><br \/>\n<span style=\"display:inline !important;float:none;background-color:transparent;color:#333333;font-family:'Helvetica Neue', Helvetica, Arial, sans-serif;font-size:14px;font-style:normal;font-variant:normal;font-weight:300;letter-spacing:normal;orphans:2;text-align:justify;text-decoration:none;text-indent:0;text-transform:none;white-space:normal;word-spacing:0;\"> La planta de Balvanera de Siemens en Quer\u00e9taro cuenta en la actualidad con una segunda generaci\u00f3n de seis estudiantes duales del Conalep de la carrera t\u00e9cnica en electromec\u00e1nica industrial, que ingresaron en octubre 2017 y estar\u00e1n rotando por las diversas \u00e1reas de la planta por un periodo de dos a\u00f1os.<\/span><\/p>\n<h5>Fuente: <a href=\"https:\/\/www.cosmos.com.mx\/noticia\/22\/9858\/siemens-lanza-programa-de-educacion-dual-en-mexico\" target=\"_blank\" rel=\"noopener\">Cosmos<\/a><\/h5>\n<h5 style=\"text-align:right;\"><a href=\"https:\/\/universidad.uninter.edu.mx\/\" target=\"_blank\" rel=\"noopener\">Universidad Internacional Uninter<\/a><\/h5>\n<h5 style=\"text-align:right;\"><a href=\"https:\/\/universidad.uninter.edu.mx\/carreras\/IISCA\" target=\"_blank\" rel=\"noopener\">Ingenier\u00eda Industrial y Sistemas de Calidad<\/a><\/h5>\n<h5 style=\"text-align:right;\"><a href=\"https:\/\/universidad.uninter.edu.mx\/carreras\/IMI\" target=\"_blank\" rel=\"noopener\">Ingenier\u00eda en Mec\u00e1nica Industrial<\/a><\/h5>\n<h5 style=\"text-align:right;\"><a href=\"https:\/\/universidad.uninter.edu.mx\/carreras\/IME\" target=\"_blank\" rel=\"noopener\">Ingenier\u00eda Mecatr\u00f3nica<\/a><\/h5>\n<h5 style=\"text-align:right;\"><a href=\"https:\/\/universidad.uninter.edu.mx\/carreras\/IAM\" target=\"_blank\" rel=\"noopener\">Ingenier\u00eda Ambiental<\/a><\/h5>\n<p><a href=\"https:\/\/www.uninter.edu.mx\/\" target=\"_blank\" rel=\"noopener\"><img loading=\"lazy\" class=\" size-full wp-image-17584 aligncenter\" src=\"https:\/\/dicaduninter.files.wordpress.com\/2018\/04\/universidad-internacional.png\" alt=\"universidad-internacional\" width=\"700\" height=\"106\" \/><\/a><br \/>\n&nbsp;<\/p>\n","protected":false},"excerpt":{"rendered":"<p>&nbsp; &nbsp; &nbsp; La empresa alemana Siemens reafirm\u00f3 su compromiso con Quer\u00e9taro, donde impulsa el Modelo de Formaci\u00f3n Dual (MMFD) en favor de la capacitaci\u00f3n de t\u00e9cnicos altamente calificados que respondan a las nuevas demandas de la industria local y nacional, como es la adopci\u00f3n de la Industria 4.0.\u00a0 En un comunicado, la compa\u00f1\u00eda estim\u00f3&hellip;<\/p>\n","protected":false},"author":1,"featured_media":18323,"comment_status":"closed","ping_status":"open","sticky":false,"template":"","format":"standard","meta":[],"categories":[20,23,27],"tags":[35,59,60,851,881],"_links":{"self":[{"href":"https:\/\/blogs.uninter.edu.mx\/ESCAT2\/index.php?rest_route=\/wp\/v2\/posts\/18321"}],"collection":[{"href":"https:\/\/blogs.uninter.edu.mx\/ESCAT2\/index.php?rest_route=\/wp\/v2\/posts"}],"about":[{"href":"https:\/\/blogs.uninter.edu.mx\/ESCAT2\/index.php?rest_route=\/wp\/v2\/types\/post"}],"author":[{"embeddable":true,"href":"https:\/\/blogs.uninter.edu.mx\/ESCAT2\/index.php?rest_route=\/wp\/v2\/users\/1"}],"replies":[{"embeddable":true,"href":"https:\/\/blogs.uninter.edu.mx\/ESCAT2\/index.php?rest_route=%2Fwp%2Fv2%2Fcomments&post=18321"}],"version-history":[{"count":0,"href":"https:\/\/blogs.uninter.edu.mx\/ESCAT2\/index.php?rest_route=\/wp\/v2\/posts\/18321\/revisions"}],"wp:featuredmedia":[{"embeddable":true,"href":"https:\/\/blogs.uninter.edu.mx\/ESCAT2\/index.php?rest_route=\/wp\/v2\/media\/18323"}],"wp:attachment":[{"href":"https:\/\/blogs.uninter.edu.mx\/ESCAT2\/index.php?rest_route=%2Fwp%2Fv2%2Fmedia&parent=18321"}],"wp:term":[{"taxonomy":"category","embeddable":true,"href":"https:\/\/blogs.uninter.edu.mx\/ESCAT2\/index.php?rest_route=%2Fwp%2Fv2%2Fcategories&post=18321"},{"taxonomy":"post_tag","embeddable":true,"href":"https:\/\/blogs.uninter.edu.mx\/ESCAT2\/index.php?rest_route=%2Fwp%2Fv2%2Ftags&post=18321"}],"curies":[{"name":"wp","href":"https:\/\/api.w.org\/{rel}","templated":true}]}}