{"id":18428,"date":"2018-06-28T21:33:00","date_gmt":"2018-06-29T02:33:00","guid":{"rendered":"http:\/\/escatuninter.blog\/?p=18428"},"modified":"2018-06-28T21:33:00","modified_gmt":"2018-06-29T02:33:00","slug":"la-increible-actualizacion-de-los-increibles-noticiasescat-ladduninter","status":"publish","type":"post","link":"https:\/\/blogs.uninter.edu.mx\/ESCAT2\/?p=18428","title":{"rendered":"La incre\u00edble actualizaci\u00f3n de \u2018Los Incre\u00edbles\u2019 #NoticiasESCAT #LADDUninter"},"content":{"rendered":"<p><a href=\"https:\/\/www.facebook.com\/EscatUninter\/\" target=\"_blank\" rel=\"noopener\"><img loading=\"lazy\" class=\"  wp-image-18086 alignright\" src=\"https:\/\/dicaduninter.files.wordpress.com\/2018\/06\/logo-escat.png\" alt=\"logo-escat\" width=\"230\" height=\"96\" \/><\/a><br \/>\n&nbsp;<br \/>\n&nbsp;<br \/>\n&nbsp;<\/p>\n<p style=\"text-align:justify;\">S\u00ed, en Los Incre\u00edbles 2 vuelve la misma familia de superh\u00e9roes \u2014Bob, Helen y sus hijos Violeta, Dash y Jack-Jack\u2014 que emocion\u00f3 a las audiencias en 2004. Solo que, caray, ahora s\u00ed que han cambiado. El argumento de la nueva pel\u00edcula contin\u00faa donde se qued\u00f3 la primera (la familia se prepara para enfrentar a un villano conocido como el Subterr\u00e1neo), pero las im\u00e1genes muestran lo avanzada que se ha vuelto la tecnolog\u00eda de animaci\u00f3n generada por computadora en los catorce a\u00f1os que han pasado desde que la primera pel\u00edcula fue un \u00e9xito aplastante. Los rostros de los personajes son m\u00e1s detallados; las secuencias de acci\u00f3n, m\u00e1s complejas; el dise\u00f1o, m\u00e1s rico, y la ambientaci\u00f3n cuenta con m\u00e1s capas. Es m\u00e1s como <em><strong>Los Incre\u00edbles 2.0.<\/strong><\/em><\/p>\n<p><div id=\"attachment_18429\" style=\"width: 681px\" class=\"wp-caption aligncenter\"><img aria-describedby=\"caption-attachment-18429\" loading=\"lazy\" class=\"alignnone size-full wp-image-18429\" src=\"https:\/\/dicaduninter.files.wordpress.com\/2018\/06\/los-increc3adbles-i.jpg\" alt=\"Los Incre\u00edbles I\" width=\"675\" height=\"380\" \/><p id=\"caption-attachment-18429\" class=\"wp-caption-text\">Los Incre\u00edbles I. Los dise\u00f1os del panorama de la ciudad y los personajes eran menos detallados.<\/p><\/div><br \/>\n<div id=\"attachment_18436\" style=\"width: 1060px\" class=\"wp-caption aligncenter\"><img aria-describedby=\"caption-attachment-18436\" loading=\"lazy\" class=\"alignnone size-full wp-image-18436\" src=\"https:\/\/dicaduninter.files.wordpress.com\/2018\/06\/los-increc3adbles-ii.jpg\" alt=\"Los Incre\u00edbles II\" width=\"1050\" height=\"555\" \/><p id=\"caption-attachment-18436\" class=\"wp-caption-text\">Los Incre\u00edbles II. En la secuela, los Parr (tambi\u00e9n conocidos como Mr. Incre\u00edble, Elastigirl, Dash, Violeta y Jack Jack) son colocados frente a un fondo con m\u00e1s capas.<\/p><\/div><\/p>\n<p style=\"text-align:justify;\">Brad Bird, el escritor y director de ambas pel\u00edculas, dijo que estas actualizaciones fueron la materializaci\u00f3n de lo que esperaba para la original. <em>\u201cFue un milagro que hayamos podido terminar la primera y que nos saliera tan bien\u201d<\/em>, coment\u00f3. <em>\u201cPorque todas las cosas que a\u00fan no eran buenas en la animaci\u00f3n generada por computadora eran las que necesit\u00e1bamos\u201d<\/em>. En ese entonces, la animaci\u00f3n digital a\u00fan ten\u00eda problemas para representar a los seres humanos, el cabello, el fuego, el agua; pr\u00e1cticamente todo lo b\u00e1sico en una pel\u00edcula de Los Incre\u00edbles.<\/p>\n<p>A continuaci\u00f3n tres aspectos de Los Incre\u00edbles que fueron mejorados en la secuela<\/p>\n<h3>El cabello de Violeta<\/h3>\n<p><img loading=\"lazy\" class=\"\" src=\"https:\/\/dicaduninter.files.wordpress.com\/2018\/06\/violeta-antes.jpg?w=680\" alt=\"Violeta (Antes)\" width=\"442\" height=\"800\" \/><br \/>\n&nbsp;<br \/>\n<div id=\"attachment_18431\" style=\"width: 446px\" class=\"wp-caption aligncenter\"><img aria-describedby=\"caption-attachment-18431\" loading=\"lazy\" class=\"alignnone  wp-image-18431\" src=\"https:\/\/dicaduninter.files.wordpress.com\/2018\/06\/violeta-ahora.jpg\" alt=\"Violeta (Ahora)\" width=\"440\" height=\"726\" \/><p id=\"caption-attachment-18431\" class=\"wp-caption-text\">Violeta (Ahora). Su cabello tiene m\u00e1s movimiento.<\/p><\/div><\/p>\n<p style=\"text-align:justify;\">En la primera pel\u00edcula, los personajes fueron esculpidos en arcilla por el artista Kent Melton, quien hab\u00eda hecho un trabajo similar para los personajes de <em>El Rey Le\u00f3n, Aladdin<\/em> y otras. En ese entonces, los animadores no pod\u00edan replicar del todo los detalles m\u00e1s sutiles del trabajo de Melton en sus modelos por computadora. <em>\u201cEn esta pel\u00edcula\u201d<\/em>, dijo Bird, <em>\u201cregresamos a las esculturas originales y pudimos hacer que los personajes lucieran exactamente como los hab\u00eda dise\u00f1ado\u201d.<\/em><\/p>\n<p style=\"text-align:justify;\">Uno de los personajes m\u00e1s complicados fue la adolescente taciturna Violeta. Bird la hab\u00eda descrito en el guion como una ni\u00f1a insegura que se esconde tras su largo cabello. Pero en ese entonces el cabello era muy dif\u00edcil de renderizar. A los animadores les llev\u00f3 seis meses de pruebas y cambios, pero el cabello a\u00fan no ten\u00eda la apariencia adecuada. <em>\u201cComenzaron a preguntarme: \u201c\u00bfEs necesario que tenga cabello largo?\u201d<\/em>, dijo Bird. \u201cY yo les dije: \u201c<em>\u00a1S\u00ed! \u00a1Es parte del arco de su personaje!\u201d<\/em>. En el \u00faltimo momento, por fin pudieron hacer que su cabello se viera como deb\u00eda.<\/p>\n<p style=\"text-align:justify;\">En la secuela, el cabello de Violeta se mueve maravillosamente, pero a\u00fan hay m\u00e1s, tanto con ella como con los personajes en general. <em>\u201cNo solo es la manera en que se ven cuando haces pausa\u201d<\/em>, dijo Bird. <em>\u201cEs la manera en que pueden manejar los cambios en su expresi\u00f3n\u201d<\/em>. El software m\u00e1s reciente permite que los cineastas construyan modelos digitales complejos y puede hacer que la piel se mueva y responda de maneras sutiles, como lo har\u00eda la de un humano. <em>\u201cDespu\u00e9s los animadores ponen a prueba estos modelos de la misma manera en que un competidor de carreras pondr\u00eda a prueba un Ferrari\u201d<\/em>, dijo Bird.<\/p>\n<h3 class=\"story-subheading story-content\">Una casa (mucho m\u00e1s) grande<\/h3>\n<p><div id=\"attachment_18432\" style=\"width: 1290px\" class=\"wp-caption aligncenter\"><img aria-describedby=\"caption-attachment-18432\" loading=\"lazy\" class=\"alignnone size-full wp-image-18432\" src=\"https:\/\/dicaduninter.files.wordpress.com\/2018\/06\/casa-de-los-increc3adbles-i.jpg\" alt=\"Casa de Los Incre\u00edbles I\" width=\"1280\" height=\"527\" \/><p id=\"caption-attachment-18432\" class=\"wp-caption-text\">Casa de Los Incre\u00edbles I. Los Parr viv\u00edan en un vecindario suburbano modesto.<\/p><\/div><br \/>\n<div id=\"attachment_18433\" style=\"width: 2058px\" class=\"wp-caption aligncenter\"><img aria-describedby=\"caption-attachment-18433\" loading=\"lazy\" class=\"alignnone size-full wp-image-18433\" src=\"https:\/\/dicaduninter.files.wordpress.com\/2018\/06\/casa-de-los-increc3adbles-ii.jpg\" alt=\"Casa de Los Incre\u00edbles II\" width=\"2048\" height=\"858\" \/><p id=\"caption-attachment-18433\" class=\"wp-caption-text\">Casa de Los Incre\u00edbles II. Tienen una mansi\u00f3n moderna.<\/p><\/div><\/p>\n<p style=\"text-align:justify;\">En la primera pel\u00edcula, la identidad de esta familia de superh\u00e9roes era secreta y viv\u00edan una vida encubierta en una casa suburbana que no destacaba del resto. En la secuela, un magnate de la tecnolog\u00eda los saca de su escondite y quiere que el mundo los admire como superh\u00e9roes de nuevo. Les da una mansi\u00f3n elegante y moderna de mediados de siglo, con cascadas por todas partes.<\/p>\n<p style=\"text-align:justify;\">El dise\u00f1ador de producci\u00f3n de ambos filmes, Ralph Eggleston, explic\u00f3 que en la casa suburbana <em>\u201cla idea era estar encerrados, resguardados; la guarida de Bob est\u00e1 en el s\u00f3tano de la casa, no tiene ventanas y es bastante peque\u00f1a\u201d<\/em>. La casa se imagin\u00f3 con 123 metros cuadrados. <em>\u201cEs de un tama\u00f1o adecuado, pero Bob mide poco m\u00e1s de 2 metros. As\u00ed que es un poco peque\u00f1a para \u00e9l\u201d.<\/em><\/p>\n<p style=\"text-align:justify;\">Se supone que la nueva casa tiene la sorprendente extensi\u00f3n de 1858 metros cuadrados. A\u00fan tiene el estilo de los a\u00f1os sesenta, pero con algunos aspectos tecnol\u00f3gicos, como pisos que se mueven para revelar arroyos que recorren la sala. Su dise\u00f1o se inspir\u00f3 en un viaje que el equipo hizo a Sunnylands, una enorme propiedad en Palm Springs. Sin embargo, pusieron la casa de los Parr en un precipicio, <em>\u201cpara que luciera como un cohete que est\u00e1 despegando\u201d<\/em>, dijo Eggleston.<\/p>\n<h3 class=\"story-subheading story-content\">El rescate amplificado de un tren<\/h3>\n<p><div id=\"attachment_18434\" style=\"width: 1930px\" class=\"wp-caption aligncenter\"><img aria-describedby=\"caption-attachment-18434\" loading=\"lazy\" class=\"alignnone size-full wp-image-18434\" src=\"https:\/\/dicaduninter.files.wordpress.com\/2018\/06\/rescate-los-increc3adbles-i.jpg\" alt=\"Rescate Los Incre\u00edbles I\" width=\"1920\" height=\"787\" \/><p id=\"caption-attachment-18434\" class=\"wp-caption-text\">Rescate Los Incre\u00edbles I. Mr. Incre\u00edble evita que un tren descarrile.<\/p><\/div><br \/>\n<div id=\"attachment_18435\" style=\"width: 2058px\" class=\"wp-caption aligncenter\"><img aria-describedby=\"caption-attachment-18435\" loading=\"lazy\" class=\"alignnone size-full wp-image-18435\" src=\"https:\/\/dicaduninter.files.wordpress.com\/2018\/06\/rescate-los-increc3adbles-ii.jpg\" alt=\"Rescate Los Incre\u00edbles II\" width=\"2048\" height=\"838\" \/><p id=\"caption-attachment-18435\" class=\"wp-caption-text\">Rescate Los Incre\u00edbles II. Cuando Elastigirl intenta parar un tren fuera de control hay detalles como chispas y un atardecer.<\/p><\/div><\/p>\n<p id=\"story-continues-18\" class=\"story-body-text story-content\" style=\"text-align:justify;\">En la pel\u00edcula original de\u00a0<em>Los Incre\u00edbles<\/em>, Bob, tambi\u00e9n conocido como Mr. Incre\u00edble, detiene un tren para que no se caiga de una v\u00eda rota. La secuencia es emocionante, pero una escena en la secuela que de alguna manera la refleja es asombrosa. Esta vez es Helen (Elastigirl) quien salva un tren en apuros y utiliza todas sus habilidades de superhero\u00edna para hacerlo, como estirarse para conectar dos tramos del tren y despu\u00e9s subirse a su brillante motocicleta (que se divide en dos) para recorrer las calles destellantes de la ciudad, por encima de techos y bajo un cielo iluminado por un atardecer impresionante en el fondo.<\/p>\n<p id=\"story-continues-19\" class=\"story-body-text story-content\" style=\"text-align:justify;\">Kureha Yokoo, una animadora que trabaj\u00f3 en la nueva secuencia, explic\u00f3 que, debido a que Bird quer\u00eda algo distinto en esta escena, <em>\u201cintentamos alejarnos de las referencias de otras pel\u00edculas, en cambio, nos inspiramos en deportes como el motocross, el esqu\u00ed acu\u00e1tico y las patinetas, y mezclamos todo eso con las habilidades el\u00e1sticas de Helen. La acci\u00f3n aumenta con los detalles, como las chispas que salen de las v\u00edas del tren y el humo que se eleva desde las llantas de la motocicleta. Esos toques, combinados con los rascacielos y el bullicio de una metr\u00f3polis, crean un efecto que es hiperrealista y de otro mundo a la vez.\u201d<\/em><\/p>\n<h5>Fuente: <a href=\"https:\/\/www.nytimes.com\/es\/2018\/06\/14\/los-increibles-2-tecnologia-pixar\/\" target=\"_blank\" rel=\"noopener\">New York Times en Espa\u00f1ol<\/a><\/h5>\n<p style=\"text-align:right;\"><a href=\"https:\/\/universidad.uninter.edu.mx\/\" target=\"_blank\" rel=\"noopener\">Universidad Internacional Uninter<\/a><\/p>\n<p style=\"text-align:right;\"><a href=\"https:\/\/universidad.uninter.edu.mx\/carreras\/LADD\" target=\"_blank\" rel=\"noopener\">Licenciatura en Animaci\u00f3n y Dise\u00f1o Digital<\/a><\/p>\n<p><a href=\"https:\/\/www.uninter.edu.mx\/\" target=\"_blank\" rel=\"noopener\"><img loading=\"lazy\" class=\" size-full wp-image-18085 aligncenter\" src=\"https:\/\/dicaduninter.files.wordpress.com\/2018\/06\/universidad-internacional.png\" alt=\"universidad-internacional\" width=\"700\" height=\"106\" \/><\/a><\/p>\n","protected":false},"excerpt":{"rendered":"<p>&nbsp; &nbsp; &nbsp; S\u00ed, en Los Incre\u00edbles 2 vuelve la misma familia de superh\u00e9roes \u2014Bob, Helen y sus hijos Violeta, Dash y Jack-Jack\u2014 que emocion\u00f3 a las audiencias en 2004. Solo que, caray, ahora s\u00ed que han cambiado. El argumento de la nueva pel\u00edcula contin\u00faa donde se qued\u00f3 la primera (la familia se prepara para&hellip;<\/p>\n","protected":false},"author":1,"featured_media":18436,"comment_status":"closed","ping_status":"open","sticky":false,"template":"","format":"standard","meta":[],"categories":[3,11,27],"tags":[30,35,59,60,532,1278],"_links":{"self":[{"href":"https:\/\/blogs.uninter.edu.mx\/ESCAT2\/index.php?rest_route=\/wp\/v2\/posts\/18428"}],"collection":[{"href":"https:\/\/blogs.uninter.edu.mx\/ESCAT2\/index.php?rest_route=\/wp\/v2\/posts"}],"about":[{"href":"https:\/\/blogs.uninter.edu.mx\/ESCAT2\/index.php?rest_route=\/wp\/v2\/types\/post"}],"author":[{"embeddable":true,"href":"https:\/\/blogs.uninter.edu.mx\/ESCAT2\/index.php?rest_route=\/wp\/v2\/users\/1"}],"replies":[{"embeddable":true,"href":"https:\/\/blogs.uninter.edu.mx\/ESCAT2\/index.php?rest_route=%2Fwp%2Fv2%2Fcomments&post=18428"}],"version-history":[{"count":0,"href":"https:\/\/blogs.uninter.edu.mx\/ESCAT2\/index.php?rest_route=\/wp\/v2\/posts\/18428\/revisions"}],"wp:featuredmedia":[{"embeddable":true,"href":"https:\/\/blogs.uninter.edu.mx\/ESCAT2\/index.php?rest_route=\/wp\/v2\/media\/18436"}],"wp:attachment":[{"href":"https:\/\/blogs.uninter.edu.mx\/ESCAT2\/index.php?rest_route=%2Fwp%2Fv2%2Fmedia&parent=18428"}],"wp:term":[{"taxonomy":"category","embeddable":true,"href":"https:\/\/blogs.uninter.edu.mx\/ESCAT2\/index.php?rest_route=%2Fwp%2Fv2%2Fcategories&post=18428"},{"taxonomy":"post_tag","embeddable":true,"href":"https:\/\/blogs.uninter.edu.mx\/ESCAT2\/index.php?rest_route=%2Fwp%2Fv2%2Ftags&post=18428"}],"curies":[{"name":"wp","href":"https:\/\/api.w.org\/{rel}","templated":true}]}}