{"id":18457,"date":"2018-07-04T11:03:08","date_gmt":"2018-07-04T16:03:08","guid":{"rendered":"http:\/\/escatuninter.blog\/?p=18457"},"modified":"2018-07-04T11:03:08","modified_gmt":"2018-07-04T16:03:08","slug":"como-usar-los-colores-que-destacan-este-2018-tipsescat-ddiuninter","status":"publish","type":"post","link":"https:\/\/blogs.uninter.edu.mx\/ESCAT2\/?p=18457","title":{"rendered":"\u00bfC\u00f3mo usar los colores que destacan este 2018? #TipsESCAT #DDIUninter"},"content":{"rendered":"<p><a href=\"https:\/\/www.facebook.com\/EscatUninter\/\" target=\"_blank\" rel=\"noopener\"><img loading=\"lazy\" class=\" size-full wp-image-18086 alignright\" src=\"https:\/\/dicaduninter.files.wordpress.com\/2018\/06\/logo-escat.png\" alt=\"logo-escat\" width=\"230\" height=\"96\" \/><\/a><br \/>\n&nbsp;<br \/>\n&nbsp;<br \/>\n&nbsp;<br \/>\n<strong>\u00bfC\u00f3mo se generan las tendencias de color en M\u00e9xico?<\/strong><\/p>\n<p style=\"text-align:justify;\">Cada a\u00f1o, un equipo de\u00a0Comex<strong>\u00a0<\/strong>selecciona a los participantes de las pr\u00f3ximas tendencias para reunirse 3 o 4 d\u00edas en lugares llenos de inspiraci\u00f3n como el Valle de Guadalupe, la Rivera Maya y Puebla donde dise\u00f1adores, arquitectos, artistas e interioristas mexicanos colaboran para generar nuevas paletas de colores.<\/p>\n<p><div id=\"attachment_18459\" style=\"width: 1210px\" class=\"wp-caption alignnone\"><img aria-describedby=\"caption-attachment-18459\" loading=\"lazy\" class=\"alignnone size-full wp-image-18459\" src=\"https:\/\/dicaduninter.files.wordpress.com\/2018\/06\/inspiracic3b3n.jpg\" alt=\"Inspiraci\u00f3n mexicana\" width=\"1200\" height=\"800\" \/><p id=\"caption-attachment-18459\" class=\"wp-caption-text\">Inspiraci\u00f3n mexicana<\/p><\/div><br \/>\n<strong>\u00bfC\u00f3mo usar las nuevas paletas de color?<\/strong><\/p>\n<p style=\"text-align:justify;\">Comex\u00a0propone una serie de herramientas para descubrir los colores que protagonizan este a\u00f1o: la primera es una carta de color en la que se explican las tendencias mediante ideas y ejemplos de espacios donde pueden experimentar con estos colores; y el segundo es el sistema\u00a03C\u00a0con la que descubres c\u00f3mo combinar colores. Dichos ejemplares puedes conseguirlos en cualquier sucursal.<\/p>\n<p>&nbsp;<br \/>\n<\/p>\n<p style=\"text-align:justify;\"><strong>\u00bfC\u00f3mo usar\u00a0Locura, el color del a\u00f1o?<\/strong><\/p>\n<ol>\n<li style=\"text-align:justify;\">El color del a\u00f1o es audaz, vibrante, irreverente, creativo y por lo mismo hay que llevarlo con un acento, por ejemplo en una franja ya sea horizontal en el techo, una cenefa o en cualquier parte del muro para acentuar el \u00e1rea que quieras destacar.<\/li>\n<li style=\"text-align:justify;\">Tambi\u00e9n puedes hacerlo a manera de marco y encima colocar la obra (cuadro) para que resalte m\u00e1s ese espacio.<\/li>\n<li style=\"text-align:justify;\">Puedes pintar una banca, una silla, una mesa de madera con algunos de los productos a base agua de la marca.<\/li>\n<li style=\"text-align:justify;\">Este color es muy protagonista y atrae la atenci\u00f3n, por lo que es id\u00f3neo para esas mesitas donde pones tus flores, y donde tambi\u00e9n puedes colocar una peque\u00f1a cenefa o franja ya que es un punto focal de vista donde quieres que te de la bienvenida cada vez que tu llegas.<\/li>\n<\/ol>\n<p>&nbsp;<br \/>\n<\/p>\n<h5>Fuente: <a href=\"https:\/\/coolhuntermx.com\/\" target=\"_blank\" rel=\"noopener\">Coolhuntermx<\/a><\/h5>\n<p style=\"text-align:right;\"><a href=\"https:\/\/universidad.uninter.edu.mx\/\" target=\"_blank\" rel=\"noopener\">Universidad Internacional<\/a><\/p>\n<p style=\"text-align:right;\"><a href=\"https:\/\/www.uninter.edu.mx\/diplomados\/Dip-Dise%C3%B1o-de-Interiores\" target=\"_blank\" rel=\"noopener\">Diplomado en Dise\u00f1o de Interiores<\/a><\/p>\n<p style=\"text-align:right;\"><a href=\"https:\/\/universidad.uninter.edu.mx\/carreras\/LDI\" target=\"_blank\" rel=\"noopener\">Licenciatura en Dise\u00f1o Industrial<\/a><\/p>\n<p><a href=\"https:\/\/www.uninter.edu.mx\/\" target=\"_blank\" rel=\"noopener\"><img loading=\"lazy\" class=\" size-full wp-image-18085 aligncenter\" src=\"https:\/\/dicaduninter.files.wordpress.com\/2018\/06\/universidad-internacional.png\" alt=\"Universidad Internacional\" width=\"700\" height=\"106\" \/><\/a><\/p>\n","protected":false},"excerpt":{"rendered":"<p>&nbsp; &nbsp; &nbsp; \u00bfC\u00f3mo se generan las tendencias de color en M\u00e9xico? Cada a\u00f1o, un equipo de\u00a0Comex\u00a0selecciona a los participantes de las pr\u00f3ximas tendencias para reunirse 3 o 4 d\u00edas en lugares llenos de inspiraci\u00f3n como el Valle de Guadalupe, la Rivera Maya y Puebla donde dise\u00f1adores, arquitectos, artistas e interioristas mexicanos colaboran para generar&hellip;<\/p>\n","protected":false},"author":1,"featured_media":18458,"comment_status":"closed","ping_status":"open","sticky":false,"template":"","format":"standard","meta":[],"categories":[7,10,27],"tags":[31,35,59,60,458,528,906,1548],"_links":{"self":[{"href":"https:\/\/blogs.uninter.edu.mx\/ESCAT2\/index.php?rest_route=\/wp\/v2\/posts\/18457"}],"collection":[{"href":"https:\/\/blogs.uninter.edu.mx\/ESCAT2\/index.php?rest_route=\/wp\/v2\/posts"}],"about":[{"href":"https:\/\/blogs.uninter.edu.mx\/ESCAT2\/index.php?rest_route=\/wp\/v2\/types\/post"}],"author":[{"embeddable":true,"href":"https:\/\/blogs.uninter.edu.mx\/ESCAT2\/index.php?rest_route=\/wp\/v2\/users\/1"}],"replies":[{"embeddable":true,"href":"https:\/\/blogs.uninter.edu.mx\/ESCAT2\/index.php?rest_route=%2Fwp%2Fv2%2Fcomments&post=18457"}],"version-history":[{"count":0,"href":"https:\/\/blogs.uninter.edu.mx\/ESCAT2\/index.php?rest_route=\/wp\/v2\/posts\/18457\/revisions"}],"wp:featuredmedia":[{"embeddable":true,"href":"https:\/\/blogs.uninter.edu.mx\/ESCAT2\/index.php?rest_route=\/wp\/v2\/media\/18458"}],"wp:attachment":[{"href":"https:\/\/blogs.uninter.edu.mx\/ESCAT2\/index.php?rest_route=%2Fwp%2Fv2%2Fmedia&parent=18457"}],"wp:term":[{"taxonomy":"category","embeddable":true,"href":"https:\/\/blogs.uninter.edu.mx\/ESCAT2\/index.php?rest_route=%2Fwp%2Fv2%2Fcategories&post=18457"},{"taxonomy":"post_tag","embeddable":true,"href":"https:\/\/blogs.uninter.edu.mx\/ESCAT2\/index.php?rest_route=%2Fwp%2Fv2%2Ftags&post=18457"}],"curies":[{"name":"wp","href":"https:\/\/api.w.org\/{rel}","templated":true}]}}