{"id":18764,"date":"2018-07-06T15:12:01","date_gmt":"2018-07-06T20:12:01","guid":{"rendered":"http:\/\/escatuninter.blog\/?p=18764"},"modified":"2018-07-06T15:12:01","modified_gmt":"2018-07-06T20:12:01","slug":"arte-y-arquitectura-se-entrelazan-en-una-obra-escultorica-noticiasescat-arquninter","status":"publish","type":"post","link":"https:\/\/blogs.uninter.edu.mx\/ESCAT2\/?p=18764","title":{"rendered":"Arte y arquitectura se entrelazan en una obra escult\u00f3rica #NoticiasESCAT #ARQUninter"},"content":{"rendered":"<p><img loading=\"lazy\" class=\" size-full wp-image-18086 alignright\" src=\"https:\/\/dicaduninter.files.wordpress.com\/2018\/06\/logo-escat.png\" alt=\"logo-escat\" width=\"230\" height=\"96\" \/><br \/>\n&nbsp;<br \/>\n&nbsp;<br \/>\n&nbsp;<\/p>\n<p style=\"text-align:justify;\"><span class=\"s1\">L<\/span>a\u00a0arquitectura\u00a0es una profesi\u00f3n inestable. Se mueve y atraviesa \u00e1mbitos t\u00e9cnicos, est\u00e9ticos, sociales, urbanos, econ\u00f3micos y legales. Una de las discusiones m\u00e1s recurrentes sobre este tema se centra en la cercan\u00eda que tiene con el arte. Es dif\u00edcil negar que ambas disciplinas comparten un quehacer que surge desde las formas, los materiales, el color y la espacialidad. Sin embargo, son diferentes en tanto que la primera tiene una condici\u00f3n utilitaria. Es lo que los arquitectos llamamos funci\u00f3n, lo que la separa \u2013en el sentido tradicional\u2013 del terreno de lo art\u00edstico. Para\u00a0Adolf Loos,\u00a0un c\u00e9lebre arquitecto austriaco de principios del siglo veinte, la \u00fanica\u00a0arquitectura\u00a0que puede pertenecer al campo del arte es la del monumento, aquella que no se habita. Aun as\u00ed, la colaboraci\u00f3n entre ambas resulta muy usual y suele producir construcciones que amplifican la naturaleza pl\u00e1stica de la\u00a0arquitectura.<\/p>\n<div id=\"attachment_18771\" style=\"width: 606px\" class=\"wp-caption alignnone\"><img aria-describedby=\"caption-attachment-18771\" loading=\"lazy\" class=\"alignnone size-full wp-image-18771\" src=\"https:\/\/dicaduninter.files.wordpress.com\/2018\/07\/arquitectura-0.jpg\" alt=\"Arte\" width=\"600\" height=\"900\" \/><p id=\"caption-attachment-18771\" class=\"wp-caption-text\">Arte<\/p><\/div>\n<p class=\"p2\" style=\"text-align:justify;\">Esta es la\u00a0casa\u00a0de un amante del arte. Las b\u00fasquedas e intereses del proyecto se asientan precisamente en el punto en el que las dos disciplinas se tocan. Dise\u00f1ada por el\u00a0arquitecto antioque\u00f1o Javier Vera\u00a0y ubicada en el oriente antioque\u00f1o, la residencia se emplaza en un lote que limita con una arboleda. La forma elemental de los vol\u00famenes se define y gira a partir de la presencia de los \u00e1rboles, pleg\u00e1ndose para incorporarlos e integrar la sombra que arrojan a la atm\u00f3sfera del proyecto.<\/p>\n<div id=\"attachment_18772\" style=\"width: 1360px\" class=\"wp-caption alignnone\"><img aria-describedby=\"caption-attachment-18772\" loading=\"lazy\" class=\"alignnone size-full wp-image-18772\" src=\"https:\/\/dicaduninter.files.wordpress.com\/2018\/07\/arquitectura-1.jpg\" alt=\"Arquitectura\" width=\"1350\" height=\"900\" \/><p id=\"caption-attachment-18772\" class=\"wp-caption-text\">Arquitectura<\/p><\/div>\n<p class=\"p2\" style=\"text-align:justify;\">Su\u00a0dise\u00f1o\u00a0se hizo de manera abierta, permitiendo al cliente participar desde la perspectiva de su actividad art\u00edstica a trav\u00e9s de una constante comunicaci\u00f3n. El objetivo era tener una\u00a0casa\u00a0para convivir con el arte, con piezas que no solamente decoran, sino\u00a0que moran en el espacio. La construcci\u00f3n deber\u00eda ser, al mismo tiempo, una escultura habitable, una expresi\u00f3n arquitect\u00f3nica concebida desde su utilidad, pero tambi\u00e9n desde la potencia de sus formas y lo singular de su geometr\u00eda.<\/p>\n<p><img loading=\"lazy\" class=\"alignnone size-full wp-image-18773\" src=\"https:\/\/dicaduninter.files.wordpress.com\/2018\/07\/arquitectura-2.jpg\" alt=\"Geometr\u00eda singular\" width=\"625\" height=\"900\" \/><\/p>\n<p style=\"text-align:justify;\">La influencia de\u00a0la artista brasile\u00f1a\u00a0Lygia Clark\u00a0en el proyecto es evidente. La atracci\u00f3n de Vera por las estructuras triangulares que Clark utilizaba para su obra define las fachadas en paneler\u00eda seca y los soportes de la\u00a0casa.\u00a0Asentada sutilmente sobre una base de concreto revestida con piedra oscura, la construcci\u00f3n se levanta del suelo sobre un pedestal que la destaca en su entorno, casi como una pieza de papel doblado sobre una mesa. Una vez adentro, el espacio parece estar apenas definido por un per\u00edmetro cerrado parcialmente. Los ventanales, tambi\u00e9n triangulares, recortan el paisaje exterior y lo dejan ver de manera intermitente.<\/p>\n<div id=\"attachment_18774\" style=\"width: 1406px\" class=\"wp-caption alignnone\"><img aria-describedby=\"caption-attachment-18774\" loading=\"lazy\" class=\"alignnone size-full wp-image-18774\" src=\"https:\/\/dicaduninter.files.wordpress.com\/2018\/07\/arquitectura-3.jpg\" alt=\"Dise\u00f1os particulares\" width=\"1396\" height=\"900\" \/><p id=\"caption-attachment-18774\" class=\"wp-caption-text\">Dise\u00f1os particulares<\/p><\/div>\n<p style=\"text-align:justify;\">Nuevamente afuera, haciendo eco a la casa misma,<strong>\u00a0<\/strong>una escultura de la artista peruana Ver\u00f3nica Wiese\u00a0se posa dentro de un espejo de agua sobre la plataforma p\u00e9trea que sostiene a la vivienda. El proyecto es al mismo tiempo, y de manera categ\u00f3rica, una galer\u00eda y una residencia que se presenta como una figura abstracta sobre un fondo ajardinado. Sus quiebres y sus \u00e1ngulos buscan la luz y el paisaje como testigo de una\u00a0arquitectura\u00a0que opera en la confluencia entre lo emocional y lo pragm\u00e1tico.<\/p>\n<h5>Fuente:\u00a0<a href=\"https:\/\/revistaaxxis.com.co\/\" target=\"_blank\" rel=\"noopener\">revistaaxxis.com.co<\/a><\/h5>\n<p style=\"text-align:right;\"><a href=\"https:\/\/universidad.uninter.edu.mx\/\" target=\"_blank\" rel=\"noopener\">Universidad Internacional Uninter<\/a><\/p>\n<p style=\"text-align:right;\"><a href=\"https:\/\/universidad.uninter.edu.mx\/carreras\/ARQ\" target=\"_blank\" rel=\"noopener\">Licenciatura en Arquitectura<\/a><\/p>\n<p><a href=\"https:\/\/www.uninter.edu.mx\/\" target=\"_blank\" rel=\"noopener\"><img loading=\"lazy\" class=\"alignnone size-full wp-image-18085\" src=\"https:\/\/dicaduninter.files.wordpress.com\/2018\/06\/universidad-internacional.png\" alt=\"Universidad Internacional\" width=\"700\" height=\"106\" \/><\/a><br \/>\n&nbsp;<\/p>\n","protected":false},"excerpt":{"rendered":"<p>&nbsp; &nbsp; &nbsp; La\u00a0arquitectura\u00a0es una profesi\u00f3n inestable. Se mueve y atraviesa \u00e1mbitos t\u00e9cnicos, est\u00e9ticos, sociales, urbanos, econ\u00f3micos y legales. Una de las discusiones m\u00e1s recurrentes sobre este tema se centra en la cercan\u00eda que tiene con el arte. Es dif\u00edcil negar que ambas disciplinas comparten un quehacer que surge desde las formas, los materiales, el&hellip;<\/p>\n","protected":false},"author":1,"featured_media":18772,"comment_status":"closed","ping_status":"open","sticky":false,"template":"","format":"standard","meta":[],"categories":[4,27],"tags":[35,59,60,181,529,530,639],"_links":{"self":[{"href":"https:\/\/blogs.uninter.edu.mx\/ESCAT2\/index.php?rest_route=\/wp\/v2\/posts\/18764"}],"collection":[{"href":"https:\/\/blogs.uninter.edu.mx\/ESCAT2\/index.php?rest_route=\/wp\/v2\/posts"}],"about":[{"href":"https:\/\/blogs.uninter.edu.mx\/ESCAT2\/index.php?rest_route=\/wp\/v2\/types\/post"}],"author":[{"embeddable":true,"href":"https:\/\/blogs.uninter.edu.mx\/ESCAT2\/index.php?rest_route=\/wp\/v2\/users\/1"}],"replies":[{"embeddable":true,"href":"https:\/\/blogs.uninter.edu.mx\/ESCAT2\/index.php?rest_route=%2Fwp%2Fv2%2Fcomments&post=18764"}],"version-history":[{"count":0,"href":"https:\/\/blogs.uninter.edu.mx\/ESCAT2\/index.php?rest_route=\/wp\/v2\/posts\/18764\/revisions"}],"wp:featuredmedia":[{"embeddable":true,"href":"https:\/\/blogs.uninter.edu.mx\/ESCAT2\/index.php?rest_route=\/wp\/v2\/media\/18772"}],"wp:attachment":[{"href":"https:\/\/blogs.uninter.edu.mx\/ESCAT2\/index.php?rest_route=%2Fwp%2Fv2%2Fmedia&parent=18764"}],"wp:term":[{"taxonomy":"category","embeddable":true,"href":"https:\/\/blogs.uninter.edu.mx\/ESCAT2\/index.php?rest_route=%2Fwp%2Fv2%2Fcategories&post=18764"},{"taxonomy":"post_tag","embeddable":true,"href":"https:\/\/blogs.uninter.edu.mx\/ESCAT2\/index.php?rest_route=%2Fwp%2Fv2%2Ftags&post=18764"}],"curies":[{"name":"wp","href":"https:\/\/api.w.org\/{rel}","templated":true}]}}