{"id":18814,"date":"2018-07-15T15:40:40","date_gmt":"2018-07-15T20:40:40","guid":{"rendered":"http:\/\/escatuninter.blog\/?p=18814"},"modified":"2018-07-15T15:40:40","modified_gmt":"2018-07-15T20:40:40","slug":"el-vecindario-de-airbnb-noticiasescat-arquninter","status":"publish","type":"post","link":"https:\/\/blogs.uninter.edu.mx\/ESCAT2\/?p=18814","title":{"rendered":"El vecindario de Airbnb #NoticiasESCAT #ARQUninter"},"content":{"rendered":"<p><a href=\"https:\/\/www.facebook.com\/EscatUninter\/\" target=\"_blank\" rel=\"noopener\"><img loading=\"lazy\" class=\" size-full wp-image-18086 alignright\" src=\"https:\/\/dicaduninter.files.wordpress.com\/2018\/06\/logo-escat.png\" alt=\"logo-escat\" width=\"230\" height=\"96\" \/><\/a><br \/>\n&nbsp;<br \/>\n&nbsp;<br \/>\n&nbsp;<\/p>\n<p style=\"text-align:justify;\">Las oficinas de la sede principal de\u00a0Airbnb, en\u00a0Dubl\u00edn, Irlanda, dise\u00f1adas por el estudio de arquitectura\u00a0Heneghan Peng Architects, se alinean con el quehacer de la compa\u00f1\u00eda de manera original.<\/p>\n<p>&nbsp;<br \/>\n<\/p>\n<p style=\"text-align:justify;\">Se trata de la recuperaci\u00f3n de un antiguo edificio industrial cuyo interior fue adaptado al uso de oficinas mediante la construcci\u00f3n de una serie de\u00a0apartamentos\u00a0alrededor de la nave central de la estructura. Esto, con el prop\u00f3sito de facilitar el encuentro y la comunicaci\u00f3n entre los trabajadores.<\/p>\n<div id=\"attachment_18828\" style=\"width: 1149px\" class=\"wp-caption alignnone\"><img aria-describedby=\"caption-attachment-18828\" loading=\"lazy\" class=\"alignnone size-full wp-image-18828\" src=\"https:\/\/dicaduninter.files.wordpress.com\/2018\/07\/airbnb-heneghan-peng-architects-5.jpg\" alt=\"Vecindario AIRBNB\" width=\"1139\" height=\"900\" \/><p id=\"caption-attachment-18828\" class=\"wp-caption-text\">Vecindario AIRBNB<\/p><\/div>\n<p class=\"p1\" style=\"text-align:justify;\">El concepto es equivalente al de un vecindario: se subdividen las \u00e1reas de trabajo en primarias y secundarias. La primera est\u00e1 conformada por\u00a029 apartamentos,\u00a0cada uno con caracter\u00edsticas y elementos iguales; la segunda se compone de un gran atrio, salas de reuniones y servicios (cocina).<\/p>\n<p class=\"p1\" style=\"text-align:justify;\">La suma de uno y otro vecindario genera conexiones, tanto visuales como f\u00edsicas, manifiestas a lo largo del atrio central. Con ello se logra un balance adecuado entre privacidad y socializaci\u00f3n, afirman\u00a0los autores\u00a0del\u00a0dise\u00f1o.\u00a0Pero eso no es todo: el atrio contiene una escalera de grandes proporciones, que une el basamento con el primer nivel y act\u00faa como una especie de \u00e1gora, ya que est\u00e1 dise\u00f1ada \u2013b\u00e1sicamente\u2013 para ser un espacio de conferencias donde se disponen mesas y un proyector, y donde es posible que el equipo trabaje de manera distendida.<\/p>\n<div id=\"attachment_18829\" style=\"width: 2095px\" class=\"wp-caption alignnone\"><img aria-describedby=\"caption-attachment-18829\" loading=\"lazy\" class=\"alignnone size-full wp-image-18829\" src=\"https:\/\/dicaduninter.files.wordpress.com\/2018\/07\/airbnb-heneghan-peng-architects-4.jpg\" alt=\"Espacio de conferencias\" width=\"2085\" height=\"900\" \/><p id=\"caption-attachment-18829\" class=\"wp-caption-text\">Espacio de conferencias<\/p><\/div>\n<h5>Fuente:\u00a0<a href=\"https:\/\/revistaaxxis.com.co\/\" target=\"_blank\" rel=\"noopener\">revistaaxxis.com.co<\/a><\/h5>\n<p>&nbsp;<\/p>\n<p style=\"text-align:right;\"><a href=\"https:\/\/universidad.uninter.edu.mx\/\" target=\"_blank\" rel=\"noopener\">Universidad Internacional Uninter<\/a><\/p>\n<p style=\"text-align:right;\"><a href=\"https:\/\/universidad.uninter.edu.mx\/carreras\/ARQ\" target=\"_blank\" rel=\"noopener\">Licenciatura en Arquitectura<\/a><\/p>\n<p style=\"text-align:left;\"><a href=\"https:\/\/www.uninter.edu.mx\/\" target=\"_blank\" rel=\"noopener\"><img loading=\"lazy\" class=\"alignnone size-full wp-image-17584\" src=\"https:\/\/dicaduninter.files.wordpress.com\/2018\/04\/universidad-internacional.png\" alt=\"https:\/\/www.uninter.edu.mx\/\" width=\"700\" height=\"106\" \/><\/a><\/p>\n<p>&nbsp;<\/p>\n","protected":false},"excerpt":{"rendered":"<p>&nbsp; &nbsp; &nbsp; Las oficinas de la sede principal de\u00a0Airbnb, en\u00a0Dubl\u00edn, Irlanda, dise\u00f1adas por el estudio de arquitectura\u00a0Heneghan Peng Architects, se alinean con el quehacer de la compa\u00f1\u00eda de manera original. &nbsp; Se trata de la recuperaci\u00f3n de un antiguo edificio industrial cuyo interior fue adaptado al uso de oficinas mediante la construcci\u00f3n de una&hellip;<\/p>\n","protected":false},"author":1,"featured_media":18821,"comment_status":"closed","ping_status":"open","sticky":false,"template":"","format":"standard","meta":[],"categories":[4,7,27],"tags":[31,35,59,60,574],"_links":{"self":[{"href":"https:\/\/blogs.uninter.edu.mx\/ESCAT2\/index.php?rest_route=\/wp\/v2\/posts\/18814"}],"collection":[{"href":"https:\/\/blogs.uninter.edu.mx\/ESCAT2\/index.php?rest_route=\/wp\/v2\/posts"}],"about":[{"href":"https:\/\/blogs.uninter.edu.mx\/ESCAT2\/index.php?rest_route=\/wp\/v2\/types\/post"}],"author":[{"embeddable":true,"href":"https:\/\/blogs.uninter.edu.mx\/ESCAT2\/index.php?rest_route=\/wp\/v2\/users\/1"}],"replies":[{"embeddable":true,"href":"https:\/\/blogs.uninter.edu.mx\/ESCAT2\/index.php?rest_route=%2Fwp%2Fv2%2Fcomments&post=18814"}],"version-history":[{"count":0,"href":"https:\/\/blogs.uninter.edu.mx\/ESCAT2\/index.php?rest_route=\/wp\/v2\/posts\/18814\/revisions"}],"wp:featuredmedia":[{"embeddable":true,"href":"https:\/\/blogs.uninter.edu.mx\/ESCAT2\/index.php?rest_route=\/wp\/v2\/media\/18821"}],"wp:attachment":[{"href":"https:\/\/blogs.uninter.edu.mx\/ESCAT2\/index.php?rest_route=%2Fwp%2Fv2%2Fmedia&parent=18814"}],"wp:term":[{"taxonomy":"category","embeddable":true,"href":"https:\/\/blogs.uninter.edu.mx\/ESCAT2\/index.php?rest_route=%2Fwp%2Fv2%2Fcategories&post=18814"},{"taxonomy":"post_tag","embeddable":true,"href":"https:\/\/blogs.uninter.edu.mx\/ESCAT2\/index.php?rest_route=%2Fwp%2Fv2%2Ftags&post=18814"}],"curies":[{"name":"wp","href":"https:\/\/api.w.org\/{rel}","templated":true}]}}