{"id":19157,"date":"2018-08-08T13:11:41","date_gmt":"2018-08-08T18:11:41","guid":{"rendered":"http:\/\/escatuninter.blog\/?p=19157"},"modified":"2018-08-08T13:11:41","modified_gmt":"2018-08-08T18:11:41","slug":"felicidades-alumnos-de-arquitectura-e-ingenieria-civil-noticiasescat-arquninter-iciuninter","status":"publish","type":"post","link":"https:\/\/blogs.uninter.edu.mx\/ESCAT2\/?p=19157","title":{"rendered":"Felicidades Alumnos de Arquitectura e Ingenier\u00eda Civil #NoticiasESCAT #ARQUninter #ICIUninter"},"content":{"rendered":"<p><a href=\"https:\/\/www.facebook.com\/EscatUninter\/\" target=\"_blank\" rel=\"noopener\"><img loading=\"lazy\" class=\" size-full wp-image-19049 alignright\" src=\"https:\/\/dicaduninter.files.wordpress.com\/2018\/07\/logo-escat.png\" alt=\"logo-escat\" width=\"230\" height=\"91\" \/><\/a><br \/>\n&nbsp;<br \/>\n&nbsp;<br \/>\n&nbsp;<\/p>\n<p style=\"text-align:justify;\">Con mucho agrado la Direcci\u00f3n de Arquitectura e Ingenier\u00eda Civil felicita por este medio a los graduados de la generaci\u00f3n 2014-2018, quienes el pasado Jueves 12 de julio del presente a\u00f1o recibieron sus respectivos diplomas y reconocimientos en la ceremonia organizada para ese fin.<\/p>\n<p style=\"text-align:justify;\">Hacemos una especial felicitaci\u00f3n para las egresadas de Ingenier\u00eda Civil Metzli Yamile N\u00e1jera L\u00f3pez y Abdiel Abigail Torres L\u00f3pez, quienes recibieron diploma de excelencia por su promedio general superior a 9.5<\/p>\n<p style=\"text-align:justify;\">Los graduados Arquitectura: Diana Franco Lemus, Aime\u00e9 Salgado Mu\u00f1oz .<\/p>\n<p style=\"text-align:justify;\">Los Graduados Ingenier\u00eda Civil:\u00a0Metzli Yamile N\u00e1jera L\u00f3pez, Abdiel Abigail Torres L\u00f3pez, Amayranni Vianey Lugo Arriaga, Manuel Mendoza L\u00f3pez, Lorenzo D\u00edaz Ochoa, Julio Guadarrama Bautista, Rodrigo Herrera Ramos, Armando Mart\u00ednez Rojas, Horacio Sebasti\u00e1n Mendarte Romero, Pablo Daniel Rom\u00e1n Acevedo, Valente R\u00f3mulo Meraza y Esvin Salgado Pineda.<\/p>\n<p>&nbsp;<br \/>\n<\/p>\n<p style=\"text-align:right;\"><a href=\"https:\/\/universidad.uninter.edu.mx\/\" target=\"_blank\" rel=\"noopener\">Universidad Internacional Uninter<\/a><\/p>\n<p style=\"text-align:right;\"><a href=\"https:\/\/universidad.uninter.edu.mx\/carreras\/ARQ\" target=\"_blank\" rel=\"noopener\">Licenciatura en Arquitectura<\/a><\/p>\n<p style=\"text-align:right;\"><a href=\"https:\/\/universidad.uninter.edu.mx\/carreras\/ICI\" target=\"_blank\" rel=\"noopener\">Licenciatura en Ingenier\u00eda Civil<\/a><\/p>\n<p><a href=\"https:\/\/www.uninter.edu.mx\/\" target=\"_blank\" rel=\"noopener\"><img loading=\"lazy\" class=\" size-full wp-image-19050 aligncenter\" src=\"https:\/\/dicaduninter.files.wordpress.com\/2018\/07\/universidad-internacional.png\" alt=\"universidad-internacional\" width=\"700\" height=\"106\" \/><\/a><br \/>\n&nbsp;<\/p>\n","protected":false},"excerpt":{"rendered":"<p>&nbsp; &nbsp; &nbsp; Con mucho agrado la Direcci\u00f3n de Arquitectura e Ingenier\u00eda Civil felicita por este medio a los graduados de la generaci\u00f3n 2014-2018, quienes el pasado Jueves 12 de julio del presente a\u00f1o recibieron sus respectivos diplomas y reconocimientos en la ceremonia organizada para ese fin. Hacemos una especial felicitaci\u00f3n para las egresadas de&hellip;<\/p>\n","protected":false},"author":1,"featured_media":19276,"comment_status":"closed","ping_status":"open","sticky":false,"template":"","format":"standard","meta":[],"categories":[4,16,27],"tags":[35,60,759],"_links":{"self":[{"href":"https:\/\/blogs.uninter.edu.mx\/ESCAT2\/index.php?rest_route=\/wp\/v2\/posts\/19157"}],"collection":[{"href":"https:\/\/blogs.uninter.edu.mx\/ESCAT2\/index.php?rest_route=\/wp\/v2\/posts"}],"about":[{"href":"https:\/\/blogs.uninter.edu.mx\/ESCAT2\/index.php?rest_route=\/wp\/v2\/types\/post"}],"author":[{"embeddable":true,"href":"https:\/\/blogs.uninter.edu.mx\/ESCAT2\/index.php?rest_route=\/wp\/v2\/users\/1"}],"replies":[{"embeddable":true,"href":"https:\/\/blogs.uninter.edu.mx\/ESCAT2\/index.php?rest_route=%2Fwp%2Fv2%2Fcomments&post=19157"}],"version-history":[{"count":0,"href":"https:\/\/blogs.uninter.edu.mx\/ESCAT2\/index.php?rest_route=\/wp\/v2\/posts\/19157\/revisions"}],"wp:featuredmedia":[{"embeddable":true,"href":"https:\/\/blogs.uninter.edu.mx\/ESCAT2\/index.php?rest_route=\/wp\/v2\/media\/19276"}],"wp:attachment":[{"href":"https:\/\/blogs.uninter.edu.mx\/ESCAT2\/index.php?rest_route=%2Fwp%2Fv2%2Fmedia&parent=19157"}],"wp:term":[{"taxonomy":"category","embeddable":true,"href":"https:\/\/blogs.uninter.edu.mx\/ESCAT2\/index.php?rest_route=%2Fwp%2Fv2%2Fcategories&post=19157"},{"taxonomy":"post_tag","embeddable":true,"href":"https:\/\/blogs.uninter.edu.mx\/ESCAT2\/index.php?rest_route=%2Fwp%2Fv2%2Ftags&post=19157"}],"curies":[{"name":"wp","href":"https:\/\/api.w.org\/{rel}","templated":true}]}}