{"id":19191,"date":"2018-07-23T14:08:30","date_gmt":"2018-07-23T19:08:30","guid":{"rendered":"http:\/\/escatuninter.blog\/?p=19191"},"modified":"2018-07-23T14:08:30","modified_gmt":"2018-07-23T19:08:30","slug":"in-your-face-del-diseno-grafico-a-la-impresion-digital-noticiasescat-ldguninter","status":"publish","type":"post","link":"https:\/\/blogs.uninter.edu.mx\/ESCAT2\/?p=19191","title":{"rendered":"&#8220;In your face&#8221;: del dise\u00f1o gr\u00e1fico a la impresi\u00f3n digital #NoticiasESCAT #LDGUninter"},"content":{"rendered":"<p><a href=\"http:\/\/facebook.com\/EscatUninter\" target=\"_blank\" rel=\"noopener\"><img loading=\"lazy\" class=\"  wp-image-18086 alignright\" src=\"https:\/\/dicaduninter.files.wordpress.com\/2018\/06\/logo-escat.png\" alt=\"logo-escat\" width=\"230\" height=\"96\" \/><\/a><br \/>\n&nbsp;<br \/>\n&nbsp;<br \/>\n&nbsp;<\/p>\n<p style=\"text-align:justify;\"><strong><em>In your face<\/em><\/strong> es una empresa canaria que naci\u00f3 en 2015 de la mano de dos emprendedores, Svetlana Kolpikova y Rafa Benavent, que decidieron lanzarse al mundo de la impresi\u00f3n digital para abrirse nuevas oportunidades en el mercado laboral. Svetlana Kolpikova, fundadora de le empresa nos cuenta la dif\u00edcil y a la vez esperanzadora historia de \u00e9xito de la empresa de rotulaci\u00f3n <em><strong>In your Face.<\/strong><\/em><\/p>\n<div id=\"attachment_19192\" style=\"width: 990px\" class=\"wp-caption aligncenter\"><img aria-describedby=\"caption-attachment-19192\" loading=\"lazy\" class=\"alignnone size-full wp-image-19192\" src=\"https:\/\/dicaduninter.files.wordpress.com\/2018\/07\/in-your-face.jpeg\" alt=\"In Your Face\" width=\"980\" height=\"560\" \/><p id=\"caption-attachment-19192\" class=\"wp-caption-text\">In Your Face<\/p><\/div>\n<p style=\"text-align:justify;\">Empezaron el negocio con su pareja cuando \u00e9ste se qued\u00f3 en el paro despu\u00e9s de veinte a\u00f1os como dise\u00f1ador. Svetlana explica: <em>\u201cNo ten\u00edamos perspectivas laborales y crear nuestro propio negocio fue la \u00fanica opci\u00f3n para salir adelante.\u201d<\/em><\/p>\n<p style=\"text-align:justify;\">A\u00f1ade, \u201c<em>Para complicar las cosas, en aquel momento no conseguimos ning\u00fan pr\u00e9stamo del banco y tuvimos que montar nuestro negocio de rotulaci\u00f3n desde cero en nuestro apartamento de alquiler de 30 m\u00b2\u201d.<\/em> Literalmente, los dos emprendedores dorm\u00edan y viv\u00edan en el trabajo.<\/p>\n<p style=\"text-align:justify;\">Empezaron sin recursos y sin ninguna experiencia en el sector de la rotulaci\u00f3n. Poco a poco la empresa fue especializ\u00e1ndose hacia el mundo de la n\u00e1utica y de los deportes imprimiendo ropa personalizada, skates, tablas de windsurf, botellas de buceo, etc.<\/p>\n<div id=\"attachment_19193\" style=\"width: 990px\" class=\"wp-caption aligncenter\"><img aria-describedby=\"caption-attachment-19193\" loading=\"lazy\" class=\"alignnone size-full wp-image-19193\" src=\"https:\/\/dicaduninter.files.wordpress.com\/2018\/07\/rafa-benavent.jpeg\" alt=\"Rafa Benavent\" width=\"980\" height=\"560\" \/><p id=\"caption-attachment-19193\" class=\"wp-caption-text\">Rafa Benavent<\/p><\/div>\n<p style=\"text-align:justify;\">Una de las impresiones m\u00e1s llamativas que hacen son los adhesivos para velas de Windsurf, algo muy dif\u00edcil de conseguir debido al constante desarrollo y cambios en los materiales utilizados para este deporte. Svetlana explica: <em>\u201cNos ha costado mucho encontrar el vinilo adecuado, pero al final hemos conseguido crear dise\u00f1os incre\u00edbles\u201d.<\/em><\/p>\n<p style=\"text-align:justify;\">A lo largo de sus dos a\u00f1os de trayectoria ya se han encontrado con grandes retos, como, por ejemplo, el pedido que les hizo <strong>Puerto Portals<\/strong> de rotular el velero de competici\u00f3n <em><strong>\u2018Phonemovil\u2019<\/strong><\/em> en 24 horas para el equipo de vela del ol\u00edmpico Fernando Le\u00f3n, esponsorizado por <strong>Maserati<\/strong>. El proyecto consist\u00eda en retirar completamente los adhesivos existentes y rotular el casco, la botavara y la vela, \u00a1desde el agua! Fue una operaci\u00f3n muy compleja y arriesgada, que triunf\u00f3.<\/p>\n<div id=\"attachment_19194\" style=\"width: 990px\" class=\"wp-caption aligncenter\"><img aria-describedby=\"caption-attachment-19194\" loading=\"lazy\" class=\"alignnone size-full wp-image-19194\" src=\"https:\/\/dicaduninter.files.wordpress.com\/2018\/07\/in-your-face-design.jpeg\" alt=\"In Your Face Design\" width=\"980\" height=\"560\" \/><p id=\"caption-attachment-19194\" class=\"wp-caption-text\">In Your Face Design<\/p><\/div>\n<p style=\"text-align:justify;\"><strong>In your face<\/strong> apost\u00f3 desde sus inicios por una <em>Roland VersaCAMM VS-540i<\/em> que les ha acompa\u00f1ado en su camino al \u00e9xito: <em>\u201cEscogimos a Roland por su versatilidad, nuestra impresora cortadora VersaCAMM VS-540i nos permite abarcar muchos materiales y tocar campos muy distintos, desde la rotulaci\u00f3n textil hasta la rotulaci\u00f3n de embarcaciones y yates\u201d.<\/em> Otro punto a favor de los equipos de impresi\u00f3n y corte Roland es su f\u00e1cil mantenimiento. La fundadora afirma: <em>\u201cEs muy sencillo tener el equipo siempre a punto para imprimir. Adem\u00e1s, la rutina de limpieza y sustituci\u00f3n de piezas es muy r\u00e1pida\u201d.<\/em><\/p>\n<div id=\"attachment_19195\" style=\"width: 990px\" class=\"wp-caption aligncenter\"><img aria-describedby=\"caption-attachment-19195\" loading=\"lazy\" class=\"alignnone size-full wp-image-19195\" src=\"https:\/\/dicaduninter.files.wordpress.com\/2018\/07\/trofeo-de-vela.jpeg\" alt=\"Trofeo de Vela\" width=\"980\" height=\"560\" \/><p id=\"caption-attachment-19195\" class=\"wp-caption-text\">Trofeo de Vela<\/p><\/div>\n<p style=\"text-align:justify;\">Actualmente, y tras dos a\u00f1os de esfuerzo y trabajo, <strong>In Your Face<\/strong> tiene una cartera de clientes s\u00f3lida y se ha convertido en una marca conocida entre los practicantes de <em>windsurf<\/em>, uno de sus sectores principales de actuaci\u00f3n. Este mes han trasladado su taller y negocio en un nuevo local comercial que han abierto al p\u00fablico este mes de junio.<\/p>\n<p style=\"text-align:justify;\">Adem\u00e1s de las nuevas instalaciones, hoy en d\u00eda la empresa colabora en m\u00faltiples eventos deportivos de Canarias, como el campeonato mundial de <em><strong>windsurfing PWA<\/strong><\/em>, y el reci\u00e9n estrenado campeonato privado de <strong>Stand Up Paddle Race \u201cLa Misteriosa\u201d<\/strong>. Tambi\u00e9n han recibido solicitudes de corredores de windsurf j\u00f3venes para mecenazgo, algo totalmente inesperado para ellos, ya que todav\u00eda se consideran una empresa peque\u00f1a.<\/p>\n<div id=\"attachment_19196\" style=\"width: 990px\" class=\"wp-caption aligncenter\"><img aria-describedby=\"caption-attachment-19196\" loading=\"lazy\" class=\"alignnone size-full wp-image-19196\" src=\"https:\/\/dicaduninter.files.wordpress.com\/2018\/07\/duec3b1os-de-in-your-face.jpeg\" alt=\"Due\u00f1os de In Your Face\" width=\"980\" height=\"560\" \/><p id=\"caption-attachment-19196\" class=\"wp-caption-text\">Due\u00f1os de In Your Face<\/p><\/div>\n<p style=\"text-align:justify;\"><em><strong>In your face<\/strong><\/em> ha participado en los <strong>Premios Roland Hero 2018<\/strong>, en los que <em>Roland DG<\/em> busca a sus clientes m\u00e1s especiales, tanto por sus proyectos, volumen de negocio, calidad, creatividad, etc. \u00a1Todos pueden ser un Roland Hero! Los premios estar\u00e1n abiertos hasta finales de octubre y todav\u00eda es posible participar en la web www.rolandhero.com.<\/p>\n<p style=\"text-align:justify;\">Sobre su participaci\u00f3n en los premios Roland Hero Svetlana dice: <em>\u201cEstamos orgullosos de lo que hicimos y como crecimos. No, no somos una mega empresa, pero si nosotros no somos h\u00e9roes, \u00bfqui\u00e9n lo es?\u201d.<\/em><\/p>\n<h5>Fuente: <a href=\"https:\/\/www.interempresas.net\/Graficas\/Articulos\/220331-Navegando-a-toda-vela-con-In-your-face-del-diseno-grafico-a-la-impresion-digital.html\" target=\"_blank\" rel=\"noopener\">Interempresas<\/a><\/h5>\n<div class=\"headlineSingle wrapper wrapper--padding wrapper--smLarge--paddingNone containertit\">\n<p style=\"text-align:right;\"><a href=\"http:\/\/www.universidad.uninter.edu.mx\/\" target=\"_blank\" rel=\"noopener\">Universidad Internacional Uninter<\/a><\/p>\n<p style=\"text-align:right;\"><a href=\"https:\/\/universidad.uninter.edu.mx\/carreras\/LDG\" target=\"_blank\" rel=\"noopener\">Licenciatura en Dise\u00f1o Gr\u00e1fico<\/a><\/p>\n<p><a href=\"https:\/\/www.uninter.edu.mx\/\" target=\"_blank\" rel=\"noopener\"><img loading=\"lazy\" class=\" size-full wp-image-16844 aligncenter\" src=\"https:\/\/dicaduninter.files.wordpress.com\/2018\/03\/universidad-internacional.png\" alt=\"universidad-internacional\" width=\"700\" height=\"106\" \/><\/a>\n<\/div>\n<div class=\"floatLeft--sm width--smLarge--fullParent--OutAside cuerpo\">\n<figure class=\"articleHead\">\n<div class=\"articleHead__wrapperImg \"><\/div>\n<\/figure>\n<\/div>\n<p>&nbsp;<\/p>\n","protected":false},"excerpt":{"rendered":"<p>&nbsp; &nbsp; &nbsp; In your face es una empresa canaria que naci\u00f3 en 2015 de la mano de dos emprendedores, Svetlana Kolpikova y Rafa Benavent, que decidieron lanzarse al mundo de la impresi\u00f3n digital para abrirse nuevas oportunidades en el mercado laboral. Svetlana Kolpikova, fundadora de le empresa nos cuenta la dif\u00edcil y a la&hellip;<\/p>\n","protected":false},"author":1,"featured_media":19194,"comment_status":"closed","ping_status":"open","sticky":false,"template":"","format":"standard","meta":[],"categories":[9,11,27],"tags":[31,35,59,60,761,844,1314,1424,1691],"_links":{"self":[{"href":"https:\/\/blogs.uninter.edu.mx\/ESCAT2\/index.php?rest_route=\/wp\/v2\/posts\/19191"}],"collection":[{"href":"https:\/\/blogs.uninter.edu.mx\/ESCAT2\/index.php?rest_route=\/wp\/v2\/posts"}],"about":[{"href":"https:\/\/blogs.uninter.edu.mx\/ESCAT2\/index.php?rest_route=\/wp\/v2\/types\/post"}],"author":[{"embeddable":true,"href":"https:\/\/blogs.uninter.edu.mx\/ESCAT2\/index.php?rest_route=\/wp\/v2\/users\/1"}],"replies":[{"embeddable":true,"href":"https:\/\/blogs.uninter.edu.mx\/ESCAT2\/index.php?rest_route=%2Fwp%2Fv2%2Fcomments&post=19191"}],"version-history":[{"count":0,"href":"https:\/\/blogs.uninter.edu.mx\/ESCAT2\/index.php?rest_route=\/wp\/v2\/posts\/19191\/revisions"}],"wp:featuredmedia":[{"embeddable":true,"href":"https:\/\/blogs.uninter.edu.mx\/ESCAT2\/index.php?rest_route=\/wp\/v2\/media\/19194"}],"wp:attachment":[{"href":"https:\/\/blogs.uninter.edu.mx\/ESCAT2\/index.php?rest_route=%2Fwp%2Fv2%2Fmedia&parent=19191"}],"wp:term":[{"taxonomy":"category","embeddable":true,"href":"https:\/\/blogs.uninter.edu.mx\/ESCAT2\/index.php?rest_route=%2Fwp%2Fv2%2Fcategories&post=19191"},{"taxonomy":"post_tag","embeddable":true,"href":"https:\/\/blogs.uninter.edu.mx\/ESCAT2\/index.php?rest_route=%2Fwp%2Fv2%2Ftags&post=19191"}],"curies":[{"name":"wp","href":"https:\/\/api.w.org\/{rel}","templated":true}]}}