{"id":19262,"date":"2018-08-03T14:12:34","date_gmt":"2018-08-03T19:12:34","guid":{"rendered":"http:\/\/escatuninter.blog\/?p=19262"},"modified":"2018-08-03T14:12:34","modified_gmt":"2018-08-03T19:12:34","slug":"un-sonador-llamado-walt-disney-noticiasescat-ladduninter","status":"publish","type":"post","link":"https:\/\/blogs.uninter.edu.mx\/ESCAT2\/?p=19262","title":{"rendered":"Un so\u00f1ador llamado Walt Disney #NoticiasESCAT  #LADDUninter"},"content":{"rendered":"<p><a href=\"https:\/\/www.facebook.com\/EscatUninter\/\" target=\"_blank\" rel=\"noopener\"><img loading=\"lazy\" class=\"  wp-image-18086 alignright\" src=\"https:\/\/dicaduninter.files.wordpress.com\/2018\/06\/logo-escat.png\" alt=\"logo-escat\" width=\"230\" height=\"96\" \/><\/a><br \/>\n&nbsp;<br \/>\n&nbsp;<br \/>\n&nbsp;<\/p>\n<p style=\"text-align:justify;\"><em><strong>Walter Elias Disney<\/strong><\/em> nunca hizo amago de esconder al ni\u00f1o que siempre fue. El mismo que, con apenas siete a\u00f1os, ya vend\u00eda algunos de sus bocetos a los vecinos. Hijo de un carpintero y una maestra, comenz\u00f3 a trabajar dos a\u00f1os m\u00e1s tarde como repartidor de peri\u00f3dicos del Kansas City Star para contribuir as\u00ed al sustento de la familia. Y, sin haber cumplido los 17, falsific\u00f3 su partida de nacimiento para enrolarse como soldado en la Cruz Roja y combatir en la I Guerra Mundial.<\/p>\n<p style=\"text-align:justify;\">Estos antecedentes no disiparon nunca de su cabeza la idea de ser dibujante. Tanto que circula el rumor de que, en pleno conflicto b\u00e9lico, Disney ocupaba sus ratos libres llenando de dibujos la ambulancia que conduc\u00eda. Tras el fin de la guerra, regres\u00f3 a Kansas City para comenzar all\u00ed su carrera, dise\u00f1ando vi\u00f1etas publicitarias. Fue en 1920 cuando cre\u00f3 y comercializ\u00f3 sus primeros dibujos animados, que luego perfeccionar\u00eda mediante un novedoso m\u00e9todo que combinaba im\u00e1genes reales y animaci\u00f3n. Su siguiente parada fue Hollywood, donde fund\u00f3 junto a su hermano Roy el estudio que revolucionar\u00eda la narrativa visual y la industria del entretenimiento. Cuentan que ambos hermanos estuvieron tan unidos que, incluso, se llegaron a construir dos casas id\u00e9nticas en Los Angeles.<\/p>\n<div id=\"attachment_19263\" style=\"width: 646px\" class=\"wp-caption aligncenter\"><img aria-describedby=\"caption-attachment-19263\" loading=\"lazy\" class=\"alignnone size-full wp-image-19263\" src=\"https:\/\/dicaduninter.files.wordpress.com\/2018\/07\/walt-disney.jpg\" alt=\"Walt Disney\" width=\"640\" height=\"492\" \/><p id=\"caption-attachment-19263\" class=\"wp-caption-text\">Walt Disney<\/p><\/div>\n<p style=\"text-align:justify;\">Tras su paso por Barcelona, la muestra Disney. El arte de contar historias aterriza en Madrid recopilando un total de 215 piezas entre dibujos, pinturas, impresiones digitales, guiones, notas de producci\u00f3n y storyboards que narran la historia del popular estudio, comenzando por <em><strong>Los tres cerditos (1933)<\/strong> <\/em>y acabando con <em><strong>Frozen (2013)<\/strong><\/em>. Una selecci\u00f3n tan amplia como lo fue el abanico de t\u00e9cnicas que el productor puso a su disposici\u00f3n para dar fondo y forma a sus personajes y escenarios: desde la acuarela, el carboncillo o el pastel, hasta el grafito, la tinta, los acr\u00edlicos o la pintura digital. Cualquier opci\u00f3n era v\u00e1lida para colorear ese universo de entretenimiento que, seg\u00fan palabras del propio Disney, <em>&#8220;no distingue entre mayores y peque\u00f1os&#8221;.<\/em><\/p>\n<p><div id=\"attachment_19264\" style=\"width: 810px\" class=\"wp-caption aligncenter\"><img aria-describedby=\"caption-attachment-19264\" loading=\"lazy\" class=\"alignnone size-full wp-image-19264\" src=\"https:\/\/dicaduninter.files.wordpress.com\/2018\/07\/los-3-cerditos-1933.jpg\" alt=\"Los 3 cerditos (1933)\" width=\"800\" height=\"420\" \/><p id=\"caption-attachment-19264\" class=\"wp-caption-text\">Los 3 cerditos (1933)<\/p><\/div><br \/>\n<div id=\"attachment_19265\" style=\"width: 320px\" class=\"wp-caption aligncenter\"><img aria-describedby=\"caption-attachment-19265\" loading=\"lazy\" class=\"alignnone size-full wp-image-19265\" src=\"https:\/\/dicaduninter.files.wordpress.com\/2018\/07\/frozen-2013.jpg\" alt=\"Frozen (2013)\" width=\"314\" height=\"445\" \/><p id=\"caption-attachment-19265\" class=\"wp-caption-text\">Frozen (2013)<\/p><\/div><\/p>\n<p style=\"text-align:justify;\">Con el paso de los a\u00f1os, este heterog\u00e9neo p\u00fablico ha sido testigo de las m\u00faltiples versiones de una narrativa que no ha cesado de modernizarse sin renunciar por ello a su esencia. Mitos, f\u00e1bulas, leyendas y cuentos de hadas se han consolidado as\u00ed como argumentos imbatibles con los que convertir la animaci\u00f3n en un verdadero arte. Sirva de ejemplo <em><strong>Blancanieves y los siete enanitos (1937)<\/strong><\/em>, el primer largometraje de animaci\u00f3n de Disney, en el que mim\u00f3 con sumo cuidado y detalle el desarrollo de todos y cada uno de los personajes. Para ello, busc\u00f3 inspiraci\u00f3n en la tradici\u00f3n literaria europea, hasta decantarse por uno de los cuentos de los hermanos Grimm, publicado por primera vez en el a\u00f1o 1812.<\/p>\n<div id=\"attachment_19266\" style=\"width: 2010px\" class=\"wp-caption aligncenter\"><img aria-describedby=\"caption-attachment-19266\" loading=\"lazy\" class=\"alignnone size-full wp-image-19266\" src=\"https:\/\/dicaduninter.files.wordpress.com\/2018\/07\/esbozo-de-blancanieves-y-los-siete-enanitos-1937.jpg\" alt=\"Esbozo de Blancanieves y los siete enanitos (1937)\" width=\"2000\" height=\"1678\" \/><p id=\"caption-attachment-19266\" class=\"wp-caption-text\">Esbozo de Blancanieves y los siete enanitos (1937)<\/p><\/div>\n<p style=\"text-align:justify;\">Tampoco pod\u00edan faltar en la exposici\u00f3n alusiones a\u00a0<strong><em>La bella durmiente<\/em>\u00a0(1959)<\/strong>, en cuya adaptaci\u00f3n Disney aporta elementos nuevos como, por ejemplo, la reducci\u00f3n del n\u00famero de hadas. Sin embargo, fue la c\u00e9lebre\u00a0Mal\u00e9fica quien acapar\u00f3 m\u00e1s atenciones por parte del productor. <em>&#8220;De todas las emocionantes leyendas de pr\u00edncipes y princesas, de brujas y hadas, y del triunfo del Bien sobre el Mal, siempre he encontrado\u00a0La bella durmiente\u00a0la m\u00e1s emotiva&#8221;<\/em>, asegur\u00f3 el propio Disney en el mismo a\u00f1o de su estreno.<\/p>\n<div id=\"attachment_19268\" style=\"width: 1426px\" class=\"wp-caption aligncenter\"><img aria-describedby=\"caption-attachment-19268\" loading=\"lazy\" class=\"alignnone size-full wp-image-19268\" src=\"https:\/\/dicaduninter.files.wordpress.com\/2018\/07\/la-bella-durmiente-1959.jpg\" alt=\"La bella durmiente (1959)\" width=\"1416\" height=\"976\" \/><p id=\"caption-attachment-19268\" class=\"wp-caption-text\">La bella durmiente (1959)<\/p><\/div>\n<p style=\"text-align:justify;\">Dos d\u00e9cadas atr\u00e1s, Disney ya hab\u00eda considerado la posibilidad de rodar un filme con im\u00e1genes reales sobre la vida de Hans Christian Andersen, autor de t\u00edtulos tan c\u00e9lebres como <strong><em>El patito feo<\/em><\/strong>, <strong><em>Pulgarcita<\/em><\/strong> o <em><strong>La princesa y el guisante<\/strong><\/em>. Su idea era que la cinta tambi\u00e9n incluyera algunas de sus historias mediante peque\u00f1as secuencias de animaci\u00f3n, entre las que se encontraba <em><strong>La sirenita<\/strong><\/em>. Pese a que este proyecto no lleg\u00f3 a ver la luz, la encantadora Ariel salt\u00f3 a la gran pantalla en 1990, tras una larga preproducci\u00f3n. Howard Ashman, productor y compositor de la cinta, <em>&#8220;estaba convencido de que, gracias a la animaci\u00f3n y sus caracter\u00edsticas, el p\u00fablico aceptar\u00eda sin problemas la convenci\u00f3n de que los personajes rompan a cantar&#8221;.<\/em><\/p>\n<div id=\"attachment_19270\" style=\"width: 666px\" class=\"wp-caption aligncenter\"><img aria-describedby=\"caption-attachment-19270\" loading=\"lazy\" class=\"alignnone size-full wp-image-19270\" src=\"https:\/\/dicaduninter.files.wordpress.com\/2018\/07\/esbozo-de-la-sirenita-1989.jpg\" alt=\"Esbozo de La Sirenita (1989)\" width=\"660\" height=\"660\" \/><p id=\"caption-attachment-19270\" class=\"wp-caption-text\">Esbozo de La Sirenita (1989)<\/p><\/div>\n<p style=\"text-align:justify;\">Mundialmente conocido como el padre de <strong>Mickey Mouse<\/strong>, a quien Disney prest\u00f3 con orgullo su voz durante la friolera de 16 a\u00f1os, el popular rat\u00f3n no pod\u00eda permanecer ausente. A modo de an\u00e9cdota, cabe mencionar que, tras celebrar su 50 aniversario, Mickey Mouse se convirti\u00f3 en 1978 en el primer personaje de dibujos animados en obtener una estrella en el Paseo de la Fama de Hollywood. Pese a su indiscutible reconocimiento, el rat\u00f3n vio en 1949 c\u00f3mo su popularidad se vio superada por la de otro de los \u00e9xitos m\u00e1s rotundos de Disney: <strong>el Pato Donald<\/strong>.<\/p>\n<p><div id=\"attachment_19271\" style=\"width: 494px\" class=\"wp-caption aligncenter\"><img aria-describedby=\"caption-attachment-19271\" loading=\"lazy\" class=\"alignnone size-full wp-image-19271\" src=\"https:\/\/dicaduninter.files.wordpress.com\/2018\/07\/mickey-mouse.jpg\" alt=\"Mickey Mouse\" width=\"488\" height=\"532\" \/><p id=\"caption-attachment-19271\" class=\"wp-caption-text\">Mickey Mouse<\/p><\/div><br \/>\n<div id=\"attachment_19272\" style=\"width: 475px\" class=\"wp-caption aligncenter\"><img aria-describedby=\"caption-attachment-19272\" loading=\"lazy\" class=\"alignnone  wp-image-19272\" src=\"https:\/\/dicaduninter.files.wordpress.com\/2018\/07\/pato-donald.jpg\" alt=\"Pato Donald\" width=\"469\" height=\"508\" \/><p id=\"caption-attachment-19272\" class=\"wp-caption-text\">Pato Donald<\/p><\/div><\/p>\n<p style=\"text-align:justify;\">Cuatro a\u00f1os despu\u00e9s de que Eleanor Roosevelt, primera dama de Estados Unidos, enviase una carta en la que encarec\u00eda a los estudios que contaran la historia de <em><strong>Pedro el, desgre\u00f1ado<\/strong><\/em>, firmada por el alem\u00e1n Heinrich Hoffmann, Donald apareci\u00f3 protagonizando dicha historia en clave de f\u00e1bula.<\/p>\n<p style=\"text-align:justify;\">Otra de las m\u00edticas narraciones que encontr\u00f3 posteriormente su r\u00e9plica en la gran pantalla es la <em><strong>Leyenda del Rey Arturo<\/strong><\/em>, cuyos primeros testimonios escritos datan del siglo IX. Aunque Walt Disney nunca lo supo, sirvi\u00f3 de modelo (espiritual) para el personaje del c\u00e9lebre mago en <strong><em>Merl\u00edn, el encantador (1963)<\/em><\/strong>. El guionista Bill Peet calific\u00f3 en cierta ocasi\u00f3n a ambos como unos <span style=\"text-decoration:underline;\"><em>&#8220;genios brillantes, malhumorados y traviesos&#8221;<\/em><\/span>. Hoy en d\u00eda, la cinta sigue manteniendo su encanto.<\/p>\n<div id=\"attachment_19274\" style=\"width: 666px\" class=\"wp-caption aligncenter\"><img aria-describedby=\"caption-attachment-19274\" loading=\"lazy\" class=\"alignnone size-full wp-image-19274\" src=\"https:\/\/dicaduninter.files.wordpress.com\/2018\/07\/merlc3adn-el-encantador-1963.jpg\" alt=\"Merl\u00edn, el encantador (1963)\" width=\"660\" height=\"374\" \/><p id=\"caption-attachment-19274\" class=\"wp-caption-text\">Merl\u00edn, el encantador (1963)<\/p><\/div>\n<p style=\"text-align:justify;\">Como todo cuento que se precie, la exposici\u00f3n presenta sus propios planteamiento, nudo y desenlace, que culminan con la llegada al castillo, el s\u00edmbolo de sus parque tem\u00e1ticos y de su productora, donde, ya se sabe, las historias siempre terminan bien. Lo dijo el propio Disney, <em>&#8220;todos nuestros sue\u00f1os pueden convertirse en realidad si tenemos la valent\u00eda de perseguirlos&#8221;.<\/em><\/p>\n<h5>Fuente: <a href=\"http:\/\/www.elmundo.es\/metropoli\/arte\/2018\/07\/17\/5b463c4d468aeb14458b45c6.html\" target=\"_blank\" rel=\"noopener\">El Mundo<\/a><\/h5>\n<p style=\"text-align:right;\"><a href=\"https:\/\/universidad.uninter.edu.mx\/\" target=\"_blank\" rel=\"noopener\">Universidad Internacional Uninter<\/a><\/p>\n<p style=\"text-align:right;\"><a href=\"https:\/\/universidad.uninter.edu.mx\/carreras\/LADD\" target=\"_blank\" rel=\"noopener\">Licenciatura en Animaci\u00f3n y Dise\u00f1o Digital<\/a><\/p>\n<p><a href=\"https:\/\/www.uninter.edu.mx\/\" target=\"_blank\" rel=\"noopener\"><img loading=\"lazy\" class=\" size-full wp-image-18085 aligncenter\" src=\"https:\/\/dicaduninter.files.wordpress.com\/2018\/06\/universidad-internacional.png\" alt=\"universidad-internacional\" width=\"700\" height=\"106\" \/><\/a><\/p>\n<h5><\/h5>\n<p>&nbsp;<\/p>\n","protected":false},"excerpt":{"rendered":"<p>&nbsp; &nbsp; &nbsp; Walter Elias Disney nunca hizo amago de esconder al ni\u00f1o que siempre fue. El mismo que, con apenas siete a\u00f1os, ya vend\u00eda algunos de sus bocetos a los vecinos. Hijo de un carpintero y una maestra, comenz\u00f3 a trabajar dos a\u00f1os m\u00e1s tarde como repartidor de peri\u00f3dicos del Kansas City Star para&hellip;<\/p>\n","protected":false},"author":1,"featured_media":19263,"comment_status":"closed","ping_status":"open","sticky":false,"template":"","format":"standard","meta":[],"categories":[3,11,27],"tags":[30,31,35,59,60,532,991,1248,1682],"_links":{"self":[{"href":"https:\/\/blogs.uninter.edu.mx\/ESCAT2\/index.php?rest_route=\/wp\/v2\/posts\/19262"}],"collection":[{"href":"https:\/\/blogs.uninter.edu.mx\/ESCAT2\/index.php?rest_route=\/wp\/v2\/posts"}],"about":[{"href":"https:\/\/blogs.uninter.edu.mx\/ESCAT2\/index.php?rest_route=\/wp\/v2\/types\/post"}],"author":[{"embeddable":true,"href":"https:\/\/blogs.uninter.edu.mx\/ESCAT2\/index.php?rest_route=\/wp\/v2\/users\/1"}],"replies":[{"embeddable":true,"href":"https:\/\/blogs.uninter.edu.mx\/ESCAT2\/index.php?rest_route=%2Fwp%2Fv2%2Fcomments&post=19262"}],"version-history":[{"count":0,"href":"https:\/\/blogs.uninter.edu.mx\/ESCAT2\/index.php?rest_route=\/wp\/v2\/posts\/19262\/revisions"}],"wp:featuredmedia":[{"embeddable":true,"href":"https:\/\/blogs.uninter.edu.mx\/ESCAT2\/index.php?rest_route=\/wp\/v2\/media\/19263"}],"wp:attachment":[{"href":"https:\/\/blogs.uninter.edu.mx\/ESCAT2\/index.php?rest_route=%2Fwp%2Fv2%2Fmedia&parent=19262"}],"wp:term":[{"taxonomy":"category","embeddable":true,"href":"https:\/\/blogs.uninter.edu.mx\/ESCAT2\/index.php?rest_route=%2Fwp%2Fv2%2Fcategories&post=19262"},{"taxonomy":"post_tag","embeddable":true,"href":"https:\/\/blogs.uninter.edu.mx\/ESCAT2\/index.php?rest_route=%2Fwp%2Fv2%2Ftags&post=19262"}],"curies":[{"name":"wp","href":"https:\/\/api.w.org\/{rel}","templated":true}]}}