{"id":19510,"date":"2018-07-27T13:22:36","date_gmt":"2018-07-27T18:22:36","guid":{"rendered":"http:\/\/escatuninter.blog\/?p=19510"},"modified":"2018-07-27T13:22:36","modified_gmt":"2018-07-27T18:22:36","slug":"foro-boca-el-corazon-de-la-vida-cultural-de-veracruz-noticiasescat-arquninter","status":"publish","type":"post","link":"https:\/\/blogs.uninter.edu.mx\/ESCAT2\/?p=19510","title":{"rendered":"Foro Boca: el coraz\u00f3n de la vida cultural de Veracruz #NoticiasESCAT #ARQUninter"},"content":{"rendered":"<p><a href=\"https:\/\/www.facebook.com\/EscatUninter\/\" target=\"_blank\" rel=\"noopener\"><img loading=\"lazy\" class=\" size-full wp-image-19507 alignright\" src=\"https:\/\/dicaduninter.files.wordpress.com\/2018\/07\/logo-escat1.png\" alt=\"logo-escat\" width=\"230\" height=\"96\" \/><\/a><br \/>\n&nbsp;<br \/>\n&nbsp;<br \/>\n&nbsp;<\/p>\n<p style=\"text-align:justify;\">En los \u00faltimos a\u00f1os se ha desarrollado un proceso de fortalecimiento de la vida musical y cultural del municipio de Boca del R\u00edo. En el a\u00f1o 2014 se consolid\u00f3 la creaci\u00f3n de la Orquesta Filarm\u00f3nica de Boca del R\u00edo, instancia que ha atra\u00eddo diversas expresiones musicales, m\u00fasicos locales y de todo el mundo y se ha convertido en el coraz\u00f3n de la vida cultural de la ciudad.<\/p>\n<div id=\"attachment_19513\" style=\"width: 1592px\" class=\"wp-caption aligncenter\"><img aria-describedby=\"caption-attachment-19513\" loading=\"lazy\" class=\"alignnone size-full wp-image-19513\" src=\"https:\/\/dicaduninter.files.wordpress.com\/2018\/07\/jaime_navarro_courtesy_of_rojkind_arquitectos_4_archdaily_ed_mr.jpg\" alt=\"Rojkind Arquitectos\" width=\"1582\" height=\"917\" \/><p id=\"caption-attachment-19513\" class=\"wp-caption-text\">Rojkind Arquitectos<\/p><\/div>\n<p style=\"text-align:justify;\">La orquesta filarm\u00f3nica impulsa tres ejes de acci\u00f3n que consisten en una temporada de Conciertos Sinf\u00f3nicos, una temporada de recitales de m\u00fasica de c\u00e1mara y finalmente un programa de educaci\u00f3n musical llamado \u201cOrquestando Armon\u00eda\u201d, \u00e9ste \u00faltimo eje de acci\u00f3n est\u00e1 enfocado a la educaci\u00f3n musical infantil y juvenil, con la finalidad de crear estrategias que fortalezcan el tejido social. Las din\u00e1micas de la orquesta han tenido un desempe\u00f1o exitoso social y culturalmente y se ha encontrado la necesidad de crear un nuevo recinto cultural que sirva de sede y casa de la orquesta, as\u00ed como de todos los programas que impulsa.<\/p>\n<div id=\"attachment_19514\" style=\"width: 1508px\" class=\"wp-caption aligncenter\"><img aria-describedby=\"caption-attachment-19514\" loading=\"lazy\" class=\"alignnone size-full wp-image-19514\" src=\"https:\/\/dicaduninter.files.wordpress.com\/2018\/07\/jaime_navarro_courtesy_of_rojkind_arquitectos_archdaily_ed_mr.jpg\" alt=\"Foro Boca\" width=\"1498\" height=\"1000\" \/><p id=\"caption-attachment-19514\" class=\"wp-caption-text\">Foro Boca<\/p><\/div>\n<p style=\"text-align:justify;\">El nuevo recinto est\u00e1 dentro del marco de un plan maestro que tiene la finalidad de revitalizar un \u00e1rea urbana que se encuentra en deterioro. Se localiza en la desembocadura del r\u00edo, lugar que no s\u00f3lo da nombre a la ciudad y al municipio, sino que es un espacio de historia y tradici\u00f3n culinaria. El predio se encuentra al inicio de la escollera que divide al r\u00edo del mar, es el remate de la avenida costera Vicente Fox cuando se encuentra con el r\u00edo, pero tambi\u00e9n es el remate de la calle Zamora, caracter\u00edstica por tener restaurantes tradicionales y que llega hasta la cabecera municipal.<\/p>\n<div id=\"attachment_19515\" style=\"width: 673px\" class=\"wp-caption aligncenter\"><img aria-describedby=\"caption-attachment-19515\" loading=\"lazy\" class=\"alignnone size-full wp-image-19515\" src=\"https:\/\/dicaduninter.files.wordpress.com\/2018\/07\/jaime_navarro_rojkind_arquitectos_4_archdaily_ed_mr.jpg\" alt=\"Foro BOCA\" width=\"667\" height=\"1000\" \/><p id=\"caption-attachment-19515\" class=\"wp-caption-text\">Foro Boca<\/p><\/div>\n<p style=\"text-align:justify;\">La localizaci\u00f3n del Foro Boca tiene la intenci\u00f3n de articular las din\u00e1micas del centro de Boca del R\u00edo con la avenida costera, tiene la finalidad de ser un detonador urbano capaz de incitar la modernizaci\u00f3n de esta zona, y es un instrumento que ha permitido construir y renovar la infraestructura\u00a0 e imagen urbana de esa parte de la ciudad. El edificio retoma la expresi\u00f3n atemporal de los cubos de concreto que forman las escolleras, las asimila como su origen y las reinterpreta en un edificio de concreto aparente, formado por diversos vol\u00famenes que se organizan en forma aleatoria para contener a la sala de conciertos.<\/p>\n<p style=\"text-align:justify;\">En su interior el foro boca despliega el conocimiento t\u00e9cnico de especialistas tanto internacionales como locales de ac\u00fastica, is\u00f3ptica y mec\u00e1nica teatral, adem\u00e1s cuenta con el equipamiento t\u00e9cnico que permitir\u00e1 a este recinto ser una de las salas de conciertos m\u00e1s sofisticadas del pa\u00eds.<\/p>\n<div id=\"attachment_19512\" style=\"width: 1558px\" class=\"wp-caption aligncenter\"><img aria-describedby=\"caption-attachment-19512\" loading=\"lazy\" class=\"alignnone size-full wp-image-19512\" src=\"https:\/\/dicaduninter.files.wordpress.com\/2018\/07\/bdr-techos_es.jpg\" alt=\"Model\" width=\"1548\" height=\"1000\" \/><p id=\"caption-attachment-19512\" class=\"wp-caption-text\">Foro Boca Planos<\/p><\/div>\n<p style=\"text-align:justify;\">El programa arquitect\u00f3nico contempla una sala de conciertos de m\u00fasica cl\u00e1sica, tradicional y popular para 966 espectadores, que tambi\u00e9n tiene la capacidad de presentar espect\u00e1culos de teatro y danza, as\u00ed como presentaciones de cine. Adicionalmente el recinto contar\u00e1 con una sala de ensayos, que tambi\u00e9n permitir\u00e1 la presentaci\u00f3n al p\u00fablico de conciertos de c\u00e1mara, funciones de teatro de piso, de cine y danza contempor\u00e1nea, y tiene la capacidad de ofrecer estos espect\u00e1culos a 150 espectadores.<\/p>\n<div id=\"attachment_19511\" style=\"width: 1592px\" class=\"wp-caption aligncenter\"><img aria-describedby=\"caption-attachment-19511\" loading=\"lazy\" class=\"alignnone size-full wp-image-19511\" src=\"https:\/\/dicaduninter.files.wordpress.com\/2018\/07\/bdr-planta_baja_es.jpg\" alt=\"Model\" width=\"1582\" height=\"971\" \/><p id=\"caption-attachment-19511\" class=\"wp-caption-text\">Foro Boca Planos<\/p><\/div>\n<p style=\"text-align:justify;\">En la parte del Back of house, el edificio responde principalmente a las necesidades de la orquesta filarm\u00f3nica con salones de ensayos para percusiones, pianos y solistas, adem\u00e1s de estudio de grabaci\u00f3n. Cuenta con camerinos generales y camerinos para directores y m\u00fasicos invitados, as\u00ed como para el director de la filarm\u00f3nica. Estos espacios fueron concebidos para poder combinar la vida cotidiana de la orquesta, con las necesidades de otras actividades, como una funci\u00f3n de teatro. El edificio contar\u00e1 con un \u00e1rea de oficinas y biblioteca musical. Contando con estas instalaciones, se podr\u00e1n llevar a cabo talleres, clases y festivales de diversas \u00edndoles.<\/p>\n<div id=\"attachment_19516\" style=\"width: 1508px\" class=\"wp-caption aligncenter\"><img aria-describedby=\"caption-attachment-19516\" loading=\"lazy\" class=\"alignnone size-full wp-image-19516\" src=\"https:\/\/dicaduninter.files.wordpress.com\/2018\/07\/1234556789.jpg\" alt=\"Foro Boca\" width=\"1498\" height=\"1000\" \/><p id=\"caption-attachment-19516\" class=\"wp-caption-text\">Foro Boca<\/p><\/div>\n<p style=\"text-align:justify;\">En el \u00e1rea p\u00fablica el edificio se compone con un vest\u00edbulo a triple altura que combina los niveles de losas con el vac\u00edo y los accesos a la sala. En el \u00faltimo piso da cabida a una terraza con vista al mar y al r\u00edo. Adicionalmente cuenta con cafeter\u00edas y un restaurante. Entre las diversas plataformas del vest\u00edbulo se forman espacios que permiten conciertos de solistas o de c\u00e1mara, expresiones de danza y teatro contempor\u00e1neo o funciones de cine.<\/p>\n<div id=\"attachment_19517\" style=\"width: 1508px\" class=\"wp-caption aligncenter\"><img aria-describedby=\"caption-attachment-19517\" loading=\"lazy\" class=\"alignnone size-full wp-image-19517\" src=\"https:\/\/dicaduninter.files.wordpress.com\/2018\/07\/12345.jpg\" alt=\"Foro Boca\" width=\"1498\" height=\"1000\" \/><p id=\"caption-attachment-19517\" class=\"wp-caption-text\">Foro Boca<\/p><\/div>\n<p style=\"text-align:justify;\">Adem\u00e1s, el Foro Boca genera un espacio p\u00fablico en su exterior que permite extender la plaza de acceso por toda la escollera, y crear puntos de entretenimiento, o bien espacios l\u00fadicos que fortalezcan la vida p\u00fablica de la sala. Adem\u00e1s se contar\u00e1 con un sistema de proyecci\u00f3n y audio, que permita proyectar los conciertos del interior sobre algunas fachadas, con la intenci\u00f3n de consolidar un espacio social y de encuentro que fortalezca la esfera p\u00fablica de toda la zona.<\/p>\n<h5>Fuente:\u00a0<a href=\"http:\/\/www.archdaily.mx\" target=\"_blank\" rel=\"noopener\">archdaily.mx<\/a><\/h5>\n<p style=\"text-align:right;\"><a href=\"https:\/\/universidad.uninter.edu.mx\/\" target=\"_blank\" rel=\"noopener\">Universidad Internacional Uninter<\/a><\/p>\n<p style=\"text-align:right;\"><a href=\"https:\/\/universidad.uninter.edu.mx\/carreras\/ARQ\" target=\"_blank\" rel=\"noopener\">Licenciatura en Arquitectura<\/a><\/p>\n<p><a href=\"https:\/\/www.uninter.edu.mx\/\" target=\"_blank\" rel=\"noopener\"><img loading=\"lazy\" class=\" size-full wp-image-19050 aligncenter\" src=\"https:\/\/dicaduninter.files.wordpress.com\/2018\/07\/universidad-internacional.png\" alt=\"universidad-internacional\" width=\"700\" height=\"106\" \/><\/a><\/p>\n","protected":false},"excerpt":{"rendered":"<p>&nbsp; &nbsp; &nbsp; En los \u00faltimos a\u00f1os se ha desarrollado un proceso de fortalecimiento de la vida musical y cultural del municipio de Boca del R\u00edo. En el a\u00f1o 2014 se consolid\u00f3 la creaci\u00f3n de la Orquesta Filarm\u00f3nica de Boca del R\u00edo, instancia que ha atra\u00eddo diversas expresiones musicales, m\u00fasicos locales y de todo el&hellip;<\/p>\n","protected":false},"author":1,"featured_media":19515,"comment_status":"closed","ping_status":"open","sticky":false,"template":"","format":"standard","meta":[],"categories":[4,11,27],"tags":[31,35,59,60,440,1643],"_links":{"self":[{"href":"https:\/\/blogs.uninter.edu.mx\/ESCAT2\/index.php?rest_route=\/wp\/v2\/posts\/19510"}],"collection":[{"href":"https:\/\/blogs.uninter.edu.mx\/ESCAT2\/index.php?rest_route=\/wp\/v2\/posts"}],"about":[{"href":"https:\/\/blogs.uninter.edu.mx\/ESCAT2\/index.php?rest_route=\/wp\/v2\/types\/post"}],"author":[{"embeddable":true,"href":"https:\/\/blogs.uninter.edu.mx\/ESCAT2\/index.php?rest_route=\/wp\/v2\/users\/1"}],"replies":[{"embeddable":true,"href":"https:\/\/blogs.uninter.edu.mx\/ESCAT2\/index.php?rest_route=%2Fwp%2Fv2%2Fcomments&post=19510"}],"version-history":[{"count":0,"href":"https:\/\/blogs.uninter.edu.mx\/ESCAT2\/index.php?rest_route=\/wp\/v2\/posts\/19510\/revisions"}],"wp:featuredmedia":[{"embeddable":true,"href":"https:\/\/blogs.uninter.edu.mx\/ESCAT2\/index.php?rest_route=\/wp\/v2\/media\/19515"}],"wp:attachment":[{"href":"https:\/\/blogs.uninter.edu.mx\/ESCAT2\/index.php?rest_route=%2Fwp%2Fv2%2Fmedia&parent=19510"}],"wp:term":[{"taxonomy":"category","embeddable":true,"href":"https:\/\/blogs.uninter.edu.mx\/ESCAT2\/index.php?rest_route=%2Fwp%2Fv2%2Fcategories&post=19510"},{"taxonomy":"post_tag","embeddable":true,"href":"https:\/\/blogs.uninter.edu.mx\/ESCAT2\/index.php?rest_route=%2Fwp%2Fv2%2Ftags&post=19510"}],"curies":[{"name":"wp","href":"https:\/\/api.w.org\/{rel}","templated":true}]}}