{"id":19763,"date":"2018-08-03T21:24:54","date_gmt":"2018-08-04T02:24:54","guid":{"rendered":"http:\/\/escatuninter.blog\/?p=19763"},"modified":"2018-08-03T21:24:54","modified_gmt":"2018-08-04T02:24:54","slug":"ford-invertira-en-vehiculos-autonomos-noticiasescat-imiuninter","status":"publish","type":"post","link":"https:\/\/blogs.uninter.edu.mx\/ESCAT2\/?p=19763","title":{"rendered":"Ford invertir\u00e1 en veh\u00edculos aut\u00f3nomos #NoticiasESCAT #IMIUninter"},"content":{"rendered":"<p><a href=\"https:\/\/www.facebook.com\/EscatUninter\/\" target=\"_blank\" rel=\"noopener\"><img loading=\"lazy\" class=\" size-full wp-image-19049 alignright\" src=\"https:\/\/dicaduninter.files.wordpress.com\/2018\/07\/logo-escat.png\" alt=\"logo-escat\" width=\"230\" height=\"96\" \/><\/a><br \/>\n&nbsp;<br \/>\n&nbsp;<br \/>\n&nbsp;<\/p>\n<p style=\"text-align:justify;\">Ford Autonomous Vehicles LLC es la nueva filial dedicada a todo lo relacionado con veh\u00edculos aut\u00f3nomos y el\u00e9ctricos del fabricante estadounidense.<\/p>\n<p style=\"text-align:justify;\">Ford\u00a0ha puesto toda la carne en el asador para no quedarse atr\u00e1s en la competencia hacia la\u00a0conducci\u00f3n aut\u00f3noma.<\/p>\n<div id=\"hybs-mslot-e9021a09-0\" style=\"text-align:justify;\"><\/div>\n<p style=\"text-align:justify;\">La multinacional estadounidense ha anunciado la\u00a0creaci\u00f3n de una filialdedicada a la construcci\u00f3n de coches aut\u00f3nomos, en la cual\u00a0invertir\u00e1 4.000 millones de d\u00f3lares para 2023. De esa cifra,\u00a01.000 millones\u00a0ser\u00e1n destinados a la startup\u00a0<a href=\"https:\/\/hipertextual.com\/2017\/02\/ford-ia-coches-autonomos\">Argo AI<\/a>, que lleva a cabo el desarrollo de sistemas de autoconducci\u00f3n de Ford. Tambi\u00e9n buscar\u00e1 inversionistas externos.<\/p>\n<p style=\"text-align:justify;\">Desde su sede en Detroit,\u00a0Ford Autonomous Vehicles LLC\u00a0estar\u00e1 dedicada a llevar a cabo la\u00a0integraci\u00f3n de sistemas\u00a0de conducci\u00f3n aut\u00f3noma de la empresa, la\u00a0investigaci\u00f3n\u00a0de veh\u00edculos aut\u00f3nomos y la\u00a0ingenier\u00eda avanzada, el desarrollo de\u00a0redes de transporte\u00a0para los mismos como servicio, la\u00a0experiencia del usuario, la\u00a0estrategia comercial\u00a0y los equipos de desarrollo comercial.<\/p>\n<div id=\"hybs-mslot-e9021a09-4\" style=\"text-align:justify;\"><\/div>\n<p style=\"text-align:justify;\">A partir del 1 de agosto, el\u00a0CEO\u00a0de Ford Autonomous Vehicles LLC ser\u00e1\u00a0Sherif Marakby, quien es actualmente el vicepresidente de Veh\u00edculos Aut\u00f3nomos y Electrificaci\u00f3n de Ford. Jim Hackett, presidente y CEO de Ford Motor Company, dijo en el\u00a0comunicado de prensa\u00a0de la compa\u00f1\u00eda:<\/p>\n<p style=\"text-align:justify;padding-left:30px;\"><em>&#8220;Ford ha hecho un tremendo progreso a trav\u00e9s de la cadena de valor de la autoconducci\u00f3n, desde el desarrollo de tecnolog\u00eda hasta la innovaci\u00f3n del modelo de negocio y la experiencia del usuario. Ahora es el momento adecuado para consolidar nuestra plataforma de conducci\u00f3n aut\u00f3noma en un equipo para posicionar lo mejor al negocio para las oportunidades que tenemos por delante.&#8221;<\/em><\/p>\n<p style=\"text-align:justify;\">Repensar la\u00a0experiencia del propietario\u00a0como hacer que la carga sea experiencia sin esfuerzo en el hogar y en la carretera y ofrecer actualizaciones de software de transmisi\u00f3n total para mejorar la capacidad y las funciones son parte de la\u00a0estrategia de Ford para sus coches el\u00e9ctricos.<\/p>\n<p><iframe loading=\"lazy\" width=\"700\" height=\"394\" src=\"https:\/\/www.youtube.com\/embed\/vShi-xx6ze8?start=18&#038;feature=oembed\" frameborder=\"0\" allow=\"accelerometer; autoplay; encrypted-media; gyroscope; picture-in-picture\" allowfullscreen><\/iframe><\/p>\n<p style=\"text-align:justify;\">Ford ya hab\u00eda\u00a0adelantado desde mayo\u00a0que planeaba para convertir una antigua f\u00e1brica en\u00a0Corktown, un vecindario en\u00a0Detroit, en un centro para sus negocios de veh\u00edculos el\u00e9ctricos y aut\u00f3nomos durante los pr\u00f3ximos cuatro a\u00f1os. En este sitio planea albergar a\u00a02.500 empleados para el a\u00f1o 2022.<\/p>\n<h5>Fuente: <a href=\"https:\/\/hipertextual.com\/\" target=\"_blank\" rel=\"noopener\">Hipertextual<\/a><\/h5>\n<p style=\"text-align:right;\"><a href=\"https:\/\/universidad.uninter.edu.mx\/\" target=\"_blank\" rel=\"noopener\">Universidad Internacional Uninter<\/a><\/p>\n<p style=\"text-align:right;\"><a href=\"https:\/\/universidad.uninter.edu.mx\/carreras\/IMI\" target=\"_blank\" rel=\"noopener\">Ingenier\u00eda Mec\u00e1nica Industrial<\/a><\/p>\n<p style=\"text-align:right;\"><a href=\"https:\/\/universidad.uninter.edu.mx\/carreras\/IME\" target=\"_blank\" rel=\"noopener\">Ingenier\u00eda Mecatr\u00f3nica<\/a><\/p>\n<p><a href=\"https:\/\/www.uninter.edu.mx\/\" target=\"_blank\" rel=\"noopener\"><img loading=\"lazy\" class=\" size-full wp-image-19050 aligncenter\" src=\"https:\/\/dicaduninter.files.wordpress.com\/2018\/07\/universidad-internacional.png\" alt=\"universidad-internacional\" width=\"700\" height=\"106\" \/><\/a><br \/>\n&nbsp;<\/p>\n","protected":false},"excerpt":{"rendered":"<p>&nbsp; &nbsp; &nbsp; Ford Autonomous Vehicles LLC es la nueva filial dedicada a todo lo relacionado con veh\u00edculos aut\u00f3nomos y el\u00e9ctricos del fabricante estadounidense. Ford\u00a0ha puesto toda la carne en el asador para no quedarse atr\u00e1s en la competencia hacia la\u00a0conducci\u00f3n aut\u00f3noma. La multinacional estadounidense ha anunciado la\u00a0creaci\u00f3n de una filialdedicada a la construcci\u00f3n de&hellip;<\/p>\n","protected":false},"author":1,"featured_media":19764,"comment_status":"closed","ping_status":"open","sticky":false,"template":"","format":"standard","meta":[],"categories":[20,21,27],"tags":[35,60,209,593,722,1539,1637],"_links":{"self":[{"href":"https:\/\/blogs.uninter.edu.mx\/ESCAT2\/index.php?rest_route=\/wp\/v2\/posts\/19763"}],"collection":[{"href":"https:\/\/blogs.uninter.edu.mx\/ESCAT2\/index.php?rest_route=\/wp\/v2\/posts"}],"about":[{"href":"https:\/\/blogs.uninter.edu.mx\/ESCAT2\/index.php?rest_route=\/wp\/v2\/types\/post"}],"author":[{"embeddable":true,"href":"https:\/\/blogs.uninter.edu.mx\/ESCAT2\/index.php?rest_route=\/wp\/v2\/users\/1"}],"replies":[{"embeddable":true,"href":"https:\/\/blogs.uninter.edu.mx\/ESCAT2\/index.php?rest_route=%2Fwp%2Fv2%2Fcomments&post=19763"}],"version-history":[{"count":0,"href":"https:\/\/blogs.uninter.edu.mx\/ESCAT2\/index.php?rest_route=\/wp\/v2\/posts\/19763\/revisions"}],"wp:featuredmedia":[{"embeddable":true,"href":"https:\/\/blogs.uninter.edu.mx\/ESCAT2\/index.php?rest_route=\/wp\/v2\/media\/19764"}],"wp:attachment":[{"href":"https:\/\/blogs.uninter.edu.mx\/ESCAT2\/index.php?rest_route=%2Fwp%2Fv2%2Fmedia&parent=19763"}],"wp:term":[{"taxonomy":"category","embeddable":true,"href":"https:\/\/blogs.uninter.edu.mx\/ESCAT2\/index.php?rest_route=%2Fwp%2Fv2%2Fcategories&post=19763"},{"taxonomy":"post_tag","embeddable":true,"href":"https:\/\/blogs.uninter.edu.mx\/ESCAT2\/index.php?rest_route=%2Fwp%2Fv2%2Ftags&post=19763"}],"curies":[{"name":"wp","href":"https:\/\/api.w.org\/{rel}","templated":true}]}}