{"id":19792,"date":"2018-08-09T08:22:44","date_gmt":"2018-08-09T13:22:44","guid":{"rendered":"http:\/\/escatuninter.blog\/?p=19792"},"modified":"2018-08-09T08:22:44","modified_gmt":"2018-08-09T13:22:44","slug":"el-arte-de-lo-abstracto-y-de-lo-practico-noticiasescat-ldguninter","status":"publish","type":"post","link":"https:\/\/blogs.uninter.edu.mx\/ESCAT2\/?p=19792","title":{"rendered":"El arte de lo abstracto y de lo pr\u00e1ctico #NoticiasESCAT #LDGUninter"},"content":{"rendered":"<p><a href=\"https:\/\/www.facebook.com\/EscatUninter\/\" target=\"_blank\" rel=\"noopener\"><img loading=\"lazy\" class=\" size-full wp-image-19507 alignright\" src=\"https:\/\/dicaduninter.files.wordpress.com\/2018\/07\/logo-escat1.png\" alt=\"logo-escat\" width=\"230\" height=\"91\" \/><\/a><br \/>\n&nbsp;<br \/>\n&nbsp;<br \/>\n&nbsp;<\/p>\n<p style=\"text-align:justify;\">Una serie documental de Netflix bucea en la creatividad de ocho visionarios del dise\u00f1o y permite al espectador ser comisario del arte que consume<\/p>\n<p style=\"text-align:justify;\">&#8220;La inspiraci\u00f3n es para aficionados. Los profesionales vamos a trabajar cada ma\u00f1ana&#8221;, defiende el artista estadounidense\u00a0<strong>Chuck Close<\/strong>. La idea, muy cercana a una frase atribuida a Picasso, resume en pocas palabras uno de los conceptos b\u00e1sicos de\u00a0<strong>Abstract<\/strong>. Esta serie documental bucea en el mar de contenidos de Netflix desde hace m\u00e1s de un a\u00f1o esperando a que alguien repare en ella.<\/p>\n<p style=\"text-align:justify;\">Sus ocho cap\u00edtulos son fruto de la b\u00fasqueda de Scott Dadich, periodista a la caza de algunos de los grandes talentos en el campo del dise\u00f1o. Se centra en sus neurosis, sus hitos vitales, sus creencias y sus m\u00e9todos de trabajo para recordarnos que el dise\u00f1o es el arte de lo cotidiano e, incluso, a riesgo de resultar contradictorio, tambi\u00e9n de lo pr\u00e1ctico.<\/p>\n<p style=\"text-align:justify;\">&#8220;\u00bfQu\u00e9 sentido tiene el arte en lo que llamamos mundo real? Ninguno que se me ocurra, al menos desde el punto de vista pr\u00e1ctico&#8221;,\u00a0<strong>reflexionaba en 2006 Paul Auster<\/strong>, el d\u00eda que recogi\u00f3 su premio Pr\u00edncipe de Asturias en Oviedo. El testimonio en\u00a0Abstract\u00a0del dise\u00f1ador\u00a0<strong>Tinker Hatfield<\/strong>\u00a0parece retar esta idea.<\/p>\n<div id=\"attachment_19793\" style=\"width: 1970px\" class=\"wp-caption aligncenter\"><img aria-describedby=\"caption-attachment-19793\" loading=\"lazy\" class=\"alignnone size-full wp-image-19793\" src=\"https:\/\/dicaduninter.files.wordpress.com\/2018\/07\/1525596811_204530_1525597056_sumario_normal_recorte1.jpg\" alt=\"Tinker Hatfield\" width=\"1960\" height=\"1104\" \/><p id=\"caption-attachment-19793\" class=\"wp-caption-text\">Tinker Hatfield en un momento de\u00a0Abstract\u00a0\/ Netflix<\/p><\/div>\n<p style=\"text-align:justify;\">Hatfield fue atleta en su juventud. El dise\u00f1o, en forma de un par de zapatillas creadas expresamente para \u00e9l por un visionario, le permiti\u00f3 enfrentar una grave lesi\u00f3n. En su segunda vida profesional, decidi\u00f3 dedicarse a la disciplina que le sirvi\u00f3 de salvavidas. Con ella ha sabido unir la est\u00e9tica con las necesidades de los deportistas de \u00e9lite para idear un calzado que lleva 30 a\u00f1os sobreviviendo a las modas y que es algo m\u00e1s que un logo bonito. Consolid\u00f3 el modelo Air Jordan.<\/p>\n<p style=\"text-align:justify;\">Paula Scher, protagonista de otro de los cap\u00edtulos, est\u00e1 obsesionada con la tipograf\u00eda. Dice que es como pintar con las palabras.\u00a0Abstract, liberada de la tiran\u00eda que impone la narraci\u00f3n lineal de casi todos los contenidos de ficci\u00f3n, nos permite asomarnos a estos ocho micromundos creativos en el orden que queramos. Es el colmo de la libertad como espectador, que consolida la innovadora concepci\u00f3n que Netflix tiene del entretenimiento. Gracias a productos como este, somos comisarios del arte (y del ocio) que consumimos.<\/p>\n<p><div id=\"attachment_19794\" style=\"width: 1970px\" class=\"wp-caption aligncenter\"><img aria-describedby=\"caption-attachment-19794\" loading=\"lazy\" class=\"alignnone size-full wp-image-19794\" src=\"https:\/\/dicaduninter.files.wordpress.com\/2018\/07\/1525596811_204530_1525597170_sumario_normal_recorte1.jpg\" alt=\"Paula Scher\" width=\"1960\" height=\"1103\" \/><p id=\"caption-attachment-19794\" class=\"wp-caption-text\">Paula Scher pinta con palabras \/ Netflix<\/p><\/div><br \/>\nhttps:\/\/www.youtube.com\/watch?v=b8WLiq6dugE<\/p>\n<h5>Fuente: <a href=\"https:\/\/elpais.com\/cultura\/2018\/05\/06\/television\/1525596811_204530.html\" target=\"_blank\" rel=\"noopener\">El Pais<\/a><\/h5>\n<p style=\"text-align:right;\"><a href=\"https:\/\/universidad.uninter.edu.mx\/\" target=\"_blank\" rel=\"noopener\">Universidad Internacional Uninter<\/a><\/p>\n<p style=\"text-align:right;\"><a href=\"https:\/\/universidad.uninter.edu.mx\/carreras\/LDG\" target=\"_blank\" rel=\"noopener\">Licenciatura en Dise\u00f1o Gr\u00e1fico<\/a><\/p>\n<p style=\"text-align:right;\"><a href=\"https:\/\/universidad.uninter.edu.mx\/carreras\/LDI\" target=\"_blank\" rel=\"noopener\">Licenciatura en Dise\u00f1o Industrial<\/a><\/p>\n<p style=\"text-align:right;\"><a href=\"https:\/\/universidad.uninter.edu.mx\/carreras\/LADD\" target=\"_blank\" rel=\"noopener\">Licenciatura en Animaci\u00f3n y Dise\u00f1o Digital<\/a><\/p>\n<p style=\"text-align:right;\"><a href=\"https:\/\/universidad.uninter.edu.mx\/carreras\/LDM\" target=\"_blank\" rel=\"noopener\">Licenciatura en Dise\u00f1o de Modas y Tendencias Internacionales\u00a0<\/a><\/p>\n<p><a href=\"https:\/\/www.uninter.edu.mx\/\" target=\"_blank\" rel=\"noopener\"><img loading=\"lazy\" class=\" size-full wp-image-19050 aligncenter\" src=\"https:\/\/dicaduninter.files.wordpress.com\/2018\/07\/universidad-internacional.png\" alt=\"universidad-internacional\" width=\"700\" height=\"106\" \/><\/a><\/p>\n","protected":false},"excerpt":{"rendered":"<p>&nbsp; &nbsp; &nbsp; Una serie documental de Netflix bucea en la creatividad de ocho visionarios del dise\u00f1o y permite al espectador ser comisario del arte que consume &#8220;La inspiraci\u00f3n es para aficionados. Los profesionales vamos a trabajar cada ma\u00f1ana&#8221;, defiende el artista estadounidense\u00a0Chuck Close. La idea, muy cercana a una frase atribuida a Picasso, resume&hellip;<\/p>\n","protected":false},"author":1,"featured_media":19795,"comment_status":"closed","ping_status":"open","sticky":false,"template":"","format":"standard","meta":[],"categories":[9,11,27],"tags":[35,59,60,964,974,976,979],"_links":{"self":[{"href":"https:\/\/blogs.uninter.edu.mx\/ESCAT2\/index.php?rest_route=\/wp\/v2\/posts\/19792"}],"collection":[{"href":"https:\/\/blogs.uninter.edu.mx\/ESCAT2\/index.php?rest_route=\/wp\/v2\/posts"}],"about":[{"href":"https:\/\/blogs.uninter.edu.mx\/ESCAT2\/index.php?rest_route=\/wp\/v2\/types\/post"}],"author":[{"embeddable":true,"href":"https:\/\/blogs.uninter.edu.mx\/ESCAT2\/index.php?rest_route=\/wp\/v2\/users\/1"}],"replies":[{"embeddable":true,"href":"https:\/\/blogs.uninter.edu.mx\/ESCAT2\/index.php?rest_route=%2Fwp%2Fv2%2Fcomments&post=19792"}],"version-history":[{"count":0,"href":"https:\/\/blogs.uninter.edu.mx\/ESCAT2\/index.php?rest_route=\/wp\/v2\/posts\/19792\/revisions"}],"wp:featuredmedia":[{"embeddable":true,"href":"https:\/\/blogs.uninter.edu.mx\/ESCAT2\/index.php?rest_route=\/wp\/v2\/media\/19795"}],"wp:attachment":[{"href":"https:\/\/blogs.uninter.edu.mx\/ESCAT2\/index.php?rest_route=%2Fwp%2Fv2%2Fmedia&parent=19792"}],"wp:term":[{"taxonomy":"category","embeddable":true,"href":"https:\/\/blogs.uninter.edu.mx\/ESCAT2\/index.php?rest_route=%2Fwp%2Fv2%2Fcategories&post=19792"},{"taxonomy":"post_tag","embeddable":true,"href":"https:\/\/blogs.uninter.edu.mx\/ESCAT2\/index.php?rest_route=%2Fwp%2Fv2%2Ftags&post=19792"}],"curies":[{"name":"wp","href":"https:\/\/api.w.org\/{rel}","templated":true}]}}