{"id":19876,"date":"2018-08-20T13:27:50","date_gmt":"2018-08-20T18:27:50","guid":{"rendered":"http:\/\/escatuninter.blog\/?p=19876"},"modified":"2018-08-20T13:27:50","modified_gmt":"2018-08-20T18:27:50","slug":"los-colores-del-2018-de-la-mano-de-creativos-mexicanos-noticiasescat-ldguninter","status":"publish","type":"post","link":"https:\/\/blogs.uninter.edu.mx\/ESCAT2\/?p=19876","title":{"rendered":"Los colores del 2018 de la mano de creativos mexicanos #NoticiasESCAT #LDGUninter"},"content":{"rendered":"<p><a href=\"http:\/\/facebook.com\/EscatUninter\" target=\"_blank\" rel=\"noopener\"><img loading=\"lazy\" class=\"  wp-image-18086 alignright\" src=\"https:\/\/dicaduninter.files.wordpress.com\/2018\/06\/logo-escat.png\" alt=\"logo-escat\" width=\"230\" height=\"96\" \/><\/a><br \/>\n&nbsp;<br \/>\n&nbsp;<\/p>\n<h3><\/h3>\n<h3 style=\"text-align:justify;\"><strong><span style=\"text-decoration:underline;\"><em>Reacci\u00f3n<\/em><\/span><\/strong><\/h3>\n<p style=\"text-align:justify;\">Una llamativa paleta de colores que esta inspirada en los tonos, texturas y materiales de los qu\u00edmicos como una se\u00f1al de alerta del contexto ambiental que vivimos representados en tonos rojos acompa\u00f1ado de amarillos y anaranjados que evocan seguridad.<\/p>\n<p>&nbsp;<br \/>\n&nbsp;<br \/>\n<\/p>\n<h3><\/h3>\n<h3 style=\"text-align:justify;\"><strong><em><span style=\"text-decoration:underline;\">Inclusi\u00f3n<\/span><\/em><\/strong><\/h3>\n<p style=\"text-align:justify;\">Una gama armoniosa de tonos neutros fr\u00edos y c\u00e1lidos con colores como el azul oscuro, verdes y amarillos. Un aire de calma, tacto y humanidad plasmados en tonos pasteles.<\/p>\n<p>&nbsp;<br \/>\n&nbsp;<br \/>\n<br \/>\n&nbsp;<\/p>\n<h3 style=\"text-align:justify;\"><em><span style=\"text-decoration:underline;\"><strong>Explosi\u00f3n<\/strong><\/span><\/em><\/h3>\n<p style=\"text-align:justify;\">Una paleta donde los colores brillantes y saturados chocan pero a la vez se complementan con tr\u00edos de neutros c\u00e1lidos inspirados en la riqueza cultural de nuestras tradiciones artesanales.<\/p>\n<p>&nbsp;<br \/>\n&nbsp;<br \/>\n<br \/>\n&nbsp;<\/p>\n<h3 style=\"text-align:justify;\"><em><strong><span style=\"text-decoration:underline;\">Conexi\u00f3n<\/span><\/strong><\/em><\/h3>\n<p style=\"text-align:justify;\">Tonos inspirados en los amaneceres, nubes pasajeras y vastos cielos que evocan ambientes contemplativos y provistos del ambiente. Serie de colores oscuros como el marr\u00f3n c\u00e1lido, p\u00farpura y verde.<\/p>\n<p><div id=\"attachment_19886\" style=\"width: 778px\" class=\"wp-caption alignnone\"><img aria-describedby=\"caption-attachment-19886\" loading=\"lazy\" class=\"alignnone size-full wp-image-19886\" src=\"https:\/\/dicaduninter.files.wordpress.com\/2018\/07\/conexic3b3n.jpg\" alt=\"Conexi\u00f3n\" width=\"768\" height=\"512\" \/><p id=\"caption-attachment-19886\" class=\"wp-caption-text\">Conexi\u00f3n<\/p><\/div><br \/>\n&nbsp;<\/p>\n<h3><span style=\"text-decoration:underline;\"><em><strong>Locura<\/strong><\/em><\/span><\/h3>\n<p style=\"text-align:justify;\">Sobrio y estimulante que aporta elegancia a los espacios para recibir al energetizante y explosivo Locura, el tono de amarillo y verde que invita a la acci\u00f3n y experimentar con nuevas cosas.<\/p>\n<p>&nbsp;<br \/>\n&nbsp;<br \/>\n<br \/>\n&nbsp;<\/p>\n<h5>Fuente: <a href=\"https:\/\/coolhuntermx.com\/colores-2018-comex\/\" target=\"_blank\" rel=\"noopener\">Cool Hunter Mx<\/a><\/h5>\n<div class=\"headlineSingle wrapper wrapper--padding wrapper--smLarge--paddingNone containertit\">\n<p style=\"text-align:right;\"><a href=\"http:\/\/www.universidad.uninter.edu.mx\/\" target=\"_blank\" rel=\"noopener\">Universidad Internacional Uninter<\/a><\/p>\n<p style=\"text-align:right;\"><a href=\"https:\/\/universidad.uninter.edu.mx\/carreras\/LDG\" target=\"_blank\" rel=\"noopener\">Licenciatura en Dise\u00f1o Gr\u00e1fico<\/a><\/p>\n<p><a href=\"https:\/\/www.uninter.edu.mx\/\" target=\"_blank\" rel=\"noopener\"><img loading=\"lazy\" class=\" size-full wp-image-16844 aligncenter\" src=\"https:\/\/dicaduninter.files.wordpress.com\/2018\/03\/universidad-internacional.png\" alt=\"universidad-internacional\" width=\"700\" height=\"106\" \/><\/a>\n<\/div>\n<div class=\"floatLeft--sm width--smLarge--fullParent--OutAside cuerpo\">\n<figure class=\"articleHead\">\n<div class=\"articleHead__wrapperImg \"><\/div>\n<\/figure>\n<\/div>\n<p>&nbsp;<br \/>\n&nbsp;<\/p>\n","protected":false},"excerpt":{"rendered":"<p>&nbsp; &nbsp; Reacci\u00f3n Una llamativa paleta de colores que esta inspirada en los tonos, texturas y materiales de los qu\u00edmicos como una se\u00f1al de alerta del contexto ambiental que vivimos representados en tonos rojos acompa\u00f1ado de amarillos y anaranjados que evocan seguridad. &nbsp; &nbsp; Inclusi\u00f3n Una gama armoniosa de tonos neutros fr\u00edos y c\u00e1lidos con&hellip;<\/p>\n","protected":false},"author":1,"featured_media":19886,"comment_status":"closed","ping_status":"open","sticky":false,"template":"","format":"standard","meta":[],"categories":[9,11,27],"tags":[31,35,59,60,66,761,1227,1548],"_links":{"self":[{"href":"https:\/\/blogs.uninter.edu.mx\/ESCAT2\/index.php?rest_route=\/wp\/v2\/posts\/19876"}],"collection":[{"href":"https:\/\/blogs.uninter.edu.mx\/ESCAT2\/index.php?rest_route=\/wp\/v2\/posts"}],"about":[{"href":"https:\/\/blogs.uninter.edu.mx\/ESCAT2\/index.php?rest_route=\/wp\/v2\/types\/post"}],"author":[{"embeddable":true,"href":"https:\/\/blogs.uninter.edu.mx\/ESCAT2\/index.php?rest_route=\/wp\/v2\/users\/1"}],"replies":[{"embeddable":true,"href":"https:\/\/blogs.uninter.edu.mx\/ESCAT2\/index.php?rest_route=%2Fwp%2Fv2%2Fcomments&post=19876"}],"version-history":[{"count":0,"href":"https:\/\/blogs.uninter.edu.mx\/ESCAT2\/index.php?rest_route=\/wp\/v2\/posts\/19876\/revisions"}],"wp:featuredmedia":[{"embeddable":true,"href":"https:\/\/blogs.uninter.edu.mx\/ESCAT2\/index.php?rest_route=\/wp\/v2\/media\/19886"}],"wp:attachment":[{"href":"https:\/\/blogs.uninter.edu.mx\/ESCAT2\/index.php?rest_route=%2Fwp%2Fv2%2Fmedia&parent=19876"}],"wp:term":[{"taxonomy":"category","embeddable":true,"href":"https:\/\/blogs.uninter.edu.mx\/ESCAT2\/index.php?rest_route=%2Fwp%2Fv2%2Fcategories&post=19876"},{"taxonomy":"post_tag","embeddable":true,"href":"https:\/\/blogs.uninter.edu.mx\/ESCAT2\/index.php?rest_route=%2Fwp%2Fv2%2Ftags&post=19876"}],"curies":[{"name":"wp","href":"https:\/\/api.w.org\/{rel}","templated":true}]}}