{"id":19963,"date":"2018-08-15T14:21:08","date_gmt":"2018-08-15T19:21:08","guid":{"rendered":"http:\/\/escatuninter.blog\/?p=19963"},"modified":"2018-08-15T14:21:08","modified_gmt":"2018-08-15T19:21:08","slug":"ricardo-aparicio-montes-de-oca-arq-alumnosorgulloescat-soyuninter","status":"publish","type":"post","link":"https:\/\/blogs.uninter.edu.mx\/ESCAT2\/?p=19963","title":{"rendered":"Ricardo Aparicio Montes de Oca #ARQ #AlumnosOrgulloESCAT #SoyUninter"},"content":{"rendered":"<p><a href=\"https:\/\/www.facebook.com\/EscatUninter\/\" target=\"_blank\" rel=\"noopener\"><img loading=\"lazy\" class=\" size-full wp-image-19507 alignright\" src=\"https:\/\/dicaduninter.files.wordpress.com\/2018\/07\/logo-escat1.png\" alt=\"logo-escat\" width=\"230\" height=\"91\" \/><\/a><br \/>\n&nbsp;<br \/>\n&nbsp;<br \/>\n&nbsp;<\/p>\n<p style=\"text-align:justify;\">Ricardo Aparicio Montes de Oca de la <a href=\"https:\/\/universidad.uninter.edu.mx\/Inicio\" target=\"_blank\" rel=\"noopener\">Universidad Internacional Uninter<\/a>, estudia la Licenciatura en Arquitectura y es parte de nuestros <strong>#AlumnosOrgulloESCAT<\/strong>.<\/p>\n<p><!--more--><br \/>\n<iframe loading=\"lazy\" width=\"700\" height=\"394\" src=\"https:\/\/www.youtube.com\/embed\/hdQrx2wvoHM?feature=oembed\" frameborder=\"0\" allow=\"accelerometer; autoplay; encrypted-media; gyroscope; picture-in-picture\" allowfullscreen><\/iframe><\/p>\n<p style=\"text-align:center;\">As\u00ed como \u00e9l t\u00fa tambi\u00e9n puede ser parte de la<br \/>\ngran <strong>#ComunidadUninter #SoyArquitecto #SoyLegionario #SoyUninter<\/strong><\/p>\n<h2 style=\"text-align:center;\">\u00a1Felicidades <span style=\"color:#33cccc;\">Ricardo\u00a0<\/span>por todo tu esfuerzo!<\/h2>\n<p style=\"text-align:right;\"><a href=\"https:\/\/universidad.uninter.edu.mx\/Inicio\" target=\"_blank\" rel=\"noopener\">Universidad Internacional Uninter<\/a><\/p>\n<p style=\"text-align:right;\"><a href=\"https:\/\/universidad.uninter.edu.mx\/carreras\/ARQ\" target=\"_blank\" rel=\"noopener\">Licenciatura en Arquitectura<\/a><\/p>\n<p><a href=\"https:\/\/www.uninter.edu.mx\/\" target=\"_blank\" rel=\"noopener\"><img loading=\"lazy\" class=\" size-full wp-image-19050 aligncenter\" src=\"https:\/\/dicaduninter.files.wordpress.com\/2018\/07\/universidad-internacional.png\" alt=\"universidad-internacional\" width=\"700\" height=\"106\" \/><\/a><br \/>\n&nbsp;<\/p>\n","protected":false},"excerpt":{"rendered":"<p>&nbsp; &nbsp; &nbsp; Ricardo Aparicio Montes de Oca de la Universidad Internacional Uninter, estudia la Licenciatura en Arquitectura y es parte de nuestros #AlumnosOrgulloESCAT.<\/p>\n","protected":false},"author":1,"featured_media":19965,"comment_status":"closed","ping_status":"open","sticky":false,"template":"","format":"standard","meta":[],"categories":[4,27],"tags":[35,59,60,171,997],"_links":{"self":[{"href":"https:\/\/blogs.uninter.edu.mx\/ESCAT2\/index.php?rest_route=\/wp\/v2\/posts\/19963"}],"collection":[{"href":"https:\/\/blogs.uninter.edu.mx\/ESCAT2\/index.php?rest_route=\/wp\/v2\/posts"}],"about":[{"href":"https:\/\/blogs.uninter.edu.mx\/ESCAT2\/index.php?rest_route=\/wp\/v2\/types\/post"}],"author":[{"embeddable":true,"href":"https:\/\/blogs.uninter.edu.mx\/ESCAT2\/index.php?rest_route=\/wp\/v2\/users\/1"}],"replies":[{"embeddable":true,"href":"https:\/\/blogs.uninter.edu.mx\/ESCAT2\/index.php?rest_route=%2Fwp%2Fv2%2Fcomments&post=19963"}],"version-history":[{"count":0,"href":"https:\/\/blogs.uninter.edu.mx\/ESCAT2\/index.php?rest_route=\/wp\/v2\/posts\/19963\/revisions"}],"wp:featuredmedia":[{"embeddable":true,"href":"https:\/\/blogs.uninter.edu.mx\/ESCAT2\/index.php?rest_route=\/wp\/v2\/media\/19965"}],"wp:attachment":[{"href":"https:\/\/blogs.uninter.edu.mx\/ESCAT2\/index.php?rest_route=%2Fwp%2Fv2%2Fmedia&parent=19963"}],"wp:term":[{"taxonomy":"category","embeddable":true,"href":"https:\/\/blogs.uninter.edu.mx\/ESCAT2\/index.php?rest_route=%2Fwp%2Fv2%2Fcategories&post=19963"},{"taxonomy":"post_tag","embeddable":true,"href":"https:\/\/blogs.uninter.edu.mx\/ESCAT2\/index.php?rest_route=%2Fwp%2Fv2%2Ftags&post=19963"}],"curies":[{"name":"wp","href":"https:\/\/api.w.org\/{rel}","templated":true}]}}