{"id":20032,"date":"2018-08-21T12:25:28","date_gmt":"2018-08-21T17:25:28","guid":{"rendered":"http:\/\/escatuninter.blog\/?p=20032"},"modified":"2018-08-21T12:25:28","modified_gmt":"2018-08-21T17:25:28","slug":"mascaras-de-alambre-noticiasescat-ldmuninter","status":"publish","type":"post","link":"https:\/\/blogs.uninter.edu.mx\/ESCAT2\/?p=20032","title":{"rendered":"M\u00e1scaras de alambre #NoticiasESCAT #LDMUninter"},"content":{"rendered":"<p><a href=\"https:\/\/www.facebook.com\/EscatUninter\/\" target=\"_blank\" rel=\"noopener\"><img loading=\"lazy\" class=\" size-full wp-image-19507 alignright\" src=\"https:\/\/dicaduninter.files.wordpress.com\/2018\/07\/logo-escat1.png\" alt=\"logo-escat\" width=\"230\" height=\"91\" \/><\/a><br \/>\n&nbsp;<br \/>\n&nbsp;<br \/>\n&nbsp;<\/p>\n<p style=\"text-align:justify;\"><strong>M\u00e1scaras de Alambre<\/strong>\u00a0es el proyecto que\u00a0<strong>Pablo Cobo<\/strong>\u00a0y\u00a0<strong>David Miguel\u00a0<\/strong>crearon aproximadamente hace un a\u00f1o y tres meses.<\/p>\n<p style=\"text-align:justify;\">Todo empez\u00f3 en una reuni\u00f3n al jugar con el alambre de una botella de vino y crear una m\u00e1scara peque\u00f1a. Se sorprendieron con toda la emoci\u00f3n que expresaba la cara de esa m\u00e1scara. Despu\u00e9s quisieron crear m\u00e1s m\u00e1scaras con diferentes expresiones y emociones utilizando ganchos de ropa.<\/p>\n<p>&nbsp;<br \/>\n<\/p>\n<p style=\"text-align:justify;\">Siguieron experimentando con otros materiales y jugaron con las dimensiones de sus rostros y del cuerpo. Se dieron cuenta que sus creaciones ten\u00edan potencial cuando se quedaron sin m\u00e1scaras pues se las regalaban a amigos que las ve\u00edan colgadas en una pared de su casa y dec\u00edan que les gustaban. Fue entonces que decidieron iniciar de manera m\u00e1s formal con su proyecto.<\/p>\n<p style=\"text-align:justify;\">Al preguntarles c\u00f3mo definir\u00edan M\u00e1scaras de Alambre \u00a0contestaron que es un poco de todo y que sinceramente creen que ha sido bueno no definirlo pues se les han abierto muchas puertas y no se han encasillado. Sin embargo lo describen como\u00a0un proyecto interdisciplinario basado en trabajo de escultura de alambre, en performance visual y en experiencias musicales. Desde que emprendieron con su proyecto han probado con diferentes disciplinas y creado piezas de joyer\u00eda, para foto editorial, instalaciones de grandes dimensiones, vestidos, etc. Pero siempre han intentado que de una forma u otra permanezca su esencia.<\/p>\n\n<p style=\"text-align:justify;\">La m\u00fasica es muy importante para ellos, pero su inspiraci\u00f3n principal es la condici\u00f3n humana y los sentimientos del hombre. El alambre tiene la cualidad que permite compararlo con el ser humano pues es maleable, se oxida y con los golpes se transforma y adquiere m\u00e1s car\u00e1cter. Consideran que estamos muy perdidos con la conexi\u00f3n de nuestros sentimientos y quieren revolucionar la interacci\u00f3n humana. Disfrutan mucho jugar con las piezas, la luz y la sombra porque puede surgir algo diferente cada vez.<\/p>\n<p><br \/>\n&nbsp;<\/p>\n<p style=\"text-align:justify;\">Han colaborado con\u00a0Mancandy\u00a0y muchos fot\u00f3grafos, m\u00fasicos, productores, con piezas para cortometrajes y pel\u00edculas. En el pasado\u00a0Carnaval Bahidor\u00e1\u00a0montaron dos instalaciones y descubrieron que participar en festivales y ver lo que sus piezas despiertan y ocasionan en las personas es algo que les gusta mucho y que quisieran seguir haciendo en el futuro y en diferentes pa\u00edses. Adem\u00e1s, recientemente expusieron en la Biblioteca Vasconcelos \u201cEspecies de Alambre: arte y conservaci\u00f3n\u201d con la intenci\u00f3n de crear consciencia sobre las especies de animales mexicanas en peligro de extinci\u00f3n.<\/p>\n<p style=\"text-align:justify;\">Actualmente los representan Meteora Fontana y Free Machine. Est\u00e1n trabajando en su primera colaboraci\u00f3n con Trinidad Cuesta para una colecci\u00f3n de sombreros con piezas de plata dise\u00f1adas por ellos que estar\u00e1n disponibles en el pr\u00f3ximo\u00a0Caravana Americana. El 2 de agosto inauguran una exposici\u00f3n en el\u00a0Hotel Casa Awolly\u00a0que durar\u00e1 un mes con piezas a la venta.<\/p>\n<p style=\"text-align:justify;\">Para el futuro esperan que el proyecto tenga reconocimiento y colaboraciones a nivel mundial. Tambi\u00e9n mantenerse creativos y experimentar todos los d\u00edas para seguir descubriendo y continuar usando la mente, la imaginaci\u00f3n, las manos y el coraz\u00f3n.<\/p>\n<h5>Fuente:\u00a0<a href=\"https:\/\/coolhuntermx.com\/moda-mascaras-de-alambre-0718\/\" target=\"_blank\" rel=\"noopener\">coolhuntermx.com<\/a><\/h5>\n<p style=\"text-align:right;\"><a href=\"http:\/\/universidad.uninter.edu.mx\" target=\"_blank\" rel=\"noopener\">Universidad Internacional Uninter<\/a><\/p>\n<p style=\"text-align:right;\"><a href=\"https:\/\/universidad.uninter.edu.mx\/carreras\/LDM\" target=\"_blank\" rel=\"noopener\">Licenciatura en Dise\u00f1o de Modas y Tendencias Internacionales\u00a0<\/a><\/p>\n<p><a href=\"https:\/\/www.uninter.edu.mx\/\" target=\"_blank\" rel=\"noopener\"><img loading=\"lazy\" class=\"alignnone size-full wp-image-19050\" src=\"https:\/\/dicaduninter.files.wordpress.com\/2018\/07\/universidad-internacional.png\" alt=\"universidad-internacional\" width=\"700\" height=\"106\" \/><\/a><\/p>\n","protected":false},"excerpt":{"rendered":"<p>&nbsp; &nbsp; &nbsp; M\u00e1scaras de Alambre\u00a0es el proyecto que\u00a0Pablo Cobo\u00a0y\u00a0David Miguel\u00a0crearon aproximadamente hace un a\u00f1o y tres meses. Todo empez\u00f3 en una reuni\u00f3n al jugar con el alambre de una botella de vino y crear una m\u00e1scara peque\u00f1a. Se sorprendieron con toda la emoci\u00f3n que expresaba la cara de esa m\u00e1scara. Despu\u00e9s quisieron crear m\u00e1s&hellip;<\/p>\n","protected":false},"author":1,"featured_media":20036,"comment_status":"closed","ping_status":"open","sticky":false,"template":"","format":"standard","meta":[],"categories":[8,11,27],"tags":[35,54,59,60,1048],"_links":{"self":[{"href":"https:\/\/blogs.uninter.edu.mx\/ESCAT2\/index.php?rest_route=\/wp\/v2\/posts\/20032"}],"collection":[{"href":"https:\/\/blogs.uninter.edu.mx\/ESCAT2\/index.php?rest_route=\/wp\/v2\/posts"}],"about":[{"href":"https:\/\/blogs.uninter.edu.mx\/ESCAT2\/index.php?rest_route=\/wp\/v2\/types\/post"}],"author":[{"embeddable":true,"href":"https:\/\/blogs.uninter.edu.mx\/ESCAT2\/index.php?rest_route=\/wp\/v2\/users\/1"}],"replies":[{"embeddable":true,"href":"https:\/\/blogs.uninter.edu.mx\/ESCAT2\/index.php?rest_route=%2Fwp%2Fv2%2Fcomments&post=20032"}],"version-history":[{"count":0,"href":"https:\/\/blogs.uninter.edu.mx\/ESCAT2\/index.php?rest_route=\/wp\/v2\/posts\/20032\/revisions"}],"wp:featuredmedia":[{"embeddable":true,"href":"https:\/\/blogs.uninter.edu.mx\/ESCAT2\/index.php?rest_route=\/wp\/v2\/media\/20036"}],"wp:attachment":[{"href":"https:\/\/blogs.uninter.edu.mx\/ESCAT2\/index.php?rest_route=%2Fwp%2Fv2%2Fmedia&parent=20032"}],"wp:term":[{"taxonomy":"category","embeddable":true,"href":"https:\/\/blogs.uninter.edu.mx\/ESCAT2\/index.php?rest_route=%2Fwp%2Fv2%2Fcategories&post=20032"},{"taxonomy":"post_tag","embeddable":true,"href":"https:\/\/blogs.uninter.edu.mx\/ESCAT2\/index.php?rest_route=%2Fwp%2Fv2%2Ftags&post=20032"}],"curies":[{"name":"wp","href":"https:\/\/api.w.org\/{rel}","templated":true}]}}