{"id":20219,"date":"2018-08-21T10:51:09","date_gmt":"2018-08-21T15:51:09","guid":{"rendered":"http:\/\/escatuninter.blog\/?p=20219"},"modified":"2018-08-21T10:51:09","modified_gmt":"2018-08-21T15:51:09","slug":"fotografo-explora-la-construccion-de-un-rascacielos-en-su-mas-reciente-ensayo-noticiasescat-arquninter","status":"publish","type":"post","link":"https:\/\/blogs.uninter.edu.mx\/ESCAT2\/?p=20219","title":{"rendered":"Fot\u00f3grafo explora la construcci\u00f3n de un rascacielos en su m\u00e1s reciente ensayo #NoticiasESCAT #ARQUninter"},"content":{"rendered":"<p><a href=\"https:\/\/www.facebook.com\/EscatUninter\/\" target=\"_blank\" rel=\"noopener\"><img loading=\"lazy\" class=\" size-full wp-image-19507 alignright\" src=\"https:\/\/dicaduninter.files.wordpress.com\/2018\/07\/logo-escat1.png\" alt=\"logo-escat\" width=\"230\" height=\"96\" \/><\/a><br \/>\n&nbsp;<br \/>\n&nbsp;<br \/>\n&nbsp;<\/p>\n<p style=\"text-align:justify;\">El fot\u00f3grafo espa\u00f1ol\u00a0Fernando Alda\u00a0ha explorado en su m\u00e1s reciente ensayo fotogr\u00e1fico\u00a0la construcci\u00f3n del edificio Pacific Center en Panam\u00e1, dise\u00f1ado por la oficina local\u00a0Ventura Arquitectos. Titulado &#8216;Una est\u00e9tica de la desaparici\u00f3n&#8217;, el trabajo de Alda fue\u00a0expuesto\u00a0en el pabell\u00f3n de\u00a0la oficina paname\u00f1a durante la primera edici\u00f3n de la Expo Modii 2018 en la Ciudad de Panam\u00e1.<\/p>\n<p style=\"text-align:justify;\">Andamios, disipadores de energ\u00eda, alzaprimas, instalaciones el\u00e9ctricas y mallas de protecci\u00f3n definen los espacios temporales que integran este ensayo fotogr\u00e1fico. Se tratan de composiciones en torno a lugares invisibilizados a la espera de los espacios\u00a0<em>reales.\u00a0\u00a0<\/em>&#8220;En Pacific Center&#8221;, escribe la arquitecta Silvia Escamilla, &#8220;congela ese lapsus temporal y aquellos elementos ef\u00edmeros que lo habitan, aquellos que nos pasan inadvertidos, otorg\u00e1ndoles un nuevo valor est\u00e9tico&#8221;.<\/p>\n<div id=\"attachment_20220\" style=\"width: 1010px\" class=\"wp-caption alignnone\"><img aria-describedby=\"caption-attachment-20220\" loading=\"lazy\" class=\"alignnone size-full wp-image-20220\" src=\"https:\/\/dicaduninter.files.wordpress.com\/2018\/08\/02.jpg\" alt=\"Fernando Alda\" width=\"1000\" height=\"1000\" \/><p id=\"caption-attachment-20220\" class=\"wp-caption-text\">Fernando Alda<\/p><\/div>\n<p style=\"text-align:justify;\">&#8220;Alda nos brinda esta vez, con su particular manera de mirar y compartiendo la idea de la velocidad de Paul Virilio como elemento que distorsiona las coordenadas espacio-temporales en los que aparece la ausencia, las distorsiones que \u00e9sta puede producir hasta provocar una desaparici\u00f3n total del sujeto. La desaparici\u00f3n como desvanecimiento del mundo material&#8221;, agrega.<\/p>\n<p style=\"text-align:justify;\">&#8220;En esta serie fotogr\u00e1fica se hace plausible el hecho de que para\u00a0Fernando Alda\u00a0la fotograf\u00eda no es un mero instrumento de comunicaci\u00f3n sino una obra de arte y, una vez m\u00e1s, juega con ella desviando el contenido original para adoptar otro&#8221;, concluye Escamilla.<\/p>\n<p>&nbsp;<br \/>\n<\/p>\n<h5>Fuente: <a href=\"https:\/\/www.archdaily.mx\/mx\/898904\/fernando-alda-explora-la-construccion-de-un-rascacielos-en-su-mas-reciente-ensayo-fotografico\" target=\"_blank\" rel=\"noopener\">archdaily.mx<\/a><\/h5>\n<p style=\"text-align:right;\"><a href=\"https:\/\/universidad.uninter.edu.mx\/\" target=\"_blank\" rel=\"noopener\">Universidad Internacional Uninter<\/a><\/p>\n<p style=\"text-align:right;\"><a href=\"https:\/\/universidad.uninter.edu.mx\/carreras\/ARQ\" target=\"_blank\" rel=\"noopener\">Licenciatura en Arquitectura<\/a><\/p>\n<p><a href=\"https:\/\/www.uninter.edu.mx\/\" target=\"_blank\" rel=\"noopener\"><img loading=\"lazy\" class=\"alignnone size-full wp-image-19050\" src=\"https:\/\/dicaduninter.files.wordpress.com\/2018\/07\/universidad-internacional.png\" alt=\"universidad-internacional\" width=\"700\" height=\"106\" \/><\/a><\/p>\n","protected":false},"excerpt":{"rendered":"<p>&nbsp; &nbsp; &nbsp; El fot\u00f3grafo espa\u00f1ol\u00a0Fernando Alda\u00a0ha explorado en su m\u00e1s reciente ensayo fotogr\u00e1fico\u00a0la construcci\u00f3n del edificio Pacific Center en Panam\u00e1, dise\u00f1ado por la oficina local\u00a0Ventura Arquitectos. Titulado &#8216;Una est\u00e9tica de la desaparici\u00f3n&#8217;, el trabajo de Alda fue\u00a0expuesto\u00a0en el pabell\u00f3n de\u00a0la oficina paname\u00f1a durante la primera edici\u00f3n de la Expo Modii 2018 en la Ciudad&hellip;<\/p>\n","protected":false},"author":1,"featured_media":20225,"comment_status":"closed","ping_status":"open","sticky":false,"template":"","format":"standard","meta":[],"categories":[4,11,27],"tags":[35,59,60,400,724,1370],"_links":{"self":[{"href":"https:\/\/blogs.uninter.edu.mx\/ESCAT2\/index.php?rest_route=\/wp\/v2\/posts\/20219"}],"collection":[{"href":"https:\/\/blogs.uninter.edu.mx\/ESCAT2\/index.php?rest_route=\/wp\/v2\/posts"}],"about":[{"href":"https:\/\/blogs.uninter.edu.mx\/ESCAT2\/index.php?rest_route=\/wp\/v2\/types\/post"}],"author":[{"embeddable":true,"href":"https:\/\/blogs.uninter.edu.mx\/ESCAT2\/index.php?rest_route=\/wp\/v2\/users\/1"}],"replies":[{"embeddable":true,"href":"https:\/\/blogs.uninter.edu.mx\/ESCAT2\/index.php?rest_route=%2Fwp%2Fv2%2Fcomments&post=20219"}],"version-history":[{"count":0,"href":"https:\/\/blogs.uninter.edu.mx\/ESCAT2\/index.php?rest_route=\/wp\/v2\/posts\/20219\/revisions"}],"wp:featuredmedia":[{"embeddable":true,"href":"https:\/\/blogs.uninter.edu.mx\/ESCAT2\/index.php?rest_route=\/wp\/v2\/media\/20225"}],"wp:attachment":[{"href":"https:\/\/blogs.uninter.edu.mx\/ESCAT2\/index.php?rest_route=%2Fwp%2Fv2%2Fmedia&parent=20219"}],"wp:term":[{"taxonomy":"category","embeddable":true,"href":"https:\/\/blogs.uninter.edu.mx\/ESCAT2\/index.php?rest_route=%2Fwp%2Fv2%2Fcategories&post=20219"},{"taxonomy":"post_tag","embeddable":true,"href":"https:\/\/blogs.uninter.edu.mx\/ESCAT2\/index.php?rest_route=%2Fwp%2Fv2%2Ftags&post=20219"}],"curies":[{"name":"wp","href":"https:\/\/api.w.org\/{rel}","templated":true}]}}