{"id":20239,"date":"2018-08-21T09:07:24","date_gmt":"2018-08-21T14:07:24","guid":{"rendered":"http:\/\/escatuninter.blog\/?p=20239"},"modified":"2018-08-21T09:07:24","modified_gmt":"2018-08-21T14:07:24","slug":"gabriel-calvillo-disenando-para-un-mundo-mejor-noticiasescat-ldiuninter","status":"publish","type":"post","link":"https:\/\/blogs.uninter.edu.mx\/ESCAT2\/?p=20239","title":{"rendered":"Gabriel Calvillo, dise\u00f1ando para un mundo mejor #NoticiasESCAT #LDIUninter"},"content":{"rendered":"<p><a href=\"https:\/\/www.facebook.com\/EscatUninter\/\" target=\"_blank\" rel=\"noopener\"><img loading=\"lazy\" class=\" size-full wp-image-19049 alignright\" src=\"https:\/\/dicaduninter.files.wordpress.com\/2018\/07\/logo-escat.png\" alt=\"logo-escat\" width=\"230\" height=\"91\" \/><\/a><br \/>\n&nbsp;<br \/>\n&nbsp;<br \/>\n&nbsp;<\/p>\n<p style=\"text-align:justify;\">El dise\u00f1o es algo que desde peque\u00f1o estuvo en su vida, lo que gener\u00f3 su inter\u00e9s en la industria creativa en donde participar en varios tipos de proyectos y las colaboraciones con artistas, dise\u00f1adores, arquitectos e incluso bi\u00f3logos enriquecen su trabajo y lo llevan a la idea de dise\u00f1ar sin l\u00edmites. Gracias a esto, trabaja a trav\u00e9s de tres proyectos Maliarts,\u00a0TREM\u00a0y\u00a0MONDO.<\/p>\n<p style=\"text-align:justify;\"><strong>Maliarts<\/strong>\u00a0es la agencia desde la cual gestiona, experimenta y crea mediante diferentes ramas del dise\u00f1o como el interiorismo, producto y animaci\u00f3n.<\/p>\n<p>&nbsp;<br \/>\n<\/p>\n<p style=\"text-align:justify;\">Desde Maliarts le ha dado seguimiento a uno de sus proyectos m\u00e1s importantes\u00a0<strong>\u201cSistema de cultivo de hongos\u201d<\/strong>\u00a0proyecto que desarroll\u00f3 como tesis para titularse como dise\u00f1ador industria de la UNAM que fue presentado en In\u00e9dito en 2017. El proyecto consiste en la investigaci\u00f3n de temas importantes y abarca la \u00a0producci\u00f3n de alimentos en contextos urbanos.<\/p>\n<p style=\"text-align:justify;\">Otro proyecto es las Bancas Mali para la plaza principal de Malinalco en colaboraci\u00f3n con Taller de Dise\u00f1o Ecol\u00f3gico y M-Urbano, d\u00e1ndole la oportunidad de dise\u00f1ar para el espacio p\u00fablico. Desde Maliarts se desglosan , gracias a las colaboraciones otro par de proyectos: MONDO y TREM.<\/p>\n<p style=\"text-align:justify;\"><strong>Mondo<\/strong>\u00a0es el \u00e1rea en la que se especializa en el desarrollo de productos para el hogar. Tequileros Gaud\u00ed, la maceta Poro y el Macetero Unda son algunos de los productos dise\u00f1ados bajo la idea general de la marca: dise\u00f1o simple, libre de cosas a\u00f1adidas.<\/p>\n<p>&nbsp;<br \/>\n<br \/>\n&nbsp;<\/p>\n<p style=\"text-align:justify;\">Por otro lado, mediante TREM, Taller de Reciclaje Experimental de Malinalco en colaboraci\u00f3n con Rodrigo Da Silva crea espacios para el aprendizaje y ense\u00f1anza de la experimentaci\u00f3n con t\u00e9cnicas de reciclaje y c\u00f3mo hacerlo en diferentes contextos. Con TREM han desarrollado productos gracias a la manipulaci\u00f3n de desechos PET y bolsas de pl\u00e1stico como pulseras para conciertos, sillas, y la elaboraci\u00f3n de textiles.<\/p>\n<p>&nbsp;<\/p>\n<div class=\"embed-vimeo\"><iframe loading=\"lazy\" src=\"https:\/\/player.vimeo.com\/video\/220341568?app_id=122963\" width=\"700\" height=\"394\" frameborder=\"0\" title=\"TALLERES MALIARTS - TREM 1\" webkitallowfullscreen mozallowfullscreen allowfullscreen><\/iframe><\/div>\n<p style=\"text-align:justify;\">Actualmente Gabriel trabaja en un proyecto apoyado por FONCA, una serie de objetos que atraen y proveen de refugio a los insectos polinizadores. A la par, est\u00e1 trabajando en una serie animada con una organizaci\u00f3n que trabaja para implementar pol\u00edticas p\u00fablicas que buscan anteponer las necesidades y derechos de la gente y el medio ambiente antes que las corporaciones.<\/p>\n<h5>Fuente:\u00a0<a href=\"https:\/\/coolhuntermx.com\/diseno-julio-2018-gabriel-calvillo\/\" target=\"_blank\" rel=\"noopener\">coolhuntermx.com<\/a><\/h5>\n<p style=\"text-align:right;\"><a href=\"https:\/\/universidad.uninter.edu.mx\/\" target=\"_blank\" rel=\"noopener\">Universidad Internacional Uninter<\/a><\/p>\n<p style=\"text-align:right;\"><a href=\"https:\/\/universidad.uninter.edu.mx\/carreras\/LDI\" target=\"_blank\" rel=\"noopener\">Licenciatura en Dise\u00f1o Industrial<\/a><\/p>\n<p><a href=\"https:\/\/www.uninter.edu.mx\/\" target=\"_blank\" rel=\"noopener\"><img loading=\"lazy\" class=\"alignnone size-full wp-image-19050\" src=\"https:\/\/dicaduninter.files.wordpress.com\/2018\/07\/universidad-internacional.png\" alt=\"universidad-internacional\" width=\"700\" height=\"106\" \/><\/a><br \/>\n&nbsp;<\/p>\n","protected":false},"excerpt":{"rendered":"<p>&nbsp; &nbsp; &nbsp; El dise\u00f1o es algo que desde peque\u00f1o estuvo en su vida, lo que gener\u00f3 su inter\u00e9s en la industria creativa en donde participar en varios tipos de proyectos y las colaboraciones con artistas, dise\u00f1adores, arquitectos e incluso bi\u00f3logos enriquecen su trabajo y lo llevan a la idea de dise\u00f1ar sin l\u00edmites. Gracias&hellip;<\/p>\n","protected":false},"author":1,"featured_media":20253,"comment_status":"closed","ping_status":"open","sticky":false,"template":"","format":"standard","meta":[],"categories":[10,11,27],"tags":[31,35,45,59,60],"_links":{"self":[{"href":"https:\/\/blogs.uninter.edu.mx\/ESCAT2\/index.php?rest_route=\/wp\/v2\/posts\/20239"}],"collection":[{"href":"https:\/\/blogs.uninter.edu.mx\/ESCAT2\/index.php?rest_route=\/wp\/v2\/posts"}],"about":[{"href":"https:\/\/blogs.uninter.edu.mx\/ESCAT2\/index.php?rest_route=\/wp\/v2\/types\/post"}],"author":[{"embeddable":true,"href":"https:\/\/blogs.uninter.edu.mx\/ESCAT2\/index.php?rest_route=\/wp\/v2\/users\/1"}],"replies":[{"embeddable":true,"href":"https:\/\/blogs.uninter.edu.mx\/ESCAT2\/index.php?rest_route=%2Fwp%2Fv2%2Fcomments&post=20239"}],"version-history":[{"count":0,"href":"https:\/\/blogs.uninter.edu.mx\/ESCAT2\/index.php?rest_route=\/wp\/v2\/posts\/20239\/revisions"}],"wp:featuredmedia":[{"embeddable":true,"href":"https:\/\/blogs.uninter.edu.mx\/ESCAT2\/index.php?rest_route=\/wp\/v2\/media\/20253"}],"wp:attachment":[{"href":"https:\/\/blogs.uninter.edu.mx\/ESCAT2\/index.php?rest_route=%2Fwp%2Fv2%2Fmedia&parent=20239"}],"wp:term":[{"taxonomy":"category","embeddable":true,"href":"https:\/\/blogs.uninter.edu.mx\/ESCAT2\/index.php?rest_route=%2Fwp%2Fv2%2Fcategories&post=20239"},{"taxonomy":"post_tag","embeddable":true,"href":"https:\/\/blogs.uninter.edu.mx\/ESCAT2\/index.php?rest_route=%2Fwp%2Fv2%2Ftags&post=20239"}],"curies":[{"name":"wp","href":"https:\/\/api.w.org\/{rel}","templated":true}]}}