{"id":20410,"date":"2018-08-30T21:38:21","date_gmt":"2018-08-31T02:38:21","guid":{"rendered":"http:\/\/escatuninter.blog\/?p=20410"},"modified":"2018-08-30T21:38:21","modified_gmt":"2018-08-31T02:38:21","slug":"sillas-para-ser-sentidas-mejor-que-para-sentarse-noticiasescat-ldguninter","status":"publish","type":"post","link":"https:\/\/blogs.uninter.edu.mx\/ESCAT2\/?p=20410","title":{"rendered":"Sillas para ser sentidas mejor que para sentarse #NoticiasESCAT #LDIUninter"},"content":{"rendered":"<p><a href=\"https:\/\/www.facebook.com\/EscatUninter\/\" target=\"_blank\" rel=\"noopener\"><img loading=\"lazy\" class=\" size-full wp-image-20350 alignright\" src=\"https:\/\/dicaduninter.files.wordpress.com\/2018\/08\/logo-escat1-e1535139442663.png\" alt=\"logo-escat1\" width=\"230\" height=\"91\" \/><\/a><br \/>\n&nbsp;<br \/>\n&nbsp;<br \/>\n&nbsp;<\/p>\n<p style=\"text-align:justify;\">Cada vez que alguna de las\u00a0<em>Tree Chair<\/em>de\u00a0Nacho Carbonell\u00a0ha sido expuesta ha provocado entre el p\u00fablico las mismas reacciones: una curiosa mezcla de inter\u00e9s y confusi\u00f3n. \u00bfSe trata de un mueble? \u00bfDe un objeto de arte? \u00bfMe lo puedo llevar a casa? \u00bfSe puede tocar?<\/p>\n<p><!--more--><br \/>\n<div id=\"attachment_20412\" style=\"width: 730px\" class=\"wp-caption alignnone\"><img aria-describedby=\"caption-attachment-20412\" loading=\"lazy\" class=\"alignnone size-full wp-image-20412\" src=\"https:\/\/dicaduninter.files.wordpress.com\/2018\/08\/una-de-sus-imposibles-sillas-a-punto-de-convertirse-en-algo.jpg\" alt=\"Una de sus imposibles sillas a punto de convertirse en algo\" width=\"720\" height=\"1020\" \/><p id=\"caption-attachment-20412\" class=\"wp-caption-text\">Una de sus imposibles sillas a punto de convertirse en algo<\/p><\/div><\/p>\n<h5><\/h5>\n<p style=\"text-align:justify;\">Esta silla en la que es complicado sentarse y esta pieza de arte que s\u00ed, puede tocarse, ejemplifica casi a la perfecci\u00f3n la idiosincrasia de la obra de un artista que hace ya tiempo decidi\u00f3 llevar hasta el l\u00edmite la dicotom\u00eda entre lo bello y lo \u00fatil, la observaci\u00f3n y la acci\u00f3n, lo p\u00fablico y lo privado. Mientras uno se pregunta sobre la utilidad de los dise\u00f1os de Carbonell e intenta encontrar una etiqueta para este armatoste, no puede reprimir la urgencia de tocarlo, subirse y manosearlo para llevarse a casa ya no el objeto (es grande, es caro, no es \u00fatil), sino la experiencia de reposar unos instantes sobre esta silla que quer\u00eda ser \u00e1rbol.<\/p>\n<p style=\"text-align:justify;\">Un asiento ideado por este valenciano nacido en 1980 puede tener respaldos infinitos y soportar vidrieras verdes. Suele decir que le interesan objetos que parezcan organismos vivos y que en cualquier momento puedan no solo despertar sino hasta sorprenderte con su comportamiento. \u201cMis dise\u00f1os son historias, cuentos que hablan de una situaci\u00f3n, de un momento, de una t\u00e9cnica, de un proceso. Tiene que haber una comunicaci\u00f3n real. Mis proyectos son elementos comunicativos que intentan entablar un di\u00e1logo con el usuario\u201d, apunta Carbonell.<\/p>\n<p style=\"text-align:justify;\">En una \u00e9poca en la que tanto se habla de la democratizaci\u00f3n del dise\u00f1o y en la que hemos conseguido por fin que todas las casas sean funcionales, Nacho Carbonell sigue fiel a su tendencia on\u00edrica y org\u00e1nica. A las series peque\u00f1as de sus objetos, m\u00e1s pr\u00f3ximos a la alfarer\u00eda que a la producci\u00f3n industrial. Es uno de los dise\u00f1adores espa\u00f1oles m\u00e1s internacionales.<\/p>\n<p style=\"text-align:justify;\">Su nombre suele relacionarse con el de otros contempor\u00e1neos como los de \u00c1lvaro Catal\u00e1n de Oc\u00f3n, Inma Berm\u00fadez, Tom\u00e1s Alonso,\u00a0Jaime Hayon\u00a0o David L\u00f3pez Quincoces. De formaci\u00f3n cosmopolita y artesana a la vez, el valenciano es sin duda el m\u00e1s surrealista. Muy arraigado en el presente inmediato, le lleva sin embargo la contraria a la supuesta velocidad e inmediatez de estos tiempos produciendo con calma, cuidando y explorando las posibilidades m\u00e1s extremas de los materiales, relacion\u00e1ndose activamente con la naturaleza y pensando mucho hasta lograr convertir la idea en objeto.<\/p>\n<h5>Fuente:\u00a0<a href=\"https:\/\/elpais.com\/elpais\/2018\/03\/28\/icon\/1522239183_059269.html\" target=\"_blank\" rel=\"noopener\">https:\/\/elpais.com<\/a><\/h5>\n<p style=\"text-align:right;\"><a href=\"https:\/\/universidad.uninter.edu.mx\/Inicio\" target=\"_blank\" rel=\"noopener\">Universidad Internacional Uninter<\/a><\/p>\n<p style=\"text-align:right;\"><a href=\"https:\/\/universidad.uninter.edu.mx\/carreras\/LDG\" target=\"_blank\" rel=\"noopener\">Licenciatura en Dise\u00f1o Gr\u00e1fico<\/a><\/p>\n<p><a href=\"https:\/\/www.uninter.edu.mx\/\" target=\"_blank\" rel=\"noopener\"><img loading=\"lazy\" class=\" size-full wp-image-19050 aligncenter\" src=\"https:\/\/dicaduninter.files.wordpress.com\/2018\/07\/universidad-internacional.png\" alt=\"universidad-internacional\" width=\"700\" height=\"106\" \/><\/a><br \/>\n&nbsp;<\/p>\n","protected":false},"excerpt":{"rendered":"<p>&nbsp; &nbsp; &nbsp; Cada vez que alguna de las\u00a0Tree Chairde\u00a0Nacho Carbonell\u00a0ha sido expuesta ha provocado entre el p\u00fablico las mismas reacciones: una curiosa mezcla de inter\u00e9s y confusi\u00f3n. \u00bfSe trata de un mueble? \u00bfDe un objeto de arte? \u00bfMe lo puedo llevar a casa? \u00bfSe puede tocar?<\/p>\n","protected":false},"author":1,"featured_media":20411,"comment_status":"closed","ping_status":"open","sticky":false,"template":"","format":"standard","meta":[],"categories":[9,11,27],"tags":[35,50,59,60],"_links":{"self":[{"href":"https:\/\/blogs.uninter.edu.mx\/ESCAT2\/index.php?rest_route=\/wp\/v2\/posts\/20410"}],"collection":[{"href":"https:\/\/blogs.uninter.edu.mx\/ESCAT2\/index.php?rest_route=\/wp\/v2\/posts"}],"about":[{"href":"https:\/\/blogs.uninter.edu.mx\/ESCAT2\/index.php?rest_route=\/wp\/v2\/types\/post"}],"author":[{"embeddable":true,"href":"https:\/\/blogs.uninter.edu.mx\/ESCAT2\/index.php?rest_route=\/wp\/v2\/users\/1"}],"replies":[{"embeddable":true,"href":"https:\/\/blogs.uninter.edu.mx\/ESCAT2\/index.php?rest_route=%2Fwp%2Fv2%2Fcomments&post=20410"}],"version-history":[{"count":0,"href":"https:\/\/blogs.uninter.edu.mx\/ESCAT2\/index.php?rest_route=\/wp\/v2\/posts\/20410\/revisions"}],"wp:featuredmedia":[{"embeddable":true,"href":"https:\/\/blogs.uninter.edu.mx\/ESCAT2\/index.php?rest_route=\/wp\/v2\/media\/20411"}],"wp:attachment":[{"href":"https:\/\/blogs.uninter.edu.mx\/ESCAT2\/index.php?rest_route=%2Fwp%2Fv2%2Fmedia&parent=20410"}],"wp:term":[{"taxonomy":"category","embeddable":true,"href":"https:\/\/blogs.uninter.edu.mx\/ESCAT2\/index.php?rest_route=%2Fwp%2Fv2%2Fcategories&post=20410"},{"taxonomy":"post_tag","embeddable":true,"href":"https:\/\/blogs.uninter.edu.mx\/ESCAT2\/index.php?rest_route=%2Fwp%2Fv2%2Ftags&post=20410"}],"curies":[{"name":"wp","href":"https:\/\/api.w.org\/{rel}","templated":true}]}}