{"id":20414,"date":"2018-09-01T20:06:13","date_gmt":"2018-09-02T01:06:13","guid":{"rendered":"http:\/\/escatuninter.blog\/?p=20414"},"modified":"2018-09-01T20:06:13","modified_gmt":"2018-09-02T01:06:13","slug":"betto-garcia-el-sombrerero-prodigioso-noticiasescat-ldmuninter","status":"publish","type":"post","link":"https:\/\/blogs.uninter.edu.mx\/ESCAT2\/?p=20414","title":{"rendered":"Betto Garc\u00eda, el sombrerero prodigioso #NoticiasESCAT #LDMUninter"},"content":{"rendered":"<p style=\"padding-left:60px;\"><a href=\"https:\/\/www.facebook.com\/EscatUninter\/\" target=\"_blank\" rel=\"noopener\"><img loading=\"lazy\" class=\"size-full wp-image-20350 alignright\" src=\"https:\/\/dicaduninter.files.wordpress.com\/2018\/08\/logo-escat1-e1535139442663.png\" alt=\"logo-escat1\" width=\"230\" height=\"91\" \/><\/a><\/p>\n<p>&nbsp;<br \/>\n&nbsp;<br \/>\n&nbsp;<\/p>\n<p style=\"text-align:justify;\">Aprendi\u00f3 a coser en uno de los talleres londinenses que surten a la aristocracia brit\u00e1nica. Al volver a Espa\u00f1a, fund\u00f3 su marca en Valencia y trabaj\u00f3 con Palomo Spain en todos sus desfiles. Ahora sus creaciones han llegado a Nueva York.<\/p>\n<div id=\"attachment_20608\" style=\"width: 778px\" class=\"wp-caption aligncenter\"><img aria-describedby=\"caption-attachment-20608\" loading=\"lazy\" class=\"alignnone size-full wp-image-20608\" src=\"https:\/\/dicaduninter.files.wordpress.com\/2018\/09\/6b4b5845_noticiaampliada.jpg\" alt=\"Betto Garc\u00eda\" width=\"768\" height=\"512\" \/><p id=\"caption-attachment-20608\" class=\"wp-caption-text\">Betto Garc\u00eda<\/p><\/div>\n<p style=\"text-align:justify;\">Empez\u00f3 a dise\u00f1ar complementos cuando era adolescente. Los vend\u00eda en el patio del instituto. Cada vez m\u00e1s amigas le hac\u00edan encargos. De las bandanas, pendientes y pulseras pas\u00f3 a los tocados. \u201cMe adentr\u00e9 en el rollo boda y comenc\u00e9 a ganar un dinerito\u201d, explica el valenciano Betto Garc\u00eda. En ese momento decidi\u00f3 irse a Londres para aprender el idioma y el oficio: \u201cMi ingl\u00e9s era nulo y realmente no sab\u00eda coser\u201d. Comenz\u00f3 lavando platos en un local de comida r\u00e1pida. Un d\u00eda conoci\u00f3 a una espa\u00f1ola que le facilit\u00f3 unas pr\u00e1cticas en una sombrerer\u00eda. \u201cEra amiga de la encargada de Edwina Ibbotson, una de las m\u00e1s reconocidas\u201d. Con ella, que hac\u00eda piezas para la familia real brit\u00e1nica, lo aprendi\u00f3 todo. \u201cEl primer d\u00eda en el taller estuve nueve horas cosiendo con sudor y l\u00e1grimas una cosa que ahora tardar\u00eda como mucho una hora\u201d. Al principio no cobraba. \u201cDaba igual. Era un m\u00e1ster impagable\u201d. Llevaba una doble vida: \u201cPor las ma\u00f1anas estaba rodeado de plumas y por las noches ol\u00eda a fritanga. Un contraste brutal\u201d.<\/p>\n<p><img loading=\"lazy\" class=\" size-full wp-image-20609 aligncenter\" src=\"https:\/\/dicaduninter.files.wordpress.com\/2018\/09\/14797489912708.jpg\" alt=\"14797489912708\" width=\"660\" height=\"400\" \/><\/p>\n<p style=\"text-align:justify;\">Cuando se acercaban las carreras de Ascot, las jornadas eran interminables. \u201cTen\u00edamos tantos encargos que est\u00e1bamos de ocho de la ma\u00f1ana a tres de la madrugada sin parar. Llev\u00e1bamos sacos de dormir y pas\u00e1bamos d\u00edas seguidos encerrados\u201d. Estuvo casi dos a\u00f1os con la sombrerera. Volvi\u00f3 a Valencia con la idea de pasar un verano, pero se qued\u00f3. \u201cTen\u00eda muchas ganas de hacer mis propias piezas\u201d, reconoce. \u201cNing\u00fan banco cre\u00eda en m\u00ed, todos pensaban que era un ni\u00f1o loco\u201d. Al final consigui\u00f3 un micro cr\u00e9dito y empez\u00f3 su propia empresa.<\/p>\n<p style=\"text-align:justify;\">En Londres hab\u00eda coincidido con Alejandro G\u00f3mez Palomo, que estudiaba moda. \u201cSiempre me dec\u00eda que alg\u00fan d\u00eda le har\u00eda los sombreros\u201d. Y as\u00ed fue desde que el creador de Palomo Spain lanz\u00f3 Orlando, su primera colecci\u00f3n en Madrid. Trabajaron sin verse, por <i>e-mail<\/i> y tel\u00e9fono, pero todo encaj\u00f3. Para el siguiente desfile, Betto acompa\u00f1\u00f3 a Palomo a Posadas (C\u00f3rdoba), su pueblo natal. \u201cFue incre\u00edble, muy inspirador\u201d. Y con el tercero, en Nueva York, lleg\u00f3 la locura. \u201cNos cambi\u00f3 la vida. Pas\u00e9 de tener 3 pedidos a la vez a 36\u201d. Su \u00faltima colaboraci\u00f3n fue en Hotel Palomo. A\u00fan se aplaude el tocado con forma de cisne. \u201cLa firma de Alejandro est\u00e1 llena de belleza y transgresi\u00f3n, y ha puesto de nuevo a la moda espa\u00f1ola en el mapa\u201d.<\/p>\n<p><img loading=\"lazy\" class=\"alignnone size-full wp-image-20610\" src=\"https:\/\/dicaduninter.files.wordpress.com\/2018\/09\/cb8f101c256d74ab2038c38ae3e7d984.jpg\" alt=\"cb8f101c256d74ab2038c38ae3e7d984\" width=\"1800\" height=\"1200\" \/><\/p>\n<p style=\"text-align:justify;\">Todas las creaciones de Betto Garc\u00eda salen de su taller en Valencia. Cinco personas trabajan con \u00e9l. Los pedidos se acumulan. Pamelas, canotiers, borsalinos, fedoras, boinas o diademas asoman por todas partes. \u201cSon para mujeres atrevidas, con car\u00e1cter, muy seguras de s\u00ed mismas\u201d. Cada pieza es \u00fanica. Sus precios van de los 180 a los 450 euros. \u201cLa mayor\u00eda de pedidos que recibimos son para bodas. En Inglaterra y en Australia tienen mucha cultura de sombreros. Aqu\u00ed es un sector por desarrollar\u201d. Solo hay una m\u00e1quina de coser. Todo lo hacen a mano.<\/p>\n<div id=\"attachment_20611\" style=\"width: 889px\" class=\"wp-caption alignnone\"><img aria-describedby=\"caption-attachment-20611\" loading=\"lazy\" class=\"alignnone size-full wp-image-20611\" src=\"https:\/\/dicaduninter.files.wordpress.com\/2018\/09\/bettogarcia.jpg\" alt=\"Betto Garc\u00eda\" width=\"879\" height=\"583\" \/><p id=\"caption-attachment-20611\" class=\"wp-caption-text\">Betto Garc\u00eda<\/p><\/div>\n<p style=\"text-align:justify;\">Dicharachero y expansivo, el valenciano tiene su propio estilo. \u201cPhilip Treacy es el hombre m\u00e1s fusilado de la historia de la moda. En sombrerer\u00eda todo recuerda a \u00e9l. Admiro su trabajo, pero trato de ir por otras v\u00edas\u201d. As\u00ed lo ha demostrado tambi\u00e9n en sus incursiones teatrales, como las piezas que hizo para <i>Esto no es la casa de \u00adBernarda Alba<\/i>.<\/p>\n<p style=\"text-align:justify;\">Hace medio a\u00f1o, un tal Christian Siriano, del que Betto no sab\u00eda nada, apareci\u00f3 en su vida. \u201cMe empez\u00f3 a seguir en Instagram\u201d. Result\u00f3 ser un joven dise\u00f1ador de moda estadounidense que tiene entre sus clientas a muchas famosas. Un d\u00eda le pidi\u00f3 que hiciese los sombreros para su desfile. Betto acept\u00f3 y acudi\u00f3 a Nueva York. Hoy sus piezas se venden en la tienda de Siriano, que ocupa un edificio entero al lado del MOMA.<\/p>\n<p style=\"text-align:justify;\">Ahora acaba de crear una colecci\u00f3n para Outsiders Division, otra firma espa\u00f1ola al alza. Y le gustar\u00eda llegar a la cabeza de la reina Letizia. \u201cSoy muy ambicioso, lo que me genera un problema de auto exigencia. Nunca tengo bastante. Siempre quiero m\u00e1s\u201d.<\/p>\n<div id=\"attachment_20416\" style=\"width: 730px\" class=\"wp-caption alignnone\"><img aria-describedby=\"caption-attachment-20416\" loading=\"lazy\" class=\"alignnone size-full wp-image-20416\" src=\"https:\/\/dicaduninter.files.wordpress.com\/2018\/08\/sombrero-con-cuello-de-cisne-y-plumas.jpg\" alt=\"Sombrero con cuello de cisne y plumas\" width=\"720\" height=\"1080\" \/><p id=\"caption-attachment-20416\" class=\"wp-caption-text\">Sombrero con cuello de cisne y plumas<\/p><\/div>\n<h5>Fuente: <a href=\"https:\/\/elpais.com\/elpais\/2018\/07\/26\/eps\/1532596261_678382.html\" target=\"_blank\" rel=\"noopener\">elpais.com<\/a><\/h5>\n<p style=\"text-align:right;\"><a href=\"http:\/\/www.universidad.uninter.edu.mx\/\" target=\"_blank\" rel=\"noopener\">Universidad Internacional Uninter<\/a><\/p>\n<p style=\"text-align:right;\"><a href=\"https:\/\/universidad.uninter.edu.mx\/carreras\/LDM\" target=\"_blank\" rel=\"noopener\">Licenciatura en Dise\u00f1o de Modas y Tendencias Internacionales<\/a><\/p>\n<p><a href=\"https:\/\/www.uninter.edu.mx\/\" target=\"_blank\" rel=\"noopener\"><img loading=\"lazy\" class=\"size-full wp-image-19050 aligncenter\" src=\"https:\/\/dicaduninter.files.wordpress.com\/2018\/07\/universidad-internacional.png\" alt=\"universidad-internacional\" width=\"700\" height=\"106\" \/><\/a><\/p>\n","protected":false},"excerpt":{"rendered":"<p>&nbsp; &nbsp; &nbsp; Aprendi\u00f3 a coser en uno de los talleres londinenses que surten a la aristocracia brit\u00e1nica. Al volver a Espa\u00f1a, fund\u00f3 su marca en Valencia y trabaj\u00f3 con Palomo Spain en todos sus desfiles. Ahora sus creaciones han llegado a Nueva York. Empez\u00f3 a dise\u00f1ar complementos cuando era adolescente. Los vend\u00eda en el&hellip;<\/p>\n","protected":false},"author":1,"featured_media":20415,"comment_status":"closed","ping_status":"open","sticky":false,"template":"","format":"standard","meta":[],"categories":[8,11,27],"tags":[35,52,54,59,60],"_links":{"self":[{"href":"https:\/\/blogs.uninter.edu.mx\/ESCAT2\/index.php?rest_route=\/wp\/v2\/posts\/20414"}],"collection":[{"href":"https:\/\/blogs.uninter.edu.mx\/ESCAT2\/index.php?rest_route=\/wp\/v2\/posts"}],"about":[{"href":"https:\/\/blogs.uninter.edu.mx\/ESCAT2\/index.php?rest_route=\/wp\/v2\/types\/post"}],"author":[{"embeddable":true,"href":"https:\/\/blogs.uninter.edu.mx\/ESCAT2\/index.php?rest_route=\/wp\/v2\/users\/1"}],"replies":[{"embeddable":true,"href":"https:\/\/blogs.uninter.edu.mx\/ESCAT2\/index.php?rest_route=%2Fwp%2Fv2%2Fcomments&post=20414"}],"version-history":[{"count":0,"href":"https:\/\/blogs.uninter.edu.mx\/ESCAT2\/index.php?rest_route=\/wp\/v2\/posts\/20414\/revisions"}],"wp:featuredmedia":[{"embeddable":true,"href":"https:\/\/blogs.uninter.edu.mx\/ESCAT2\/index.php?rest_route=\/wp\/v2\/media\/20415"}],"wp:attachment":[{"href":"https:\/\/blogs.uninter.edu.mx\/ESCAT2\/index.php?rest_route=%2Fwp%2Fv2%2Fmedia&parent=20414"}],"wp:term":[{"taxonomy":"category","embeddable":true,"href":"https:\/\/blogs.uninter.edu.mx\/ESCAT2\/index.php?rest_route=%2Fwp%2Fv2%2Fcategories&post=20414"},{"taxonomy":"post_tag","embeddable":true,"href":"https:\/\/blogs.uninter.edu.mx\/ESCAT2\/index.php?rest_route=%2Fwp%2Fv2%2Ftags&post=20414"}],"curies":[{"name":"wp","href":"https:\/\/api.w.org\/{rel}","templated":true}]}}