{"id":20553,"date":"2018-09-20T12:55:35","date_gmt":"2018-09-20T17:55:35","guid":{"rendered":"http:\/\/escatuninter.blog\/?p=20553"},"modified":"2018-09-20T12:55:35","modified_gmt":"2018-09-20T17:55:35","slug":"facebook-y-el-sueno-de-funcionar-solo-con-energia-renovable-noticiasescat-iamuninter","status":"publish","type":"post","link":"https:\/\/blogs.uninter.edu.mx\/ESCAT2\/?p=20553","title":{"rendered":"Facebook y el sue\u00f1o de funcionar solo con energ\u00eda renovable #NoticiasESCAT #IAMUninter"},"content":{"rendered":"<p><a href=\"https:\/\/www.facebook.com\/EscatUninter\/\" target=\"_blank\" rel=\"noopener\"><img loading=\"lazy\" class=\" size-full wp-image-20339 alignright\" src=\"https:\/\/dicaduninter.files.wordpress.com\/2018\/08\/logo-escat-e1535483210982.png\" alt=\"logo-escat\" width=\"230\" height=\"91\" \/><\/a><br \/>\n&nbsp;<br \/>\n&nbsp;<br \/>\n&nbsp;<\/p>\n<p class=\"subtitulo\" style=\"text-align:justify;\">La compa\u00f1\u00eda tecnol\u00f3gica tambi\u00e9n quiere reducir un 75% sus emisiones de gases de efecto invernadero. Facebook anunci\u00f3 esta semana que se ha comprometido a reducir sus emisiones de gases de efecto invernadero&#8230;<\/p>\n<p><!--more--><\/p>\n<p class=\"subtitulo\" style=\"text-align:justify;\">en un 75% as\u00ed como usar el 100% de energ\u00eda renovable para impulsar sus operaciones globales. Y pretende hacerlo en un plazo de 2 a\u00f1os.<\/p>\n<p style=\"text-align:justify;\">\u00c9sta es una muestra m\u00e1s de su compromiso y de sus esfuerzos para combatir el cambio clim\u00e1tico. Desde el a\u00f1o 2013, Facebook ha comprado m\u00e1s de 3 gigavatios de energ\u00eda solar y e\u00f3lica, de los cu\u00e1les 2,5 se compraron en los \u00faltimos 12 meses. Placas solares y molinos e\u00f3licos que se construir\u00e1n en el mismo terreno donde se encuentran los centros de datos de la compa\u00f1\u00eda, situados en Oregon, Virginia, Nuevo M\u00e9xico y Suecia.<\/p>\n<div id=\"attachment_20554\" style=\"width: 658px\" class=\"wp-caption alignnone\"><img aria-describedby=\"caption-attachment-20554\" loading=\"lazy\" class=\"alignnone size-full wp-image-20554\" src=\"https:\/\/dicaduninter.files.wordpress.com\/2018\/09\/energc3ada-ec3b3lica.jpg\" alt=\"Energ\u00eda E\u00f3lica\" width=\"652\" height=\"364\" \/><p id=\"caption-attachment-20554\" class=\"wp-caption-text\">Energ\u00eda E\u00f3lica<\/p><\/div>\n<p style=\"text-align:justify;\">Lo especialmente positivo de las compras renovables de Facebook, seg\u00fan TechCrunch, es que no son acuerdos en los que compra energ\u00eda renovable en una geograf\u00eda remota para compensar la energ\u00eda que adquiere en los mercados locales que dependen del combustible tradicional.<\/p>\n<p style=\"text-align:justify;\">\u201cTodos estos proyectos e\u00f3licos y solares son nuevos y est\u00e1n en la misma red que nuestros centros de datos. Eso significa que cada uno de estos proyectos genera empleos, inversiones y un medio ambiente m\u00e1s saludable para las comunidades que nos acogen, desde Prineville, Oreg\u00f3n, y Los Lunas, Nuevo M\u00e9xico, hasta Henrico, Virginia y Lule\u00e5, Suecia\u201d, explic\u00f3 la compa\u00f1\u00eda en un comunicado.<\/p>\n<div id=\"attachment_20629\" style=\"width: 1210px\" class=\"wp-caption alignnone\"><img aria-describedby=\"caption-attachment-20629\" loading=\"lazy\" class=\"alignnone size-full wp-image-20629\" src=\"https:\/\/dicaduninter.files.wordpress.com\/2018\/09\/desventajas_eolica-ok.jpg\" alt=\"Facebook y el sue\u00f1o de funcionar solo con energ\u00eda renovable\" width=\"1200\" height=\"380\" \/><p id=\"caption-attachment-20629\" class=\"wp-caption-text\">Facebook y el sue\u00f1o de funcionar solo con energ\u00eda renovable<\/p><\/div>\n<p style=\"text-align:justify;\">Adem\u00e1s, el gigante tecnol\u00f3gico asegura haber cumplido el objetivo que se marc\u00f3 para principios de a\u00f1o: mantener el 50% de sus instalaciones con energ\u00eda renovable. De hecho, Facebook consigui\u00f3 su prop\u00f3sito el a\u00f1o pasado, cuando lleg\u00f3 al 51%.<\/p>\n<p style=\"text-align:justify;\">Facebook no es la \u00fanica que se est\u00e1 poniendo las pilas con las energ\u00edas renovables. En junio, Samsung prometi\u00f3 que sus operaciones en los Estados Unidos, Europa y China se desarrollar\u00edan a partir de energ\u00eda 100% renovable a partir del 2020. Y Apple y Google han comprado suficiente energ\u00eda renovable como para compensar su consumo energ\u00e9tico des de abril.<\/p>\n<h5>Fuente:\u00a0<a href=\"http:\/\/www.noticiasambientales.com.ar\/es\/energia\/facebook-y-el-sueno-de-funcionar-solo-con-energia-renovable\" target=\"_blank\" rel=\"noopener\">noticiasambientales.com<\/a><\/h5>\n<p>&nbsp;<\/p>\n<p style=\"text-align:right;\"><a href=\"https:\/\/universidad.uninter.edu.mx\/\" target=\"_blank\" rel=\"noopener\">Universidad Internacional Uninter<\/a><\/p>\n<p style=\"text-align:right;\"><a href=\"https:\/\/universidad.uninter.edu.mx\/carreras\/IAM\" target=\"_blank\" rel=\"noopener\">Ingenier\u00eda Ambiental<\/a><\/p>\n<p style=\"text-align:justify;\"><a href=\"http:\/\/uninter.edu.mx\" target=\"_blank\" rel=\"noopener\"><img loading=\"lazy\" class=\"size-full wp-image-18085 aligncenter\" src=\"https:\/\/dicaduninter.files.wordpress.com\/2018\/06\/universidad-internacional.png\" alt=\"Universidad Internacional\" width=\"700\" height=\"106\" \/><\/a><\/p>\n","protected":false},"excerpt":{"rendered":"<p>&nbsp; &nbsp; &nbsp; La compa\u00f1\u00eda tecnol\u00f3gica tambi\u00e9n quiere reducir un 75% sus emisiones de gases de efecto invernadero. Facebook anunci\u00f3 esta semana que se ha comprometido a reducir sus emisiones de gases de efecto invernadero&#8230;<\/p>\n","protected":false},"author":1,"featured_media":20555,"comment_status":"closed","ping_status":"open","sticky":false,"template":"","format":"standard","meta":[],"categories":[15,23,27],"tags":[29,35,39,59,60],"_links":{"self":[{"href":"https:\/\/blogs.uninter.edu.mx\/ESCAT2\/index.php?rest_route=\/wp\/v2\/posts\/20553"}],"collection":[{"href":"https:\/\/blogs.uninter.edu.mx\/ESCAT2\/index.php?rest_route=\/wp\/v2\/posts"}],"about":[{"href":"https:\/\/blogs.uninter.edu.mx\/ESCAT2\/index.php?rest_route=\/wp\/v2\/types\/post"}],"author":[{"embeddable":true,"href":"https:\/\/blogs.uninter.edu.mx\/ESCAT2\/index.php?rest_route=\/wp\/v2\/users\/1"}],"replies":[{"embeddable":true,"href":"https:\/\/blogs.uninter.edu.mx\/ESCAT2\/index.php?rest_route=%2Fwp%2Fv2%2Fcomments&post=20553"}],"version-history":[{"count":0,"href":"https:\/\/blogs.uninter.edu.mx\/ESCAT2\/index.php?rest_route=\/wp\/v2\/posts\/20553\/revisions"}],"wp:featuredmedia":[{"embeddable":true,"href":"https:\/\/blogs.uninter.edu.mx\/ESCAT2\/index.php?rest_route=\/wp\/v2\/media\/20555"}],"wp:attachment":[{"href":"https:\/\/blogs.uninter.edu.mx\/ESCAT2\/index.php?rest_route=%2Fwp%2Fv2%2Fmedia&parent=20553"}],"wp:term":[{"taxonomy":"category","embeddable":true,"href":"https:\/\/blogs.uninter.edu.mx\/ESCAT2\/index.php?rest_route=%2Fwp%2Fv2%2Fcategories&post=20553"},{"taxonomy":"post_tag","embeddable":true,"href":"https:\/\/blogs.uninter.edu.mx\/ESCAT2\/index.php?rest_route=%2Fwp%2Fv2%2Ftags&post=20553"}],"curies":[{"name":"wp","href":"https:\/\/api.w.org\/{rel}","templated":true}]}}