{"id":20665,"date":"2018-10-08T07:36:28","date_gmt":"2018-10-08T12:36:28","guid":{"rendered":"http:\/\/escatuninter.blog\/?p=20665"},"modified":"2018-10-08T07:36:28","modified_gmt":"2018-10-08T12:36:28","slug":"toma-de-protesta-noticiasescat-arquninter-iciuninter","status":"publish","type":"post","link":"https:\/\/blogs.uninter.edu.mx\/ESCAT2\/?p=20665","title":{"rendered":"Toma de Protesta #NoticiasESCAT #ARQUninter #ICIUninter"},"content":{"rendered":"<p><a href=\"https:\/\/www.facebook.com\/EscatUninter\/\" target=\"_blank\" rel=\"noopener\"><img loading=\"lazy\" class=\" size-full wp-image-19507 alignright\" src=\"https:\/\/dicaduninter.files.wordpress.com\/2018\/07\/logo-escat1.png\" alt=\"logo-escat\" width=\"230\" height=\"96\" \/><\/a><br \/>\n&nbsp;<br \/>\n&nbsp;<br \/>\n&nbsp;<\/p>\n<p style=\"text-align:justify;\">El d\u00eda jueves 30 de agosto del a\u00f1o en curso se\u00a0 llevo a cabo la ceremonia de Toma de Protesta de los Estudiantes&#8230;<\/p>\n<p><!--more--><\/p>\n<p style=\"text-align:justify;\">Georgina Mart\u00ednez \u00c1lvarez,\u00a0Stefany Aveleyra Corona,\u00a0Marco Antonio Soria Ch\u00e1vez,\u00a0Maximiliano Medrano Guevara y Jos\u00e9 Jorge Torres Garc\u00eda. Quienes ante el jurado conformado por :<\/p>\n<ul>\n<li>Arq. Fernando Arturo Giovanini Garc\u00eda, Mtro en Hs; Presidente<\/li>\n<li>\u00a0Arq. Carlos Topete Contreras, Mtro en Arq; Secretario<\/li>\n<li>Arq. Jos\u00e9 Manuel Mu\u00f1oz G\u00f3mez Mtro en Arq; Vocal<\/li>\n<\/ul>\n<p style=\"text-align:justify;\">Tomaron la protesta y externaron sus opiniones y experiencias durante su desarrollo acad\u00e9mico que les demanda un proceso activo y consecutivo de conocimientos, habilidades y actividades dentro de la calidad y el respeto a la sociedad y al medio ambiente.<\/p>\n<p>Les deseamos much\u00edsimo \u00e9xito a los nuevos Arquitectos!!!<br \/>\n<\/p>\n<p style=\"text-align:right;\"><a href=\"https:\/\/universidad.uninter.edu.mx\/\" target=\"_blank\" rel=\"noopener\">Universidad Internacional Uninter<\/a><\/p>\n<p style=\"text-align:right;\"><a href=\"https:\/\/universidad.uninter.edu.mx\/carreras\/ARQ\" target=\"_blank\" rel=\"noopener\">Licenciatura en Arquitectura<\/a><\/p>\n<p style=\"text-align:right;\"><a href=\"https:\/\/universidad.uninter.edu.mx\/carreras\/ICI\" target=\"_blank\" rel=\"noopener\">Licenciatura en Ingenier\u00eda Civil<\/a><\/p>\n<p><a href=\"https:\/\/www.uninter.edu.mx\/\" target=\"_blank\" rel=\"noopener\"><img loading=\"lazy\" class=\" size-full wp-image-20572 aligncenter\" src=\"https:\/\/dicaduninter.files.wordpress.com\/2018\/09\/uninter.png\" alt=\"uninter\" width=\"680\" height=\"111\" \/><\/a><\/p>\n","protected":false},"excerpt":{"rendered":"<p>&nbsp; &nbsp; &nbsp; El d\u00eda jueves 30 de agosto del a\u00f1o en curso se\u00a0 llevo a cabo la ceremonia de Toma de Protesta de los Estudiantes&#8230;<\/p>\n","protected":false},"author":1,"featured_media":20767,"comment_status":"closed","ping_status":"open","sticky":false,"template":"","format":"standard","meta":[],"categories":[4,16,27],"tags":[35,59,60,588],"_links":{"self":[{"href":"https:\/\/blogs.uninter.edu.mx\/ESCAT2\/index.php?rest_route=\/wp\/v2\/posts\/20665"}],"collection":[{"href":"https:\/\/blogs.uninter.edu.mx\/ESCAT2\/index.php?rest_route=\/wp\/v2\/posts"}],"about":[{"href":"https:\/\/blogs.uninter.edu.mx\/ESCAT2\/index.php?rest_route=\/wp\/v2\/types\/post"}],"author":[{"embeddable":true,"href":"https:\/\/blogs.uninter.edu.mx\/ESCAT2\/index.php?rest_route=\/wp\/v2\/users\/1"}],"replies":[{"embeddable":true,"href":"https:\/\/blogs.uninter.edu.mx\/ESCAT2\/index.php?rest_route=%2Fwp%2Fv2%2Fcomments&post=20665"}],"version-history":[{"count":0,"href":"https:\/\/blogs.uninter.edu.mx\/ESCAT2\/index.php?rest_route=\/wp\/v2\/posts\/20665\/revisions"}],"wp:featuredmedia":[{"embeddable":true,"href":"https:\/\/blogs.uninter.edu.mx\/ESCAT2\/index.php?rest_route=\/wp\/v2\/media\/20767"}],"wp:attachment":[{"href":"https:\/\/blogs.uninter.edu.mx\/ESCAT2\/index.php?rest_route=%2Fwp%2Fv2%2Fmedia&parent=20665"}],"wp:term":[{"taxonomy":"category","embeddable":true,"href":"https:\/\/blogs.uninter.edu.mx\/ESCAT2\/index.php?rest_route=%2Fwp%2Fv2%2Fcategories&post=20665"},{"taxonomy":"post_tag","embeddable":true,"href":"https:\/\/blogs.uninter.edu.mx\/ESCAT2\/index.php?rest_route=%2Fwp%2Fv2%2Ftags&post=20665"}],"curies":[{"name":"wp","href":"https:\/\/api.w.org\/{rel}","templated":true}]}}