{"id":20789,"date":"2018-10-07T20:40:36","date_gmt":"2018-10-08T01:40:36","guid":{"rendered":"http:\/\/escatuninter.blog\/?p=20789"},"modified":"2018-10-07T20:40:36","modified_gmt":"2018-10-08T01:40:36","slug":"taller-de-maquetas-escat-arquninter-iciuninter-uninter","status":"publish","type":"post","link":"https:\/\/blogs.uninter.edu.mx\/ESCAT2\/?p=20789","title":{"rendered":"Taller de Maquetas #ESCAT #ARQUninter #ICIUninter #Uninter"},"content":{"rendered":"<p><a href=\"https:\/\/www.facebook.com\/EscatUninter\/\" target=\"_blank\" rel=\"noopener\"><img loading=\"lazy\" class=\" size-full wp-image-20350 alignright\" src=\"https:\/\/dicaduninter.files.wordpress.com\/2018\/08\/logo-escat1-e1535139442663.png\" alt=\"logo-escat1\" width=\"230\" height=\"96\" \/><\/a><br \/>\n&nbsp;<br \/>\n&nbsp;<br \/>\n&nbsp;<\/p>\n<p style=\"text-align:justify;\">A\u00a0 la comunidad de Arquitectura e Ingenier\u00eda civil se les informa que a partir del 20 de Agosto se llevan a cabo las pr\u00e1cticas de elaboraci\u00f3n de maquetas arquitect\u00f3nicas, de trabajo y detalles constructivos bajo la asesor\u00eda del\u00a0 Arq. Sergio Alejandro Hern\u00e1ndez Salgado y la Arq. M\u00f3nica Thal\u00eda S\u00e1nchez Acosta.<\/p>\n<p style=\"text-align:justify;\"><!--more-->Agradecemos de antemano la participaci\u00f3n y dedicaci\u00f3n de los estudiantes que se han sumado a este taller.<\/p>\n<p style=\"text-align:justify;\">Se continuar\u00e1 con los trabajos que se desarrollan en este taller hasta el final del semestre. Aprovechamos la publicaci\u00f3n para hacer extensiva la invitaci\u00f3n a todos los estudiantes de Arquitectura e Ingenier\u00eda Civil que deseen utilizar este espacio para la elaboraci\u00f3n de sus maquetas.<\/p>\n\n<p style=\"text-align:right;\"><a href=\"https:\/\/universidad.uninter.edu.mx\/\" target=\"_blank\" rel=\"noopener\">Universidad Internacional Uninter<\/a><\/p>\n<p style=\"text-align:right;\"><a href=\"https:\/\/universidad.uninter.edu.mx\/carreras\/ARQ\" target=\"_blank\" rel=\"noopener\">Licenciatura en Arquitectura<\/a><\/p>\n<p style=\"text-align:right;\"><a href=\"https:\/\/universidad.uninter.edu.mx\/carreras\/ICI\" target=\"_blank\" rel=\"noopener\">Licenciatura en Ingenier\u00eda Civil<\/a><\/p>\n<p><a href=\"https:\/\/www.uninter.edu.mx\/\" target=\"_blank\" rel=\"noopener\"><img loading=\"lazy\" class=\" size-full wp-image-20572 aligncenter\" src=\"https:\/\/dicaduninter.files.wordpress.com\/2018\/09\/uninter.png\" alt=\"uninter\" width=\"680\" height=\"111\" \/><\/a><br \/>\n&nbsp;<\/p>\n","protected":false},"excerpt":{"rendered":"<p>&nbsp; &nbsp; &nbsp; A\u00a0 la comunidad de Arquitectura e Ingenier\u00eda civil se les informa que a partir del 20 de Agosto se llevan a cabo las pr\u00e1cticas de elaboraci\u00f3n de maquetas arquitect\u00f3nicas, de trabajo y detalles constructivos bajo la asesor\u00eda del\u00a0 Arq. Sergio Alejandro Hern\u00e1ndez Salgado y la Arq. M\u00f3nica Thal\u00eda S\u00e1nchez Acosta.<\/p>\n","protected":false},"author":1,"featured_media":20818,"comment_status":"closed","ping_status":"open","sticky":false,"template":"","format":"standard","meta":[],"categories":[4,16,27],"tags":[35,59,60,1034,1714],"_links":{"self":[{"href":"https:\/\/blogs.uninter.edu.mx\/ESCAT2\/index.php?rest_route=\/wp\/v2\/posts\/20789"}],"collection":[{"href":"https:\/\/blogs.uninter.edu.mx\/ESCAT2\/index.php?rest_route=\/wp\/v2\/posts"}],"about":[{"href":"https:\/\/blogs.uninter.edu.mx\/ESCAT2\/index.php?rest_route=\/wp\/v2\/types\/post"}],"author":[{"embeddable":true,"href":"https:\/\/blogs.uninter.edu.mx\/ESCAT2\/index.php?rest_route=\/wp\/v2\/users\/1"}],"replies":[{"embeddable":true,"href":"https:\/\/blogs.uninter.edu.mx\/ESCAT2\/index.php?rest_route=%2Fwp%2Fv2%2Fcomments&post=20789"}],"version-history":[{"count":0,"href":"https:\/\/blogs.uninter.edu.mx\/ESCAT2\/index.php?rest_route=\/wp\/v2\/posts\/20789\/revisions"}],"wp:featuredmedia":[{"embeddable":true,"href":"https:\/\/blogs.uninter.edu.mx\/ESCAT2\/index.php?rest_route=\/wp\/v2\/media\/20818"}],"wp:attachment":[{"href":"https:\/\/blogs.uninter.edu.mx\/ESCAT2\/index.php?rest_route=%2Fwp%2Fv2%2Fmedia&parent=20789"}],"wp:term":[{"taxonomy":"category","embeddable":true,"href":"https:\/\/blogs.uninter.edu.mx\/ESCAT2\/index.php?rest_route=%2Fwp%2Fv2%2Fcategories&post=20789"},{"taxonomy":"post_tag","embeddable":true,"href":"https:\/\/blogs.uninter.edu.mx\/ESCAT2\/index.php?rest_route=%2Fwp%2Fv2%2Ftags&post=20789"}],"curies":[{"name":"wp","href":"https:\/\/api.w.org\/{rel}","templated":true}]}}