{"id":21139,"date":"2018-10-16T09:00:07","date_gmt":"2018-10-16T14:00:07","guid":{"rendered":"http:\/\/escatuninter.blog\/?p=21139"},"modified":"2018-10-16T09:00:07","modified_gmt":"2018-10-16T14:00:07","slug":"instagram-festeja-8-anos-noticiasescat-iscuninter","status":"publish","type":"post","link":"https:\/\/blogs.uninter.edu.mx\/ESCAT2\/?p=21139","title":{"rendered":"Instagram festeja 8 a\u00f1os #NoticiasESCAT #ISCUninter"},"content":{"rendered":"<p><a href=\"https:\/\/www.facebook.com\/EscatUninter\/\" target=\"_blank\" rel=\"noopener\"><img loading=\"lazy\" class=\"  wp-image-16186 alignright\" src=\"https:\/\/dicaduninter.files.wordpress.com\/2018\/01\/escat-11.png\" alt=\"ESCAT 1\" width=\"230\" height=\"96\" \/><\/a><br \/>\n&nbsp;<br \/>\n&nbsp;<br \/>\n&nbsp;<\/p>\n<p style=\"text-align:justify;\">El pasado 6 de octubre de 2010 Instagram, que permite realizar fotos y videos para su pronta exposici\u00f3n en la red, fue dada a conocer por primera vez, donde logr\u00f3 en su d\u00eda inaugural el registro de 25 mil personas sobre su plataforma.<\/p>\n<p><!--more--><\/p>\n<p style=\"text-align:justify;\">Los creadores Kevin Systrom y Mike Krieger son egresados de la Universidad de Stanford; ambos iniciaron el desarrollo de la aplicaci\u00f3n mediante el lenguaje de programaci\u00f3n HTML5, funci\u00f3n que les permiti\u00f3 dise\u00f1ar un proyecto de fotograf\u00eda m\u00f3vil.<\/p>\n<p style=\"text-align:justify;\">La aplicaci\u00f3n innov\u00f3 la forma de tomar una foto y editarla bajo diferentes filtros, sino que permiti\u00f3 a la comunidad cibernauta interactuar de manera inmediata con ellas.<\/p>\n<p><iframe loading=\"lazy\" width=\"700\" height=\"525\" src=\"https:\/\/www.youtube.com\/embed\/7-mlFhhzPcM?feature=oembed\" frameborder=\"0\" allow=\"accelerometer; autoplay; encrypted-media; gyroscope; picture-in-picture\" allowfullscreen><\/iframe><\/p>\n<p style=\"text-align:justify;\">Elementos como &#8220;compartir&#8221;, &#8220;comentar&#8221;, la inclusi\u00f3n del &#8220;hashtag&#8221; y realizar un &#8220;me gusta&#8221;, fueron grandes aportaciones al sistema de fotograf\u00edas instant\u00e1neas digitales, adem\u00e1s el elemento de compatibilidad con otras redes sociales.<\/p>\n<p style=\"text-align:justify;\">El 9 de abril de 2012 la compa\u00f1\u00eda Facebook adquiere totalmente la aplicaci\u00f3n fotogr\u00e1fica por un monto de mil millones de d\u00f3lares, la cual ten\u00eda apenas 551 d\u00edas de estar en l\u00ednea. Bajo este contexto, la red social pag\u00f3 1.8 millones de billetes verdes por cada d\u00eda que Instagram estaba en funcionamiento sin pertenecerle.<\/p>\n<p style=\"text-align:justify;\">Originalmente la aplicaci\u00f3n se ide\u00f3 para uso exclusivo en dispositivos de la marca Apple, pero debido a la demanda de sus servicios y tras la reciente compra de Facebook, en el mes de abril de 2012 emprendi\u00f3 su cobertura a port\u00e1tiles con desarrollador Android, hecho que le hizo alcanzar los 100 millones de usuarios activos.<\/p>\n<h5>Fuente:\u00a0<a href=\"https:\/\/www.unotv.com\/noticias\/portal\/tecnologia\/detalle\/instagram-cumple-8-anios-de-vida-278215\/\" target=\"_blank\" rel=\"noopener\">UNOTV<\/a><\/h5>\n<p style=\"text-align:right;\"><a href=\"http:\/\/www.universidad.uninter.edu.mx\/\" target=\"_blank\" rel=\"noopener\">Universidad Internacional Uninter<\/a><\/p>\n<p style=\"text-align:right;\"><a href=\"http:\/\/www.universidad.uninter.edu.mx\/carreras\/ISC\" target=\"_blank\" rel=\"noopener\">Ingenier\u00eda en Sistemas Computacionales<\/a><\/p>\n<p style=\"text-align:right;\"><a href=\"http:\/\/www.uninter.edu.mx\" target=\"_blank\" rel=\"noopener\"><img loading=\"lazy\" class=\" size-full wp-image-16006 aligncenter\" src=\"https:\/\/dicaduninter.files.wordpress.com\/2018\/01\/4.png\" alt=\"Uninter\" width=\"3242\" height=\"489\" \/><\/a><\/p>\n<p>&nbsp;<\/p>\n","protected":false},"excerpt":{"rendered":"<p>&nbsp; &nbsp; &nbsp; El pasado 6 de octubre de 2010 Instagram, que permite realizar fotos y videos para su pronta exposici\u00f3n en la red, fue dada a conocer por primera vez, donde logr\u00f3 en su d\u00eda inaugural el registro de 25 mil personas sobre su plataforma.<\/p>\n","protected":false},"author":1,"featured_media":21140,"comment_status":"closed","ping_status":"open","sticky":false,"template":"","format":"standard","meta":[],"categories":[11,18,27],"tags":[35,59,60,442,726,892],"_links":{"self":[{"href":"https:\/\/blogs.uninter.edu.mx\/ESCAT2\/index.php?rest_route=\/wp\/v2\/posts\/21139"}],"collection":[{"href":"https:\/\/blogs.uninter.edu.mx\/ESCAT2\/index.php?rest_route=\/wp\/v2\/posts"}],"about":[{"href":"https:\/\/blogs.uninter.edu.mx\/ESCAT2\/index.php?rest_route=\/wp\/v2\/types\/post"}],"author":[{"embeddable":true,"href":"https:\/\/blogs.uninter.edu.mx\/ESCAT2\/index.php?rest_route=\/wp\/v2\/users\/1"}],"replies":[{"embeddable":true,"href":"https:\/\/blogs.uninter.edu.mx\/ESCAT2\/index.php?rest_route=%2Fwp%2Fv2%2Fcomments&post=21139"}],"version-history":[{"count":0,"href":"https:\/\/blogs.uninter.edu.mx\/ESCAT2\/index.php?rest_route=\/wp\/v2\/posts\/21139\/revisions"}],"wp:featuredmedia":[{"embeddable":true,"href":"https:\/\/blogs.uninter.edu.mx\/ESCAT2\/index.php?rest_route=\/wp\/v2\/media\/21140"}],"wp:attachment":[{"href":"https:\/\/blogs.uninter.edu.mx\/ESCAT2\/index.php?rest_route=%2Fwp%2Fv2%2Fmedia&parent=21139"}],"wp:term":[{"taxonomy":"category","embeddable":true,"href":"https:\/\/blogs.uninter.edu.mx\/ESCAT2\/index.php?rest_route=%2Fwp%2Fv2%2Fcategories&post=21139"},{"taxonomy":"post_tag","embeddable":true,"href":"https:\/\/blogs.uninter.edu.mx\/ESCAT2\/index.php?rest_route=%2Fwp%2Fv2%2Ftags&post=21139"}],"curies":[{"name":"wp","href":"https:\/\/api.w.org\/{rel}","templated":true}]}}