{"id":21974,"date":"2018-11-28T13:47:39","date_gmt":"2018-11-28T19:47:39","guid":{"rendered":"http:\/\/escatuninter.blog\/?p=21974"},"modified":"2018-11-28T13:47:39","modified_gmt":"2018-11-28T19:47:39","slug":"capacitacion-para-la-prevencion-de-incendios-alumnosescat-imiuninter-iciuninter","status":"publish","type":"post","link":"https:\/\/blogs.uninter.edu.mx\/ESCAT2\/?p=21974","title":{"rendered":"Capacitaci\u00f3n para la prevenci\u00f3n de incendios #AlumnosESCAT #IMIUninter #ICIUninter"},"content":{"rendered":"<p><a href=\"https:\/\/www.facebook.com\/EscatUninter\/\" target=\"_blank\" rel=\"noopener\"><img loading=\"lazy\" class=\" size-full wp-image-20339 alignright\" src=\"https:\/\/dicaduninter.files.wordpress.com\/2018\/08\/logo-escat-e1535483210982.png\" alt=\"logo-escat\" width=\"230\" height=\"91\" \/><\/a><br \/>\n&nbsp;<br \/>\n&nbsp;<br \/>\n&nbsp;<\/p>\n<p style=\"text-align:justify;\">El pasado martes 16 de octubre del a\u00f1o en curso el bombero Sabas Cort\u00e9s Bland\u00f3n imparti\u00f3 una capacitaci\u00f3n para la Prevenci\u00f3n de Incendios&#8230;<!--more--> para alumnos de la carrera de Ingenier\u00eda Civil, en el edificio 12 con una demostraci\u00f3n de extintores en el edificio 17.<\/p>\n<div id=\"attachment_21976\" style=\"width: 1290px\" class=\"wp-caption alignnone\"><img aria-describedby=\"caption-attachment-21976\" loading=\"lazy\" class=\"alignnone size-full wp-image-21976\" src=\"https:\/\/dicaduninter.files.wordpress.com\/2018\/11\/23.jpg\" alt=\"23\" width=\"1280\" height=\"960\" \/><p id=\"caption-attachment-21976\" class=\"wp-caption-text\">Capacitaci\u00f3n Prevenci\u00f3n de Incendios<\/p><\/div>\n<p style=\"text-align:justify;\">En la capacitaci\u00f3n se abarcaron temas como:<\/p>\n<ul>\n<li style=\"text-align:justify;\">\u00bfQu\u00e9 es un incendio?<\/li>\n<li style=\"text-align:justify;\">Tipos de Incendios.<\/li>\n<li style=\"text-align:justify;\">Tipos de extintores.<\/li>\n<li style=\"text-align:justify;\">Uso de extintores.<\/li>\n<li style=\"text-align:justify;\">\u00bfQu\u00e9 hacer en caso de incendio?<\/li>\n<li style=\"text-align:justify;\">Tipos de alarmas.<\/li>\n<\/ul>\n<p>&nbsp;<br \/>\n&nbsp;<br \/>\n<\/p>\n<p style=\"text-align:right;padding-left:30px;\"><a href=\"https:\/\/www.uninter.edu.mx\/\" target=\"_blank\" rel=\"noopener\">Universidad Internacional<\/a><\/p>\n<p style=\"text-align:right;padding-left:30px;\"><a href=\"https:\/\/universidad.uninter.edu.mx\/carreras\/IMI\" target=\"_blank\" rel=\"noopener\">Ingenier\u00eda Mec\u00e1nica Industrial<\/a><\/p>\n<p style=\"text-align:right;\"><a href=\"https:\/\/universidad.uninter.edu.mx\/carreras\/ICI\" target=\"_blank\" rel=\"noopener\">Ingenier\u00eda Civil <\/a><\/p>\n<p style=\"padding-left:30px;\"><a href=\"https:\/\/universidad.uninter.edu.mx\/\" target=\"_blank\" rel=\"noopener\"><img loading=\"lazy\" class=\"alignnone size-full wp-image-20572\" src=\"https:\/\/dicaduninter.files.wordpress.com\/2018\/09\/uninter.png\" alt=\"uninter\" width=\"680\" height=\"111\" \/><\/a><\/p>\n<p>&nbsp;<\/p>\n","protected":false},"excerpt":{"rendered":"<p>&nbsp; &nbsp; &nbsp; El pasado martes 16 de octubre del a\u00f1o en curso el bombero Sabas Cort\u00e9s Bland\u00f3n imparti\u00f3 una capacitaci\u00f3n para la Prevenci\u00f3n de Incendios&#8230;<\/p>\n","protected":false},"author":1,"featured_media":21975,"comment_status":"closed","ping_status":"open","sticky":false,"template":"","format":"standard","meta":[],"categories":[16,20,27],"tags":[35,59,60,253,287,848,1321,1322],"_links":{"self":[{"href":"https:\/\/blogs.uninter.edu.mx\/ESCAT2\/index.php?rest_route=\/wp\/v2\/posts\/21974"}],"collection":[{"href":"https:\/\/blogs.uninter.edu.mx\/ESCAT2\/index.php?rest_route=\/wp\/v2\/posts"}],"about":[{"href":"https:\/\/blogs.uninter.edu.mx\/ESCAT2\/index.php?rest_route=\/wp\/v2\/types\/post"}],"author":[{"embeddable":true,"href":"https:\/\/blogs.uninter.edu.mx\/ESCAT2\/index.php?rest_route=\/wp\/v2\/users\/1"}],"replies":[{"embeddable":true,"href":"https:\/\/blogs.uninter.edu.mx\/ESCAT2\/index.php?rest_route=%2Fwp%2Fv2%2Fcomments&post=21974"}],"version-history":[{"count":0,"href":"https:\/\/blogs.uninter.edu.mx\/ESCAT2\/index.php?rest_route=\/wp\/v2\/posts\/21974\/revisions"}],"wp:featuredmedia":[{"embeddable":true,"href":"https:\/\/blogs.uninter.edu.mx\/ESCAT2\/index.php?rest_route=\/wp\/v2\/media\/21975"}],"wp:attachment":[{"href":"https:\/\/blogs.uninter.edu.mx\/ESCAT2\/index.php?rest_route=%2Fwp%2Fv2%2Fmedia&parent=21974"}],"wp:term":[{"taxonomy":"category","embeddable":true,"href":"https:\/\/blogs.uninter.edu.mx\/ESCAT2\/index.php?rest_route=%2Fwp%2Fv2%2Fcategories&post=21974"},{"taxonomy":"post_tag","embeddable":true,"href":"https:\/\/blogs.uninter.edu.mx\/ESCAT2\/index.php?rest_route=%2Fwp%2Fv2%2Ftags&post=21974"}],"curies":[{"name":"wp","href":"https:\/\/api.w.org\/{rel}","templated":true}]}}