{"id":23249,"date":"2019-01-20T17:04:38","date_gmt":"2019-01-20T23:04:38","guid":{"rendered":"http:\/\/escatuninter.blog\/?p=23249"},"modified":"2019-01-20T17:04:38","modified_gmt":"2019-01-20T23:04:38","slug":"undiacomohoy-20-de-enero-se-recuerda-la-muerte-del-grabador-jose-guadalupe-posada-uninter-enterateenescat","status":"publish","type":"post","link":"https:\/\/blogs.uninter.edu.mx\/ESCAT2\/?p=23249","title":{"rendered":"#UnD\u00edaComoHoy 20 de enero se recuerda la muerte del grabador Jos\u00e9 Guadalupe Posada #UNINTER #Ent\u00e9rateEnESCAT"},"content":{"rendered":"<p><a href=\"https:\/\/www.facebook.com\/EscatUninter\/\" target=\"_blank\" rel=\"noopener noreferrer\"><img loading=\"lazy\" class=\" size-full wp-image-18086 alignright\" src=\"https:\/\/dicaduninter.files.wordpress.com\/2018\/06\/logo-escat.png\" alt=\"logo-escat\" width=\"230\" height=\"91\" \/><\/a><br \/>\n&nbsp;<br \/>\n&nbsp;<br \/>\n&nbsp;<\/p>\n<p style=\"text-align:justify;\">Jos\u00e9 Guadalupe Posada representa una de las m\u00e1ximas expresiones del realismo en la vida cotidiana de M\u00e9xico durante el porfiriato al crear a la famosa &#8220;catrina&#8221;.<!--more--><\/p>\n<p style=\"text-align:justify;\">La Catrina, un grabado en metal publicado en 1873, es una ilustraci\u00f3n original del grabador y caricaturista mexicano\u00a0Jos\u00e9 Guadalupe Posada\u00a0(1852-1913), en la cual es representada la imagen de una calavera ataviada con un sombrero de plumas a la moda europea de entonces. Posteriormente fue rebautizada como \u201cCatrina\u201d por el famoso muralista\u00a0Diego Rivera.<\/p>\n<p style=\"text-align:justify;\">El nombre original del grabado fue\u00a0<em>Calavera garbancera<\/em>. Se llamaba as\u00ed porque de este modo designaban a las personas que vend\u00edan garbanza, y que, pese a tener sangre ind\u00edgena, pretend\u00edan ser europeos, renegando de su raza y de su herencia cultural. Sobre este tipo de personas afirmaba Posada: \u201cEn los huesos, pero con sombrero franc\u00e9s con plumas de avestruz\u201d.<\/p>\n<p><img loading=\"lazy\" class=\" size-full wp-image-23252 aligncenter\" src=\"https:\/\/dicaduninter.files.wordpress.com\/2019\/01\/la-catrina-edited-cke.jpg\" alt=\"20 de enero se recuerda la muerte del grabador Jos\u00e9 Guadalupe Posada\" width=\"630\" height=\"389\" \/><\/p>\n<p style=\"text-align:justify;\">De all\u00ed que la ilustraci\u00f3n tuviera, en su momento, la intenci\u00f3n de constituir una cr\u00edtica, a la vez que una s\u00e1tira, de algunos personajes de la sociedad mexicana del momento, especialmente los enriquecidos durante la \u00e9poca de Porfirio D\u00edaz, que gustaban de aparentar un estilo de vida que no les correspond\u00eda.<\/p>\n<p style=\"text-align:justify;\">Su autor, Jos\u00e9 Guadalupe Posada, fue un cronista sat\u00edrico de finales del siglo XIX y comienzos del XX, que, por aquella \u00e9poca, durante los gobiernos de Benito Ju\u00e1rez, Sebasti\u00e1n Lerdo de Tejada y Porfirio D\u00edaz, cultivaba un g\u00e9nero que se hab\u00eda popularizado conocido como \u201ccalavera literaria\u201d.<\/p>\n<p style=\"text-align:justify;\">Las calaveras eran textos escritos en verso con tono burl\u00f3n, sol\u00edan publicarse en v\u00edsperas del D\u00eda de Muertos para hacer mofa tanto de los vivos como de los finados.<\/p>\n<p style=\"text-align:justify;\">Eran publicadas en peri\u00f3dicos de combate, es decir, de l\u00ednea cr\u00edtica hacia el gobierno, y sol\u00edan ser acompa\u00f1adas de ilustraciones de cr\u00e1neos o esqueletos en situaciones cotidianas: bebiendo, montando a caballo, caminando por la calle, bailando en una fiesta, etc.<\/p>\n<div class=\"video\">\n<div id=\"ooyalaplayer\" class=\"oo-player-container\">\n<div id=\"ooyala-inner-wrapper-50470d\" class=\"innerWrapper oo-player\">\n<div class=\"resize\">\n<div class=\"video\">\n<div id=\"ooyalaplayer\" class=\"oo-player-container\">\n<div id=\"ooyala-inner-wrapper-50470d\" class=\"innerWrapper oo-player\">\n<div class=\"resize\">\n\n<\/div>\n<\/div>\n<\/div>\n<\/div>\n<\/div>\n<div id=\"r2g2l\"><\/div>\n<\/div>\n<\/div>\n<\/div>\n<div class=\"video\">\n<div id=\"ooyalaplayer\"><\/div>\n<\/div>\n<p style=\"text-align:justify;\">El objetivo de las calaveras, en definitiva, era retratar la miseria y la hipocres\u00eda de la sociedad, poniendo en evidencia los conflictos de desigualdad e injusticia que exist\u00edan en el pa\u00eds. Por eso es significativo que la ilustraci\u00f3n de\u00a0<em>la Catrina\u00a0<\/em>, que representa en una imagen las contradicciones y problem\u00e1ticas esenciales de la sociedad mexicana, apareciera acompa\u00f1ada de una calavera.<\/p>\n<p>Hoy en d\u00eda, la Catrina forma parte de la cultura popular de M\u00e9xico y se ha convertido en el s\u00edmbolo por excelencia de la celebraci\u00f3n del D\u00eda de Muertos.<\/p>\n<p style=\"text-align:right;\"><a href=\"https:\/\/www.uninter.edu.mx\/\" target=\"_blank\" rel=\"noopener noreferrer\">Universidad Internacional<\/a><a href=\"https:\/\/www.uninter.edu.mx\/\" target=\"_blank\" rel=\"noopener noreferrer\"><br \/>\n<img loading=\"lazy\" class=\" size-full wp-image-18085 aligncenter\" src=\"https:\/\/dicaduninter.files.wordpress.com\/2018\/06\/universidad-internacional.png\" alt=\"Universidad Internacional\" width=\"700\" height=\"106\" \/><\/a><\/p>\n<p>&nbsp;<br \/>\n&nbsp;<\/p>\n","protected":false},"excerpt":{"rendered":"<p>&nbsp; &nbsp; &nbsp; Jos\u00e9 Guadalupe Posada representa una de las m\u00e1ximas expresiones del realismo en la vida cotidiana de M\u00e9xico durante el porfiriato al crear a la famosa &#8220;catrina&#8221;.<\/p>\n","protected":false},"author":1,"featured_media":23252,"comment_status":"closed","ping_status":"open","sticky":false,"template":"","format":"standard","meta":[],"categories":[27],"tags":[35,59,60,413,440,1600],"_links":{"self":[{"href":"https:\/\/blogs.uninter.edu.mx\/ESCAT2\/index.php?rest_route=\/wp\/v2\/posts\/23249"}],"collection":[{"href":"https:\/\/blogs.uninter.edu.mx\/ESCAT2\/index.php?rest_route=\/wp\/v2\/posts"}],"about":[{"href":"https:\/\/blogs.uninter.edu.mx\/ESCAT2\/index.php?rest_route=\/wp\/v2\/types\/post"}],"author":[{"embeddable":true,"href":"https:\/\/blogs.uninter.edu.mx\/ESCAT2\/index.php?rest_route=\/wp\/v2\/users\/1"}],"replies":[{"embeddable":true,"href":"https:\/\/blogs.uninter.edu.mx\/ESCAT2\/index.php?rest_route=%2Fwp%2Fv2%2Fcomments&post=23249"}],"version-history":[{"count":0,"href":"https:\/\/blogs.uninter.edu.mx\/ESCAT2\/index.php?rest_route=\/wp\/v2\/posts\/23249\/revisions"}],"wp:featuredmedia":[{"embeddable":true,"href":"https:\/\/blogs.uninter.edu.mx\/ESCAT2\/index.php?rest_route=\/wp\/v2\/media\/23252"}],"wp:attachment":[{"href":"https:\/\/blogs.uninter.edu.mx\/ESCAT2\/index.php?rest_route=%2Fwp%2Fv2%2Fmedia&parent=23249"}],"wp:term":[{"taxonomy":"category","embeddable":true,"href":"https:\/\/blogs.uninter.edu.mx\/ESCAT2\/index.php?rest_route=%2Fwp%2Fv2%2Fcategories&post=23249"},{"taxonomy":"post_tag","embeddable":true,"href":"https:\/\/blogs.uninter.edu.mx\/ESCAT2\/index.php?rest_route=%2Fwp%2Fv2%2Ftags&post=23249"}],"curies":[{"name":"wp","href":"https:\/\/api.w.org\/{rel}","templated":true}]}}