{"id":23322,"date":"2019-01-25T07:44:29","date_gmt":"2019-01-25T13:44:29","guid":{"rendered":"http:\/\/escatuninter.blog\/?p=23322"},"modified":"2019-01-25T07:44:29","modified_gmt":"2019-01-25T13:44:29","slug":"undiacomohoy-25-de-enero-se-fundo-el-instituto-nacional-de-estadistica-geografia-e-informacion-uninter-enterateenescat","status":"publish","type":"post","link":"https:\/\/blogs.uninter.edu.mx\/ESCAT2\/?p=23322","title":{"rendered":"#UnD\u00edaComoHoy 25 de enero, se fund\u00f3 el Instituto Nacional de Estad\u00edstica, Geograf\u00eda e Informaci\u00f3n #UNINTER #Ent\u00e9rateEnESCAT"},"content":{"rendered":"<p><a href=\"https:\/\/www.facebook.com\/EscatUninter\/\" target=\"_blank\" rel=\"noopener noreferrer\"><img loading=\"lazy\" class=\" size-full wp-image-18086 alignright\" src=\"https:\/\/dicaduninter.files.wordpress.com\/2018\/06\/logo-escat.png\" alt=\"logo-escat\" width=\"230\" height=\"91\" \/><\/a><\/p>\n<p>&nbsp;<\/p>\n<p>&nbsp;<\/p>\n<p>&nbsp;<\/p>\n<p style=\"text-align:justify;\">Es responsable de normar y coordinar el Sistema Nacional de Informaci\u00f3n Estad\u00edstica y Geogr\u00e1fica, as\u00ed como de captar y difundir informaci\u00f3n de M\u00e9xico en cuanto al territorio, <!--more-->los recursos, la poblaci\u00f3n y econom\u00eda, que permita dar a conocer las caracter\u00edsticas de nuestro pa\u00eds y ayudar a la toma de decisiones.<\/p>\n<div id=\"attachment_23328\" style=\"width: 636px\" class=\"wp-caption alignnone\"><img aria-describedby=\"caption-attachment-23328\" loading=\"lazy\" class=\"alignnone size-full wp-image-23328\" src=\"https:\/\/dicaduninter.files.wordpress.com\/2019\/01\/inegi-1746045.jpg\" alt=\"25 de enero, se fund\u00f3 el Instituto Nacional de Estad\u00edstica, Geograf\u00eda e informaci\u00f3n\" width=\"630\" height=\"330\" \/><p id=\"caption-attachment-23328\" class=\"wp-caption-text\">Instituto Nacional de Estad\u00edstica, Geograf\u00eda e Informaci\u00f3n<\/p><\/div>\n<p style=\"text-align:justify;\">El 25 de enero de 1983 se cre\u00f3, por decreto presidencial del presidente Miguel de la Madrid, el Instituto Nacional de Estad\u00edstica, Geograf\u00eda e Inform\u00e1tica (INEGI), que integr\u00f3 en su estructura a:<\/p>\n<ul style=\"text-align:justify;\">\n<li>La Direcci\u00f3n General de Estad\u00edstica, en funciones desde 1882, cuando pertenec\u00eda a la Secretar\u00eda de Fomento, Colonizaci\u00f3n, Industria y Comercio.<\/li>\n<li>La Direcci\u00f3n General de Geograf\u00eda, establecida en 1968 y que estaba adscrita a la Secretar\u00eda de la Presidencia.<\/li>\n<li>La Direcci\u00f3n General de Pol\u00edtica Inform\u00e1tica.<\/li>\n<li>La Direcci\u00f3n General de Integraci\u00f3n y An\u00e1lisis de la Informaci\u00f3n.<\/li>\n<\/ul>\n<p style=\"text-align:justify;\">Con su creaci\u00f3n, el INEGI moderniz\u00f3 la valiosa tradici\u00f3n que ten\u00eda nuestro pa\u00eds en materia de captaci\u00f3n, procesamiento y difusi\u00f3n de informaci\u00f3n acerca del territorio, la poblaci\u00f3n y la econom\u00eda. Conjunt\u00f3 en una sola instituci\u00f3n la responsabilidad de generar la informaci\u00f3n estad\u00edstica y geogr\u00e1fica.<\/p>\n<p>&nbsp;<\/p>\n\n<p style=\"text-align:justify;\">Desde 1985, el Instituto se desconcentr\u00f3 para ubicar su sede en la ciudad de Aguascalientes, Aguascalientes.<\/p>\n<h5>Fuente: <a href=\"https:\/\/www.inegi.org.mx\/default.html\">INEGI<\/a><\/h5>\n<p style=\"text-align:right;\"><a href=\"https:\/\/www.uninter.edu.mx\/\">Universidad Internacional<\/a><a href=\"https:\/\/www.uninter.edu.mx\/\" target=\"_blank\" rel=\"noopener noreferrer\"><br \/>\n<img loading=\"lazy\" class=\" size-full wp-image-18085 aligncenter\" src=\"https:\/\/dicaduninter.files.wordpress.com\/2018\/06\/universidad-internacional.png\" alt=\"Universidad Internacional\" width=\"700\" height=\"106\" \/><\/a><\/p>\n<p>&nbsp;<\/p>\n","protected":false},"excerpt":{"rendered":"<p>&nbsp; &nbsp; &nbsp; Es responsable de normar y coordinar el Sistema Nacional de Informaci\u00f3n Estad\u00edstica y Geogr\u00e1fica, as\u00ed como de captar y difundir informaci\u00f3n de M\u00e9xico en cuanto al territorio,<\/p>\n","protected":false},"author":1,"featured_media":23607,"comment_status":"closed","ping_status":"open","sticky":false,"template":"","format":"standard","meta":[],"categories":[27],"tags":[35,60,585,856],"_links":{"self":[{"href":"https:\/\/blogs.uninter.edu.mx\/ESCAT2\/index.php?rest_route=\/wp\/v2\/posts\/23322"}],"collection":[{"href":"https:\/\/blogs.uninter.edu.mx\/ESCAT2\/index.php?rest_route=\/wp\/v2\/posts"}],"about":[{"href":"https:\/\/blogs.uninter.edu.mx\/ESCAT2\/index.php?rest_route=\/wp\/v2\/types\/post"}],"author":[{"embeddable":true,"href":"https:\/\/blogs.uninter.edu.mx\/ESCAT2\/index.php?rest_route=\/wp\/v2\/users\/1"}],"replies":[{"embeddable":true,"href":"https:\/\/blogs.uninter.edu.mx\/ESCAT2\/index.php?rest_route=%2Fwp%2Fv2%2Fcomments&post=23322"}],"version-history":[{"count":0,"href":"https:\/\/blogs.uninter.edu.mx\/ESCAT2\/index.php?rest_route=\/wp\/v2\/posts\/23322\/revisions"}],"wp:featuredmedia":[{"embeddable":true,"href":"https:\/\/blogs.uninter.edu.mx\/ESCAT2\/index.php?rest_route=\/wp\/v2\/media\/23607"}],"wp:attachment":[{"href":"https:\/\/blogs.uninter.edu.mx\/ESCAT2\/index.php?rest_route=%2Fwp%2Fv2%2Fmedia&parent=23322"}],"wp:term":[{"taxonomy":"category","embeddable":true,"href":"https:\/\/blogs.uninter.edu.mx\/ESCAT2\/index.php?rest_route=%2Fwp%2Fv2%2Fcategories&post=23322"},{"taxonomy":"post_tag","embeddable":true,"href":"https:\/\/blogs.uninter.edu.mx\/ESCAT2\/index.php?rest_route=%2Fwp%2Fv2%2Ftags&post=23322"}],"curies":[{"name":"wp","href":"https:\/\/api.w.org\/{rel}","templated":true}]}}