{"id":23912,"date":"2019-01-31T08:27:14","date_gmt":"2019-01-31T14:27:14","guid":{"rendered":"http:\/\/escatuninter.blog\/?p=23912"},"modified":"2019-01-31T08:27:14","modified_gmt":"2019-01-31T14:27:14","slug":"en-busca-de-una-raza-de-ovinos-libre-de-parasitos-noticiaescat-iamuninter","status":"publish","type":"post","link":"https:\/\/blogs.uninter.edu.mx\/ESCAT2\/?p=23912","title":{"rendered":"En busca de una raza de ovinos libre de par\u00e1sitos #NoticiaESCAT #IAMUninter"},"content":{"rendered":"<h2><a href=\"https:\/\/www.facebook.com\/EscatUninter\/\" target=\"_blank\" rel=\"noopener noreferrer\"><img loading=\"lazy\" class=\"  wp-image-24352 alignright\" src=\"https:\/\/dicaduninter.files.wordpress.com\/2019\/02\/escat-1.png\" alt=\"ESCAT 1\" width=\"240\" height=\"95\" \/><\/a><\/h2>\n<p>&nbsp;<\/p>\n<p>&nbsp;<\/p>\n<p>&nbsp;<\/p>\n<p style=\"text-align:justify;\">Trabajar en la erradicaci\u00f3n de parasitosis en animales ovinos y contribuir a que los pa\u00edses mejoren su seguridad alimentaria y disminuyan la desnutrici\u00f3n, es parte del proyecto internacional convocado por la Organizaci\u00f3n de las Naciones Unidas para la Agricultura y la Alimentaci\u00f3n (FAO, por sus siglas en ingl\u00e9s) y la Organizaci\u00f3n Internacional de Energ\u00eda At\u00f3mica (OIEA).<!--more--><\/p>\n<p style=\"text-align:justify;\">Este proyecto regional de Am\u00e9rica Latina y el Caribe est\u00e1 representado por el doctor Ricardo E. Caicedo Rivas, acad\u00e9mico e investigador, quien representa a M\u00e9xico en el desarrollo de este proyecto regional.<\/p>\n<p style=\"text-align:justify;\"><img loading=\"lazy\" class=\" size-full wp-image-23913 aligncenter\" src=\"https:\/\/dicaduninter.files.wordpress.com\/2019\/01\/800x300-oveja1901-ds.jpg\" alt=\"En busca de una raza de ovinos libre de par\u00e1sitos #NoticiaESCAT #IAMUninter\" width=\"800\" height=\"300\" \/><\/p>\n<p style=\"text-align:justify;\">Este proyecto, con c\u00f3digo ARCAL\/RLA\/5\/071, titulado &#8220;Disminuci\u00f3n de la tasa de par\u00e1sitos en ovejas&#8221;, cuenta con la participaci\u00f3n de 11 pa\u00edses de Latinoam\u00e9rica y del Caribe, incluido M\u00e9xico, desde el a\u00f1o 2016 y con apoyo a nivel regional de 9.3 millones de pesos. Tiene una duraci\u00f3n de cuatro a\u00f1os, aunque no se descarta su ampliaci\u00f3n para obtener mejores resultados.<\/p>\n<p style=\"text-align:justify;\">Los trabajos de investigaci\u00f3n que integran el proyecto emplean biolog\u00eda molecular para obtener una base de datos sobre las caracter\u00edsticas fenot\u00edpicas y genot\u00edpicas de las especies de ovinos que se estudian, incluyendo el cruzamiento de animales inoculados con par\u00e1sitos resistentes y susceptibles, contra diferentes especies de par\u00e1sitos gastrointestinales (GI).<\/p>\n<p style=\"text-align:justify;\"><img loading=\"lazy\" class=\" size-full wp-image-23914 aligncenter\" src=\"https:\/\/dicaduninter.files.wordpress.com\/2019\/01\/ovinos_0.jpg\" alt=\"ovinos_0\" width=\"900\" height=\"605\" \/><\/p>\n<p style=\"text-align:justify;\">La intenci\u00f3n final es crear una raza de ovinos resistente a par\u00e1sitos que permita minimizar la utilizaci\u00f3n de sustancias desparasitantes que contaminan los subproductos derivados de su carne, as\u00ed como el medio ambiente.<\/p>\n<h5>Fuente: <a href=\"http:\/\/www.conacytprensa.mx\/\" target=\"_blank\" rel=\"noopener noreferrer\">CONACYT<\/a><\/h5>\n<p>&nbsp;<\/p>\n<p style=\"text-align:right;\"><a href=\"https:\/\/www.uninter.edu.mx\/\" target=\"_blank\" rel=\"noopener noreferrer\">Universidad Internacional<\/a><\/p>\n<p style=\"text-align:right;\"><a href=\"https:\/\/universidad.uninter.edu.mx\/carreras\/IAM\" target=\"_blank\" rel=\"noopener noreferrer\">Ingenier\u00eda Ambiental<\/a><\/p>\n<p><a href=\"https:\/\/www.uninter.edu.mx\/\" target=\"_blank\" rel=\"noopener noreferrer\"><img loading=\"lazy\" class=\"size-full wp-image-18085 aligncenter\" src=\"https:\/\/dicaduninter.files.wordpress.com\/2018\/06\/universidad-internacional.png\" alt=\"Universidad Internacional\" width=\"700\" height=\"106\" \/><\/a><\/p>\n<p>&nbsp;<\/p>\n","protected":false},"excerpt":{"rendered":"<p>&nbsp; &nbsp; &nbsp; Trabajar en la erradicaci\u00f3n de parasitosis en animales ovinos y contribuir a que los pa\u00edses mejoren su seguridad alimentaria y disminuyan la desnutrici\u00f3n, es parte del proyecto internacional convocado por la Organizaci\u00f3n de las Naciones Unidas para la Agricultura y la Alimentaci\u00f3n (FAO, por sus siglas en ingl\u00e9s) y la Organizaci\u00f3n Internacional&hellip;<\/p>\n","protected":false},"author":1,"featured_media":23914,"comment_status":"closed","ping_status":"open","sticky":false,"template":"","format":"standard","meta":[],"categories":[15],"tags":[35,59,60,141,1340],"_links":{"self":[{"href":"https:\/\/blogs.uninter.edu.mx\/ESCAT2\/index.php?rest_route=\/wp\/v2\/posts\/23912"}],"collection":[{"href":"https:\/\/blogs.uninter.edu.mx\/ESCAT2\/index.php?rest_route=\/wp\/v2\/posts"}],"about":[{"href":"https:\/\/blogs.uninter.edu.mx\/ESCAT2\/index.php?rest_route=\/wp\/v2\/types\/post"}],"author":[{"embeddable":true,"href":"https:\/\/blogs.uninter.edu.mx\/ESCAT2\/index.php?rest_route=\/wp\/v2\/users\/1"}],"replies":[{"embeddable":true,"href":"https:\/\/blogs.uninter.edu.mx\/ESCAT2\/index.php?rest_route=%2Fwp%2Fv2%2Fcomments&post=23912"}],"version-history":[{"count":0,"href":"https:\/\/blogs.uninter.edu.mx\/ESCAT2\/index.php?rest_route=\/wp\/v2\/posts\/23912\/revisions"}],"wp:featuredmedia":[{"embeddable":true,"href":"https:\/\/blogs.uninter.edu.mx\/ESCAT2\/index.php?rest_route=\/wp\/v2\/media\/23914"}],"wp:attachment":[{"href":"https:\/\/blogs.uninter.edu.mx\/ESCAT2\/index.php?rest_route=%2Fwp%2Fv2%2Fmedia&parent=23912"}],"wp:term":[{"taxonomy":"category","embeddable":true,"href":"https:\/\/blogs.uninter.edu.mx\/ESCAT2\/index.php?rest_route=%2Fwp%2Fv2%2Fcategories&post=23912"},{"taxonomy":"post_tag","embeddable":true,"href":"https:\/\/blogs.uninter.edu.mx\/ESCAT2\/index.php?rest_route=%2Fwp%2Fv2%2Ftags&post=23912"}],"curies":[{"name":"wp","href":"https:\/\/api.w.org\/{rel}","templated":true}]}}