{"id":23952,"date":"2019-01-30T10:24:47","date_gmt":"2019-01-30T16:24:47","guid":{"rendered":"http:\/\/escatuninter.blog\/?p=23952"},"modified":"2019-01-30T10:24:47","modified_gmt":"2019-01-30T16:24:47","slug":"la-tendencia-del-diseno-de-interiores-para-este-2019-noticiasescat-ddiuninter","status":"publish","type":"post","link":"https:\/\/blogs.uninter.edu.mx\/ESCAT2\/?p=23952","title":{"rendered":"La tendencia del Dise\u00f1o de Interiores para este 2019 #NoticiasESCAT #DDIUninter"},"content":{"rendered":"<p style=\"text-align:justify;\"><a href=\"https:\/\/www.facebook.com\/EscatUninter\/\" target=\"_blank\" rel=\"noopener noreferrer\"><img loading=\"lazy\" class=\"  wp-image-24352 alignright\" src=\"https:\/\/dicaduninter.files.wordpress.com\/2019\/02\/escat-1.png\" alt=\"ESCAT 1\" width=\"233\" height=\"92\" \/><\/a><\/p>\n<p>&nbsp;<\/p>\n<p>&nbsp;<\/p>\n<p>&nbsp;<\/p>\n<p style=\"text-align:justify;\">Empezamos nuevo a\u00f1o y con \u00e9l llegan nuevas tendencias de decoraci\u00f3n de la mano de gur\u00fas y profesionales del sector. <!--more-->Si bien estas no son indicaciones para modificar por completo la decoraci\u00f3n de la casa s\u00ed que pueden ser \u00fatiles para inspirar peque\u00f1os cambios en el dise\u00f1o de interiores de tu hogar.<\/p>\n<ul>\n<li style=\"text-align:justify;\">Muebles curvos<\/li>\n<\/ul>\n<p style=\"text-align:justify;\">Las l\u00edneas duras van a dejar paso a curvas suaves. Los dise\u00f1os de sof\u00e1s, armarios y resto de mobiliario empezar\u00e1n a deshacerse de los bordes rectos para volverse cada vez m\u00e1s redondeados. Podemos probar de incorporar esta tendencia f\u00e1cilmente en el comedor mediante sillas redondas o puffs que podr\u00e1n retirarse si no acaban de funcionar.<\/p>\n<div id=\"attachment_23953\" style=\"width: 1150px\" class=\"wp-caption alignnone\"><img aria-describedby=\"caption-attachment-23953\" loading=\"lazy\" class=\"alignnone size-full wp-image-23953\" src=\"https:\/\/dicaduninter.files.wordpress.com\/2019\/01\/muebles-curvos-.jpg\" alt=\"Muebles curvos\" width=\"1140\" height=\"667\" \/><p id=\"caption-attachment-23953\" class=\"wp-caption-text\">Muebles curvos<\/p><\/div>\n<ul>\n<li style=\"text-align:justify;\">Patrones impresos<\/li>\n<\/ul>\n<p style=\"text-align:justify;\">Este a\u00f1o vamos a ver patrones y estampados impresos en alfombras vin\u00edlicas, ropa de cama, alfombras tradicionales, almohada, cortinas y otros elementos textiles personalizados. Las impresiones estar\u00e1n de moda en cualquier color y podr\u00e1n adaptarse f\u00e1cilmente a cualquier espacio.<\/p>\n<div id=\"attachment_23954\" style=\"width: 1010px\" class=\"wp-caption alignnone\"><img aria-describedby=\"caption-attachment-23954\" loading=\"lazy\" class=\"alignnone size-full wp-image-23954\" src=\"https:\/\/dicaduninter.files.wordpress.com\/2019\/01\/patrones-impresos.jpg\" alt=\"Patrones impresos\" width=\"1000\" height=\"600\" \/><p id=\"caption-attachment-23954\" class=\"wp-caption-text\">Patrones impresos<\/p><\/div>\n<ul>\n<li style=\"text-align:justify;\">Colores neutros vs dram\u00e1ticos<\/li>\n<\/ul>\n<p style=\"text-align:justify;\">Las paletas de colores neutros con fuertes elementos de contraste estar\u00e1n muy presentes en este 2019. Estas cada vez aportar\u00e1n colores cada vez m\u00e1s dram\u00e1ticos, alej\u00e1ndose de las paletas totalmente neutrales basadas en grises y blancos que se ven a menudo ahora.<\/p>\n<div id=\"attachment_23955\" style=\"width: 1010px\" class=\"wp-caption alignnone\"><img aria-describedby=\"caption-attachment-23955\" loading=\"lazy\" class=\"alignnone size-full wp-image-23955\" src=\"https:\/\/dicaduninter.files.wordpress.com\/2019\/01\/colores-neutros-vs-dram\u00e1ticos.jpg\" alt=\"Colores neutros vs dram\u00e1ticos\" width=\"1000\" height=\"600\" \/><p id=\"caption-attachment-23955\" class=\"wp-caption-text\">Colores neutros vs dram\u00e1ticos<\/p><\/div>\n<ul>\n<li style=\"text-align:justify;\">Acabados naturales<\/li>\n<\/ul>\n<p style=\"text-align:justify;\">La jardiner\u00eda en macetas y la decoraci\u00f3n mediante plantas de interior han sido dos grandes tendencias hasta ahora y se prev\u00e9 que sigan creciendo este a\u00f1o. A estas hay que sumarle la incorporaci\u00f3n de texturas naturales como alfombras de yute, cestas de mimbre para almacenamiento, sillas de rat\u00e1n o tapices tejidos.<\/p>\n<div id=\"attachment_23956\" style=\"width: 1010px\" class=\"wp-caption alignnone\"><img aria-describedby=\"caption-attachment-23956\" loading=\"lazy\" class=\"alignnone size-full wp-image-23956\" src=\"https:\/\/dicaduninter.files.wordpress.com\/2019\/01\/acabados-naturales.jpg\" alt=\"Acabados naturales\" width=\"1000\" height=\"600\" \/><p id=\"caption-attachment-23956\" class=\"wp-caption-text\">Acabados naturales<\/p><\/div>\n<ul>\n<li style=\"text-align:justify;\">Techos con estilo<\/li>\n<\/ul>\n<p style=\"text-align:justify;\">A menudo o\u00edmos hablar de paredes de acento pero nunca de techos de acento. Este a\u00f1o va a ser tendencia darle relevancia a los techos de nuestro hogar mediante vinilo y papel pintado para crear un efecto sorpresa y vestir cualquier habitaci\u00f3n.Esta tendencia permitir\u00e1 despejar las paredes sin da\u00f1ar visualmente el espacio.<\/p>\n<p><img loading=\"lazy\" class=\"alignnone size-full wp-image-23957\" src=\"https:\/\/dicaduninter.files.wordpress.com\/2019\/01\/techos-con-estilo.jpg\" alt=\"Techos con estilo\" width=\"1000\" height=\"600\" \/><\/p>\n<h5 style=\"text-align:justify;\">Fuente:\u00a0<span style=\"color:#00ccff;\"><a style=\"color:#00ccff;\" href=\"https:\/\/www.printodecor.com\/5-tendencias-de-diseno-de-interiores-para-este-2019\/\" target=\"_blank\" rel=\"noopener noreferrer\">Printodecor<\/a><\/span><\/h5>\n<p style=\"text-align:right;\"><span style=\"color:#00ccff;\"><a style=\"color:#00ccff;\" href=\"http:\/\/www.universidad.uninter.edu.mx\/\" target=\"_blank\" rel=\"noopener noreferrer\">Universidad Internacional Uninter<\/a><\/span><\/p>\n<p style=\"text-align:right;\"><span style=\"color:#00ccff;\"><a style=\"color:#00ccff;\" href=\"https:\/\/www.uninter.edu.mx\/diplomados\/Dip-Dise%C3%B1o-de-Interiores\" target=\"_blank\" rel=\"noopener noreferrer\">Diplomado en Dise\u00f1o de Interiores<\/a><\/span><a href=\"http:\/\/www.uninter.edu.mx\" target=\"_blank\" rel=\"noopener noreferrer\"><img loading=\"lazy\" class=\" size-full wp-image-16006 aligncenter\" src=\"https:\/\/dicaduninter.files.wordpress.com\/2018\/01\/4.png\" alt=\"Uninter\" width=\"3242\" height=\"489\" \/><\/a><\/p>\n<p style=\"text-align:justify;\">\n","protected":false},"excerpt":{"rendered":"<p>&nbsp; &nbsp; &nbsp; Empezamos nuevo a\u00f1o y con \u00e9l llegan nuevas tendencias de decoraci\u00f3n de la mano de gur\u00fas y profesionales del sector.<\/p>\n","protected":false},"author":1,"featured_media":23958,"comment_status":"closed","ping_status":"open","sticky":false,"template":"","format":"standard","meta":[],"categories":[7,11,27],"tags":[35,60,67,1548],"_links":{"self":[{"href":"https:\/\/blogs.uninter.edu.mx\/ESCAT2\/index.php?rest_route=\/wp\/v2\/posts\/23952"}],"collection":[{"href":"https:\/\/blogs.uninter.edu.mx\/ESCAT2\/index.php?rest_route=\/wp\/v2\/posts"}],"about":[{"href":"https:\/\/blogs.uninter.edu.mx\/ESCAT2\/index.php?rest_route=\/wp\/v2\/types\/post"}],"author":[{"embeddable":true,"href":"https:\/\/blogs.uninter.edu.mx\/ESCAT2\/index.php?rest_route=\/wp\/v2\/users\/1"}],"replies":[{"embeddable":true,"href":"https:\/\/blogs.uninter.edu.mx\/ESCAT2\/index.php?rest_route=%2Fwp%2Fv2%2Fcomments&post=23952"}],"version-history":[{"count":0,"href":"https:\/\/blogs.uninter.edu.mx\/ESCAT2\/index.php?rest_route=\/wp\/v2\/posts\/23952\/revisions"}],"wp:featuredmedia":[{"embeddable":true,"href":"https:\/\/blogs.uninter.edu.mx\/ESCAT2\/index.php?rest_route=\/wp\/v2\/media\/23958"}],"wp:attachment":[{"href":"https:\/\/blogs.uninter.edu.mx\/ESCAT2\/index.php?rest_route=%2Fwp%2Fv2%2Fmedia&parent=23952"}],"wp:term":[{"taxonomy":"category","embeddable":true,"href":"https:\/\/blogs.uninter.edu.mx\/ESCAT2\/index.php?rest_route=%2Fwp%2Fv2%2Fcategories&post=23952"},{"taxonomy":"post_tag","embeddable":true,"href":"https:\/\/blogs.uninter.edu.mx\/ESCAT2\/index.php?rest_route=%2Fwp%2Fv2%2Ftags&post=23952"}],"curies":[{"name":"wp","href":"https:\/\/api.w.org\/{rel}","templated":true}]}}