{"id":3993,"date":"2017-03-20T21:05:22","date_gmt":"2017-03-21T03:05:22","guid":{"rendered":"https:\/\/dicaduninter.wordpress.com\/?p=3993"},"modified":"2017-03-20T21:05:22","modified_gmt":"2017-03-21T03:05:22","slug":"que-tanto-sabes-de-apple","status":"publish","type":"post","link":"https:\/\/blogs.uninter.edu.mx\/ESCAT2\/?p=3993","title":{"rendered":"\u00bfQu\u00e9 tanto sabes de Apple? #NoticiasESCAT #Uninter"},"content":{"rendered":"<p style=\"text-align:justify;\">La marca Apple comenz\u00f3 cuando dos genios,\u00a0Steve Jobs\u00a0y\u00a0Steve Wozniak\u00a0se conocieron a trav\u00e9s de un amigo en com\u00fan (Bill Fern\u00e1ndez), por ese entonces Jobs de 15 a\u00f1os de edad y Woz (Wozniak) de 21, poco se imaginaban de la trascendencia de su alianza, pues a la postre, conseguir\u00edan revolucionar la industria tecnol\u00f3gica con sus creaciones.<\/p>\n<p>&nbsp;<br \/>\n<\/p>\n<p style=\"text-align:justify;\">Wozniak asisti\u00f3 a una exposici\u00f3n en San Francisco de ordenadores, all\u00ed consigui\u00f3 un\u00a0microprocesador (a 20 USD) denominado 6205 de MOS Technology, con este microprocesador Woz se propuso crear su propio ordenador. Este trabajo dur\u00f3 aproximadamente un a\u00f1o y se realiz\u00f3 en el dormitorio de Jobs y en la cochera de Woz, y tras m\u00faltiples intentos fallidos, lograr\u00edan crear\u00a0el\u00a0Apple I, y aunque no estaba totalmente ensamblado, este rudimentario computador con teclado de baquelita y armaz\u00f3n de madera asombr\u00f3 a sus amigos en el Homebrew Computer Club, y pronto a decenas de tiendas de electr\u00f3nica digital.<\/p>\n<p style=\"text-align:justify;\"><img loading=\"lazy\" class=\"alignnone size-full wp-image-4041\" src=\"https:\/\/dicaduninter.files.wordpress.com\/2017\/03\/174.jpg\" alt=\"174\" width=\"1024\" height=\"768\" \/><\/p>\n<p style=\"text-align:justify;\">Jobs invit\u00f3 a unirse al plan a Ronald Wayne, un excompa\u00f1ero suyo en Atari, un tipo inteligente en el \u00e1mbito general, otorg\u00e1ndole el 10% de participaci\u00f3n de la nueva compa\u00f1\u00eda,\u00a0fundando as\u00ed la Apple Computer Company.<\/p>\n<p style=\"text-align:justify;\">Ronald Wayne, debido a sus nociones art\u00edsticas, fue el encargado del primer logotipo de Apple, una representaci\u00f3n de Newton bajo una manzana colgante, rodeada de una banda ondulada, con el nombre de Apple Computer Company, y sobre el borde se pod\u00eda leer el comentario filos\u00f3fico:\u00a0<em>\u201cNewton\u2026 A mind forever voyaging through strange seas of thought\u2026 alone.\u201d\u00a0\u00a0(Newton\u2026una mente siempre viajando a trav\u00e9s de los extra\u00f1os mares del conocimiento\u2026 solo)<\/em>,\u00a0frase extra\u00edda del soneto de Wordsworth, frase que \u00e9l cre\u00eda encajaba a la perfecci\u00f3n con el concepto.<\/p>\n<p>&nbsp;<br \/>\n<\/p>\n<p style=\"text-align:justify;\">Cinco kilogramos de peso,\u00a0teclado, dise\u00f1o m\u00e1s elegante, memoria de video para administrar la visualizaci\u00f3n en color, tarjetas de expansi\u00f3n de modo que los usuarios pudieran ampliar las capacidades del ordenador; estas eran las caracter\u00edsticas de la nueva\u00a0Apple II, presentada en Abril de 1977, se vendieron m\u00e1s de cinco millones de ejemplares, a empresas, familias y colegios en todo el mundo.<\/p>\n<p style=\"text-align:justify;\">En 1983 Apple present\u00f3 su primer computador personal con interfaz gr\u00e1fica y rat\u00f3n, este ordenador personal recibi\u00f3 el nombre de\u00a0<strong>Apple Lisa<\/strong>. A pesar de las caracter\u00edsticas, Lisa se vendi\u00f3 mal debido a su elevado precio.<\/p>\n<p><img loading=\"lazy\" class=\"alignnone size-full wp-image-4064\" src=\"https:\/\/dicaduninter.files.wordpress.com\/2017\/03\/screen-shot-2014-07-16-at-12-55-46-pm.png\" alt=\"screen-shot-2014-07-16-at-12-55-46-pm.png\" width=\"2040\" height=\"1528\" \/><\/p>\n<p style=\"text-align:justify;\">Los a\u00f1os siguientes aportar\u00edan una innovaci\u00f3n sin precedentes para la industria tecnol\u00f3gica.<\/p>\n<ul>\n<li>1999 \u2013 G3 Azul y Blanco<\/li>\n<li>1999 \u2013 Estaci\u00f3n base airport<\/li>\n<li>2000 \u2013 G4 Cube<\/li>\n<li>2001 \u2013 MAC OS X<\/li>\n<li>2001 \u2013 Ipod<\/li>\n<li>2003 \u2013 Itunes<\/li>\n<li>2003 \u2013 G5<\/li>\n<li>2005 \u2013 Mac mini<\/li>\n<li>2005 \u2013 Apple + Intel<\/li>\n<li>2007 \u2013 Apple TV<\/li>\n<li>2007 \u2013 Iphone<\/li>\n<li>2008 \u2013 Macbook air<\/li>\n<\/ul>\n<p>Fuente: www.historia-biografia.com<br \/>\n&nbsp;<\/p>\n","protected":false},"excerpt":{"rendered":"<p>La marca Apple comenz\u00f3 cuando dos genios,\u00a0Steve Jobs\u00a0y\u00a0Steve Wozniak\u00a0se conocieron a trav\u00e9s de un amigo en com\u00fan (Bill Fern\u00e1ndez), por ese entonces Jobs de 15 a\u00f1os de edad y Woz (Wozniak) de 21, poco se imaginaban de la trascendencia de su alianza, pues a la postre, conseguir\u00edan revolucionar la industria tecnol\u00f3gica con sus creaciones. &nbsp;&hellip;<\/p>\n","protected":false},"author":1,"featured_media":4024,"comment_status":"closed","ping_status":"open","sticky":false,"template":"","format":"standard","meta":[],"categories":[9,18,27],"tags":[59],"_links":{"self":[{"href":"https:\/\/blogs.uninter.edu.mx\/ESCAT2\/index.php?rest_route=\/wp\/v2\/posts\/3993"}],"collection":[{"href":"https:\/\/blogs.uninter.edu.mx\/ESCAT2\/index.php?rest_route=\/wp\/v2\/posts"}],"about":[{"href":"https:\/\/blogs.uninter.edu.mx\/ESCAT2\/index.php?rest_route=\/wp\/v2\/types\/post"}],"author":[{"embeddable":true,"href":"https:\/\/blogs.uninter.edu.mx\/ESCAT2\/index.php?rest_route=\/wp\/v2\/users\/1"}],"replies":[{"embeddable":true,"href":"https:\/\/blogs.uninter.edu.mx\/ESCAT2\/index.php?rest_route=%2Fwp%2Fv2%2Fcomments&post=3993"}],"version-history":[{"count":0,"href":"https:\/\/blogs.uninter.edu.mx\/ESCAT2\/index.php?rest_route=\/wp\/v2\/posts\/3993\/revisions"}],"wp:featuredmedia":[{"embeddable":true,"href":"https:\/\/blogs.uninter.edu.mx\/ESCAT2\/index.php?rest_route=\/wp\/v2\/media\/4024"}],"wp:attachment":[{"href":"https:\/\/blogs.uninter.edu.mx\/ESCAT2\/index.php?rest_route=%2Fwp%2Fv2%2Fmedia&parent=3993"}],"wp:term":[{"taxonomy":"category","embeddable":true,"href":"https:\/\/blogs.uninter.edu.mx\/ESCAT2\/index.php?rest_route=%2Fwp%2Fv2%2Fcategories&post=3993"},{"taxonomy":"post_tag","embeddable":true,"href":"https:\/\/blogs.uninter.edu.mx\/ESCAT2\/index.php?rest_route=%2Fwp%2Fv2%2Ftags&post=3993"}],"curies":[{"name":"wp","href":"https:\/\/api.w.org\/{rel}","templated":true}]}}