{"id":4161,"date":"2017-03-22T13:52:29","date_gmt":"2017-03-22T19:52:29","guid":{"rendered":"http:\/\/escatuninter.blog\/?p=4161"},"modified":"2017-03-22T13:52:29","modified_gmt":"2017-03-22T19:52:29","slug":"felicidades-alumnos-de-diseno-industrial-uninter","status":"publish","type":"post","link":"https:\/\/blogs.uninter.edu.mx\/ESCAT2\/?p=4161","title":{"rendered":"Felicidades alumnos de Dise\u00f1o Industrial  #Uninter #LDI #ESCAT"},"content":{"rendered":"<h2 style=\"text-align:justify;\">El pasado viernes 10 de marzo del a\u00f1o en curso se llev\u00f3 a cabo el examen profesional de los alumnos Carlos Alberto Reyes Orozco y Carlos Vladimir Ch\u00e1vez Trejo, para obtener el grado de Licenciados en <a href=\"http:\/\/www.universidad.uninter.edu.mx\/carreras\/LDI\" target=\"_blank\" rel=\"noopener\">Dise\u00f1o Industrial<\/a>.<\/h2>\n<div id=\"attachment_4260\" style=\"width: 2893px\" class=\"wp-caption alignnone\"><img aria-describedby=\"caption-attachment-4260\" loading=\"lazy\" class=\"alignnone size-full wp-image-4260\" src=\"https:\/\/dicaduninter.files.wordpress.com\/2017\/03\/20170310_162155.jpg\" alt=\"Licenciados en Dise\u00f1o Industrial\" width=\"2883\" height=\"1370\" \/><p id=\"caption-attachment-4260\" class=\"wp-caption-text\">Felicidades alumnos de Dise\u00f1o Industrial<\/p><\/div>\n<h2 style=\"text-align:justify;\">El grupo de sinodales fue liderado por el Mtro. Francisco Aguilar Ochoa, el Lic. Carlos Mauricio Morali Baz quien fungi\u00f3 como secretario y la Lic. Mar\u00eda de Lourdes Su\u00e1rez Anaya desempe\u00f1\u00e1ndose como vocal; quienes felicitaron con gran admiraci\u00f3n a sus ahora colegas dise\u00f1adores.<\/h2>\n<h2 style=\"text-align:justify;\">La ESCAT, Escuela de Ciencias, Artes y Tecnolog\u00eda as\u00ed como el\u00a0Departamento Acad\u00e9mico de Dise\u00f1o de la <a href=\"https:\/\/www.uninter.edu.mx\/\" target=\"_blank\" rel=\"noopener\">Universidad Internacional Uninter<\/a> les desea \u00e9xito en su vida profesional.<\/h2>\n<p>&nbsp;<br \/>\n<br \/>\n.<\/p>\n","protected":false},"excerpt":{"rendered":"<p>El pasado viernes 10 de marzo del a\u00f1o en curso se llev\u00f3 a cabo el examen profesional de los alumnos Carlos Alberto Reyes Orozco y Carlos Vladimir Ch\u00e1vez Trejo, para obtener el grado de Licenciados en Dise\u00f1o Industrial. El grupo de sinodales fue liderado por el Mtro. Francisco Aguilar Ochoa, el Lic. Carlos Mauricio Morali&hellip;<\/p>\n","protected":false},"author":1,"featured_media":4274,"comment_status":"closed","ping_status":"open","sticky":false,"template":"","format":"standard","meta":[],"categories":[10],"tags":[59,60],"_links":{"self":[{"href":"https:\/\/blogs.uninter.edu.mx\/ESCAT2\/index.php?rest_route=\/wp\/v2\/posts\/4161"}],"collection":[{"href":"https:\/\/blogs.uninter.edu.mx\/ESCAT2\/index.php?rest_route=\/wp\/v2\/posts"}],"about":[{"href":"https:\/\/blogs.uninter.edu.mx\/ESCAT2\/index.php?rest_route=\/wp\/v2\/types\/post"}],"author":[{"embeddable":true,"href":"https:\/\/blogs.uninter.edu.mx\/ESCAT2\/index.php?rest_route=\/wp\/v2\/users\/1"}],"replies":[{"embeddable":true,"href":"https:\/\/blogs.uninter.edu.mx\/ESCAT2\/index.php?rest_route=%2Fwp%2Fv2%2Fcomments&post=4161"}],"version-history":[{"count":0,"href":"https:\/\/blogs.uninter.edu.mx\/ESCAT2\/index.php?rest_route=\/wp\/v2\/posts\/4161\/revisions"}],"wp:featuredmedia":[{"embeddable":true,"href":"https:\/\/blogs.uninter.edu.mx\/ESCAT2\/index.php?rest_route=\/wp\/v2\/media\/4274"}],"wp:attachment":[{"href":"https:\/\/blogs.uninter.edu.mx\/ESCAT2\/index.php?rest_route=%2Fwp%2Fv2%2Fmedia&parent=4161"}],"wp:term":[{"taxonomy":"category","embeddable":true,"href":"https:\/\/blogs.uninter.edu.mx\/ESCAT2\/index.php?rest_route=%2Fwp%2Fv2%2Fcategories&post=4161"},{"taxonomy":"post_tag","embeddable":true,"href":"https:\/\/blogs.uninter.edu.mx\/ESCAT2\/index.php?rest_route=%2Fwp%2Fv2%2Ftags&post=4161"}],"curies":[{"name":"wp","href":"https:\/\/api.w.org\/{rel}","templated":true}]}}