{"id":4497,"date":"2017-03-26T23:13:53","date_gmt":"2017-03-27T05:13:53","guid":{"rendered":"http:\/\/escatuninter.blog\/?p=4497"},"modified":"2017-03-26T23:13:53","modified_gmt":"2017-03-27T05:13:53","slug":"iisca-iam-uninter-presentes-en-conferencias-magistrales-2017-organizadas-por-el-ineel","status":"publish","type":"post","link":"https:\/\/blogs.uninter.edu.mx\/ESCAT2\/?p=4497","title":{"rendered":"Alumnos de #IISCA e #IAM presentes en conferencias magistrales 2017 organizadas por el INEEL. #Uninter #ESCAT"},"content":{"rendered":"<p style=\"text-align:justify;\">El pasado <strong>15 de Marzo<\/strong> estudiantes de las carreras<strong> <a href=\"http:\/\/www.universidad.uninter.edu.mx\/carreras\/IISCA\" target=\"_blank\" rel=\"noopener\">Ingenier\u00eda Industrial y de Sistemas de Calidad (IISCA)<\/a><\/strong>,\u00a0<strong> <a href=\"http:\/\/www.universidad.uninter.edu.mx\/carreras\/IAM\" target=\"_blank\" rel=\"noopener\">Ingenier\u00eda Ambiental (IAM)<\/a><\/strong> y <strong><a href=\"http:\/\/www.universidad.uninter.edu.mx\/carreras\/LRI\" target=\"_blank\" rel=\"noopener\">Relaciones Internacionales (LRI)<\/a><\/strong>\u00a0en compa\u00f1\u00eda de los docentes Elizabeth Mill\u00e1n Ben\u00edtez e Hilkar Mej\u00eda Gonz\u00e1lez, asistieron a la ponencia <strong>&#8220;40 a\u00f1os de desarrollo de las energ\u00edas renovables en el mundo, principalmente solar y e\u00f3lica&#8221;<\/strong> como parte de las <strong>Conferencias Magistrales 2017<\/strong> organizadas por el <strong>Instituto Nacional de Electricidad y Energ\u00edas Limpias (INEEL)<\/strong>, ubicado en Palmira, Cuernavaca, Mor.<\/p>\n<div id=\"attachment_4726\" style=\"width: 944px\" class=\"wp-caption alignnone\"><img aria-describedby=\"caption-attachment-4726\" loading=\"lazy\" class=\"alignnone size-full wp-image-4726\" src=\"https:\/\/dicaduninter.files.wordpress.com\/2017\/03\/17309445_1442375365813287_6100782054864033598_n1.jpg\" alt=\"Alumnos de #IISCA e #IAM presentes en conferencias magistrales 2017 organizadas por el INEEL.\" width=\"934\" height=\"552\" \/><p id=\"caption-attachment-4726\" class=\"wp-caption-text\">Alumnos de #IISCA e #IAM presentes en conferencias magistrales 2017 organizadas por el INEEL.<\/p><\/div>\n<p style=\"text-align:justify;\">La ponencia estuvo a cargo del investigador <strong>Ing. Enrique Caldera Mu\u00f1oz<\/strong>, el cual habl\u00f3 de temas como la utilizaci\u00f3n de energ\u00edas solar y e\u00f3lica, calentamiento global,\u00a0 la evoluci\u00f3n de paneles solares y aerogeneradores a trav\u00e9s de los a\u00f1os, producci\u00f3n por pa\u00eds y crecimiento en el uso de renovables en los \u00faltimos a\u00f1os.<\/p>\n<div id=\"attachment_4730\" style=\"width: 614px\" class=\"wp-caption alignnone\"><img aria-describedby=\"caption-attachment-4730\" loading=\"lazy\" class=\"alignnone size-full wp-image-4730\" src=\"https:\/\/dicaduninter.files.wordpress.com\/2017\/03\/17155247_1442375289146628_7079760725145801883_n1.jpg\" alt=\"Conferencista INEEL\" width=\"608\" height=\"602\" \/><p id=\"caption-attachment-4730\" class=\"wp-caption-text\">Alumnos de #IISCA e #IAM presentes en conferencias magistrales 2017 organizadas por el INEEL.<\/p><\/div>\n<p style=\"text-align:justify;\">As\u00ed como tambi\u00e9n mencion\u00f3 el escenario de M\u00e9xico frente a la utilizaci\u00f3n de energ\u00edas limpias y la necesidad de generar una pol\u00edtica de desarrollo tecnol\u00f3gico y desarrollo industrial que permita tener un sistema el\u00e9ctrico nacional deseable.<\/p>\n<p><img loading=\"lazy\" class=\"alignnone size-full wp-image-4737\" src=\"https:\/\/dicaduninter.files.wordpress.com\/2017\/03\/img-20170315-wa00472.jpg\" alt=\"IISCA-IAM Conferencia INEEL\" width=\"1204\" height=\"738\" \/><br \/>\n<img loading=\"lazy\" class=\"alignnone size-full wp-image-4593\" src=\"https:\/\/dicaduninter.files.wordpress.com\/2017\/03\/cartelconf150317-2.jpg\" alt=\"Conferencia INEEL\" width=\"993\" height=\"810\" \/><\/p>\n","protected":false},"excerpt":{"rendered":"<p>El pasado 15 de Marzo estudiantes de las carreras Ingenier\u00eda Industrial y de Sistemas de Calidad (IISCA),\u00a0 Ingenier\u00eda Ambiental (IAM) y Relaciones Internacionales (LRI)\u00a0en compa\u00f1\u00eda de los docentes Elizabeth Mill\u00e1n Ben\u00edtez e Hilkar Mej\u00eda Gonz\u00e1lez, asistieron a la ponencia &#8220;40 a\u00f1os de desarrollo de las energ\u00edas renovables en el mundo, principalmente solar y e\u00f3lica&#8221; como&hellip;<\/p>\n","protected":false},"author":1,"featured_media":4724,"comment_status":"closed","ping_status":"open","sticky":false,"template":"","format":"standard","meta":[],"categories":[15,19],"tags":[59,60],"_links":{"self":[{"href":"https:\/\/blogs.uninter.edu.mx\/ESCAT2\/index.php?rest_route=\/wp\/v2\/posts\/4497"}],"collection":[{"href":"https:\/\/blogs.uninter.edu.mx\/ESCAT2\/index.php?rest_route=\/wp\/v2\/posts"}],"about":[{"href":"https:\/\/blogs.uninter.edu.mx\/ESCAT2\/index.php?rest_route=\/wp\/v2\/types\/post"}],"author":[{"embeddable":true,"href":"https:\/\/blogs.uninter.edu.mx\/ESCAT2\/index.php?rest_route=\/wp\/v2\/users\/1"}],"replies":[{"embeddable":true,"href":"https:\/\/blogs.uninter.edu.mx\/ESCAT2\/index.php?rest_route=%2Fwp%2Fv2%2Fcomments&post=4497"}],"version-history":[{"count":0,"href":"https:\/\/blogs.uninter.edu.mx\/ESCAT2\/index.php?rest_route=\/wp\/v2\/posts\/4497\/revisions"}],"wp:featuredmedia":[{"embeddable":true,"href":"https:\/\/blogs.uninter.edu.mx\/ESCAT2\/index.php?rest_route=\/wp\/v2\/media\/4724"}],"wp:attachment":[{"href":"https:\/\/blogs.uninter.edu.mx\/ESCAT2\/index.php?rest_route=%2Fwp%2Fv2%2Fmedia&parent=4497"}],"wp:term":[{"taxonomy":"category","embeddable":true,"href":"https:\/\/blogs.uninter.edu.mx\/ESCAT2\/index.php?rest_route=%2Fwp%2Fv2%2Fcategories&post=4497"},{"taxonomy":"post_tag","embeddable":true,"href":"https:\/\/blogs.uninter.edu.mx\/ESCAT2\/index.php?rest_route=%2Fwp%2Fv2%2Ftags&post=4497"}],"curies":[{"name":"wp","href":"https:\/\/api.w.org\/{rel}","templated":true}]}}