{"id":5736,"date":"2017-04-28T19:11:38","date_gmt":"2017-04-29T00:11:38","guid":{"rendered":"http:\/\/escatuninter.blog\/?p=5736"},"modified":"2017-04-28T19:11:38","modified_gmt":"2017-04-29T00:11:38","slug":"felicidades-alumnos-de-arquitectura-uninter","status":"publish","type":"post","link":"https:\/\/blogs.uninter.edu.mx\/ESCAT2\/?p=5736","title":{"rendered":"Felicidades alumnos de #Arquitectura #Uninter"},"content":{"rendered":"<p>El pasado 28 de Abril \u00a0de 2017 se llev\u00f3 a cabo el examen profesional de los alumnos de <a href=\"http:\/\/www.universidad.uninter.edu.mx\/carreras\/ARQ\" target=\"_blank\" rel=\"noopener\">Arquitectura<\/a>, Julio C\u00e9sar P\u00e9rez \u00a0Contreras, Jorge Emilio Contreras P\u00e9rez, Orlando P\u00e9rez Rom\u00e1n, Marcos Estrada Tun y Eric Flores Rom\u00e1n, para obtener el grado de Licenciados en Arquitectura. El grupo de sinodales estuvo formado \u00a0por el Arq.\u00a0Jos\u00e9 Manuel Mu\u00f1oz G\u00f3mez, Arq. Carlos Topete Contreras y el Arq. Pastor Gonz\u00e1lez Rocha&#8230;<br \/>\n<div id=\"attachment_5790\" style=\"width: 785px\" class=\"wp-caption alignnone\"><img aria-describedby=\"caption-attachment-5790\" loading=\"lazy\" class=\"alignnone size-full wp-image-5790\" src=\"https:\/\/dicaduninter.files.wordpress.com\/2017\/04\/18119565_1428657817179994_4896442678652999232_n1.jpg\" alt=\"Examen profesional AQ\" width=\"775\" height=\"624\" \/><p id=\"caption-attachment-5790\" class=\"wp-caption-text\">Felicidades alumnos de #Arquitectura<\/p><\/div><br \/>\nLo mejor est\u00e1 por venir, les deseamos mucho \u00e9xito, much\u00edsimas felicidades&#8230;<br \/>\n<br \/>\n&nbsp;<br \/>\n&#8230;.<\/p>\n","protected":false},"excerpt":{"rendered":"<p>El pasado 28 de Abril \u00a0de 2017 se llev\u00f3 a cabo el examen profesional de los alumnos de Arquitectura, Julio C\u00e9sar P\u00e9rez \u00a0Contreras, Jorge Emilio Contreras P\u00e9rez, Orlando P\u00e9rez Rom\u00e1n, Marcos Estrada Tun y Eric Flores Rom\u00e1n, para obtener el grado de Licenciados en Arquitectura. El grupo de sinodales estuvo formado \u00a0por el Arq.\u00a0Jos\u00e9 Manuel&hellip;<\/p>\n","protected":false},"author":1,"featured_media":5789,"comment_status":"closed","ping_status":"open","sticky":false,"template":"","format":"standard","meta":[],"categories":[14],"tags":[],"_links":{"self":[{"href":"https:\/\/blogs.uninter.edu.mx\/ESCAT2\/index.php?rest_route=\/wp\/v2\/posts\/5736"}],"collection":[{"href":"https:\/\/blogs.uninter.edu.mx\/ESCAT2\/index.php?rest_route=\/wp\/v2\/posts"}],"about":[{"href":"https:\/\/blogs.uninter.edu.mx\/ESCAT2\/index.php?rest_route=\/wp\/v2\/types\/post"}],"author":[{"embeddable":true,"href":"https:\/\/blogs.uninter.edu.mx\/ESCAT2\/index.php?rest_route=\/wp\/v2\/users\/1"}],"replies":[{"embeddable":true,"href":"https:\/\/blogs.uninter.edu.mx\/ESCAT2\/index.php?rest_route=%2Fwp%2Fv2%2Fcomments&post=5736"}],"version-history":[{"count":0,"href":"https:\/\/blogs.uninter.edu.mx\/ESCAT2\/index.php?rest_route=\/wp\/v2\/posts\/5736\/revisions"}],"wp:featuredmedia":[{"embeddable":true,"href":"https:\/\/blogs.uninter.edu.mx\/ESCAT2\/index.php?rest_route=\/wp\/v2\/media\/5789"}],"wp:attachment":[{"href":"https:\/\/blogs.uninter.edu.mx\/ESCAT2\/index.php?rest_route=%2Fwp%2Fv2%2Fmedia&parent=5736"}],"wp:term":[{"taxonomy":"category","embeddable":true,"href":"https:\/\/blogs.uninter.edu.mx\/ESCAT2\/index.php?rest_route=%2Fwp%2Fv2%2Fcategories&post=5736"},{"taxonomy":"post_tag","embeddable":true,"href":"https:\/\/blogs.uninter.edu.mx\/ESCAT2\/index.php?rest_route=%2Fwp%2Fv2%2Ftags&post=5736"}],"curies":[{"name":"wp","href":"https:\/\/api.w.org\/{rel}","templated":true}]}}