{"id":6108,"date":"2017-05-14T20:42:21","date_gmt":"2017-05-15T01:42:21","guid":{"rendered":"http:\/\/escatuninter.blog\/?p=6108"},"modified":"2017-05-14T20:42:21","modified_gmt":"2017-05-15T01:42:21","slug":"inauguran-el-parque-eolico-coahuila-noticiasescat","status":"publish","type":"post","link":"https:\/\/blogs.uninter.edu.mx\/ESCAT2\/?p=6108","title":{"rendered":"Inauguran el parque e\u00f3lico Coahuila #NoticiasESCAT #Uninter"},"content":{"rendered":"<div class=\"columns\">\n<div id=\"cambiarFuente\" class=\"text-box\">\n<div class=\"\">\n<div id=\"sharecontainer_gig_containerParent\" class=\"block\">\n<div class=\"columns\">\n<div id=\"cambiarFuente\" class=\"text-box\">\n<div class=\"\">\n<div id=\"sharecontainer_gig_containerParent\" class=\"block\">\n<p class=\"p1\" style=\"text-align:justify;\"><span style=\"color:#000000;\">Con una inversi\u00f3n privada de 358 millones de d\u00f3lares (mdd), se inaugur\u00f3 el Parque E\u00f3lico Coahuila, una central de electricidad con capacidad instalada de 199.5 megawatts (MW), suficiente para atender a 300,000 viviendas.<\/span><\/p>\n<p class=\"p1\" style=\"text-align:justify;\">\n<\/div>\n<\/div>\n<\/div>\n<\/div>\n<\/div>\n<\/div>\n<\/div>\n<\/div>\n<p class=\"p1\"><iframe loading=\"lazy\" width=\"700\" height=\"394\" src=\"https:\/\/www.youtube.com\/embed\/aVVDczEvLzg?feature=oembed\" frameborder=\"0\" allow=\"accelerometer; autoplay; encrypted-media; gyroscope; picture-in-picture\" allowfullscreen><\/iframe><\/p>\n<div class=\"columns\">\n<div id=\"cambiarFuente\" class=\"text-box\">\n<div class=\"\">\n<div id=\"sharecontainer_gig_containerParent\" class=\"block\">\n<div class=\"columns\">\n<div id=\"cambiarFuente\" class=\"text-box\">\n<div class=\"\">\n<div id=\"sharecontainer_gig_containerParent\" class=\"block\">\n<p class=\"p1\" style=\"text-align:justify;\"><span style=\"color:#000000;\">El desarrollo, donde se instalaron 95 aerogeneradores sobre una extensi\u00f3n de 4,753.55 hect\u00e1reas, fue impulsado por las empresas EDP Renovables e Industrias Pe\u00f1oles.<\/span><\/p>\n<p class=\"p1\" style=\"text-align:justify;\"><span style=\"color:#000000;\">En la ceremonia de inicio de operaciones, el presidente Enrique Pe\u00f1a Nieto asegur\u00f3 que, gracias a la reforma energ\u00e9tica, M\u00e9xico asegura el suministro de electricidad necesario para toda la industria que est\u00e1 en crecimiento en todo el pa\u00eds.<\/span><\/p>\n<p class=\"p1\"><iframe loading=\"lazy\" width=\"700\" height=\"394\" src=\"https:\/\/www.youtube.com\/embed\/AovKfYBLwOU?feature=oembed\" frameborder=\"0\" allow=\"accelerometer; autoplay; encrypted-media; gyroscope; picture-in-picture\" allowfullscreen><\/iframe><\/p>\n<p class=\"p1\" style=\"text-align:justify;\"><span style=\"color:#000000;\">El mandatario expuso que M\u00e9xico se convierte en un mercado muy atractivo, porque los insumos como la energ\u00eda el\u00e9ctrica se han vuelto m\u00e1s baratos, lo que constituye un incentivo para la inversi\u00f3n.<\/span><\/p>\n<\/div>\n<\/div>\n<\/div>\n<\/div>\n<\/div>\n<\/div>\n<\/div>\n<\/div>\n<h5 class=\"p1\" style=\"text-align:right;\"><span style=\"color:#000000;\">Fuente: manufactura.mx<\/span><\/h5>\n<p style=\"text-align:right;\"><a href=\"https:\/\/www.uninter.edu.mx\/\" target=\"_blank\" rel=\"noopener\">Universidad Internacional<\/a><\/p>\n<p style=\"text-align:right;\"><a href=\"http:\/\/www.universidad.uninter.edu.mx\/carreras\/IAM\" target=\"_blank\" rel=\"noopener\">Ingenier\u00eda Ambiental<\/a><\/p>\n","protected":false},"excerpt":{"rendered":"<p>Con una inversi\u00f3n privada de 358 millones de d\u00f3lares (mdd), se inaugur\u00f3 el Parque E\u00f3lico Coahuila, una central de electricidad con capacidad instalada de 199.5 megawatts (MW), suficiente para atender a 300,000 viviendas. El desarrollo, donde se instalaron 95 aerogeneradores sobre una extensi\u00f3n de 4,753.55 hect\u00e1reas, fue impulsado por las empresas EDP Renovables e Industrias&hellip;<\/p>\n","protected":false},"author":1,"featured_media":6223,"comment_status":"closed","ping_status":"open","sticky":false,"template":"","format":"standard","meta":[],"categories":[15,19,27],"tags":[35,59,60],"_links":{"self":[{"href":"https:\/\/blogs.uninter.edu.mx\/ESCAT2\/index.php?rest_route=\/wp\/v2\/posts\/6108"}],"collection":[{"href":"https:\/\/blogs.uninter.edu.mx\/ESCAT2\/index.php?rest_route=\/wp\/v2\/posts"}],"about":[{"href":"https:\/\/blogs.uninter.edu.mx\/ESCAT2\/index.php?rest_route=\/wp\/v2\/types\/post"}],"author":[{"embeddable":true,"href":"https:\/\/blogs.uninter.edu.mx\/ESCAT2\/index.php?rest_route=\/wp\/v2\/users\/1"}],"replies":[{"embeddable":true,"href":"https:\/\/blogs.uninter.edu.mx\/ESCAT2\/index.php?rest_route=%2Fwp%2Fv2%2Fcomments&post=6108"}],"version-history":[{"count":0,"href":"https:\/\/blogs.uninter.edu.mx\/ESCAT2\/index.php?rest_route=\/wp\/v2\/posts\/6108\/revisions"}],"wp:featuredmedia":[{"embeddable":true,"href":"https:\/\/blogs.uninter.edu.mx\/ESCAT2\/index.php?rest_route=\/wp\/v2\/media\/6223"}],"wp:attachment":[{"href":"https:\/\/blogs.uninter.edu.mx\/ESCAT2\/index.php?rest_route=%2Fwp%2Fv2%2Fmedia&parent=6108"}],"wp:term":[{"taxonomy":"category","embeddable":true,"href":"https:\/\/blogs.uninter.edu.mx\/ESCAT2\/index.php?rest_route=%2Fwp%2Fv2%2Fcategories&post=6108"},{"taxonomy":"post_tag","embeddable":true,"href":"https:\/\/blogs.uninter.edu.mx\/ESCAT2\/index.php?rest_route=%2Fwp%2Fv2%2Ftags&post=6108"}],"curies":[{"name":"wp","href":"https:\/\/api.w.org\/{rel}","templated":true}]}}