{"id":6680,"date":"2017-05-31T13:01:39","date_gmt":"2017-05-31T18:01:39","guid":{"rendered":"http:\/\/escatuninter.blog\/?p=6680"},"modified":"2017-05-31T13:01:39","modified_gmt":"2017-05-31T18:01:39","slug":"intel-core-i9-noticiasescat","status":"publish","type":"post","link":"https:\/\/blogs.uninter.edu.mx\/ESCAT2\/?p=6680","title":{"rendered":"Intel Core i9 #NoticiasESCAT #Uninter"},"content":{"rendered":"<p style=\"text-align:justify;\">Parece ser que AMD est\u00e1 consiguiendo mover de su silla a Intel con la aparici\u00f3n de Ryzen, y ya era hora, por que se estaba manteniendo muy conservadora en el mercado que domina a sus anchas.<\/p>\n<p style=\"text-align:justify;\">La presi\u00f3n la acabamos de comprobar en el presente Computex 2017, donde Intel se ha llevado nueva artiller\u00eda dentro de la denominaci\u00f3n \u201cX Series\u201d. Ah\u00ed nos encontramos nuevos procesadores SkyLake y Kaby Lake, pero principalmente lo que nos llama la atenci\u00f3n es el Core i9 con 18 n\u00facleos.<\/p>\n<p style=\"text-align:justify;\">En total nueve procesadores nuevos, de los cuales 4 son versiones del citado Core i9, y el resto, pues nuevos Core i5 e i7, m\u00e1s potentes y con m\u00e1s n\u00facleos. Todos ellos van a funcionar sobre el socket 2066, placa Intel X299.<\/p>\n<div id=\"attachment_6684\" style=\"width: 1210px\" class=\"wp-caption alignnone\"><img aria-describedby=\"caption-attachment-6684\" loading=\"lazy\" class=\"alignnone size-full wp-image-6684\" src=\"https:\/\/dicaduninter.files.wordpress.com\/2017\/05\/cores.jpg\" alt=\"Intel Core i7\" width=\"1200\" height=\"588\" \/><p id=\"caption-attachment-6684\" class=\"wp-caption-text\">Intel Core, i5, i7, i9<\/p><\/div>\n<h3 style=\"text-align:justify;\">Nuevos Precios<\/h3>\n<p style=\"text-align:justify;\">Toda una gama de procesadores ideada para cumplir con las exigencias de jugadores y creadores de contenido visual, pero con muchos escalones diferentes: tenemos un Core i5-7640X que arranca la familia y cuesta 242 d\u00f3lares, y podemos llegar hasta el Core i9-7980XE, por el que nos van a pedir 1.999 d\u00f3lares.<\/p>\n<p style=\"text-align:justify;\">No nos asustemos con los Core i9, Intel ha decidido poner unos cuantos de escalones por debajo, con un modelo de acceso llamado Core i9-7900X: por 999 d\u00f3lares tenemos 10 n\u00facleos, 14nm, 140W y 3,3\/4,3GHz.<\/p>\n<p style=\"text-align:justify;\">Espero que no nos confundamos demasiado con las nuevas denominaciones, hay procesadores Core-i9 de la familia Skylake-X con 10, 12, 14, 16 y 18 n\u00facleos. En el modelo tope de gama los 18 n\u00facleos con hyperthreading nos llevan hasta los 36 hilos.<\/p>\n<p style=\"text-align:right;\"><a href=\"https:\/\/www.uninter.edu.mx\/\" target=\"_blank\" rel=\"noopener noreferrer\">Universidad Internacional<\/a><\/p>\n<p style=\"text-align:right;\"><a href=\"http:\/\/www.universidad.uninter.edu.mx\/carreras\/ISC\" target=\"_blank\" rel=\"noopener noreferrer\">Ingenier\u00eda en Sistemas Computacionales<\/a><\/p>\n<p><iframe loading=\"lazy\" width=\"700\" height=\"394\" src=\"https:\/\/www.youtube.com\/embed\/hertDBK6suA?feature=oembed\" frameborder=\"0\" allow=\"accelerometer; autoplay; encrypted-media; gyroscope; picture-in-picture\" allowfullscreen><\/iframe><\/p>\n","protected":false},"excerpt":{"rendered":"<p>Parece ser que AMD est\u00e1 consiguiendo mover de su silla a Intel con la aparici\u00f3n de Ryzen, y ya era hora, por que se estaba manteniendo muy conservadora en el mercado que domina a sus anchas. La presi\u00f3n la acabamos de comprobar en el presente Computex 2017, donde Intel se ha llevado nueva artiller\u00eda dentro&hellip;<\/p>\n","protected":false},"author":1,"featured_media":6681,"comment_status":"closed","ping_status":"open","sticky":false,"template":"","format":"standard","meta":[],"categories":[18,27],"tags":[35,59,60],"_links":{"self":[{"href":"https:\/\/blogs.uninter.edu.mx\/ESCAT2\/index.php?rest_route=\/wp\/v2\/posts\/6680"}],"collection":[{"href":"https:\/\/blogs.uninter.edu.mx\/ESCAT2\/index.php?rest_route=\/wp\/v2\/posts"}],"about":[{"href":"https:\/\/blogs.uninter.edu.mx\/ESCAT2\/index.php?rest_route=\/wp\/v2\/types\/post"}],"author":[{"embeddable":true,"href":"https:\/\/blogs.uninter.edu.mx\/ESCAT2\/index.php?rest_route=\/wp\/v2\/users\/1"}],"replies":[{"embeddable":true,"href":"https:\/\/blogs.uninter.edu.mx\/ESCAT2\/index.php?rest_route=%2Fwp%2Fv2%2Fcomments&post=6680"}],"version-history":[{"count":0,"href":"https:\/\/blogs.uninter.edu.mx\/ESCAT2\/index.php?rest_route=\/wp\/v2\/posts\/6680\/revisions"}],"wp:featuredmedia":[{"embeddable":true,"href":"https:\/\/blogs.uninter.edu.mx\/ESCAT2\/index.php?rest_route=\/wp\/v2\/media\/6681"}],"wp:attachment":[{"href":"https:\/\/blogs.uninter.edu.mx\/ESCAT2\/index.php?rest_route=%2Fwp%2Fv2%2Fmedia&parent=6680"}],"wp:term":[{"taxonomy":"category","embeddable":true,"href":"https:\/\/blogs.uninter.edu.mx\/ESCAT2\/index.php?rest_route=%2Fwp%2Fv2%2Fcategories&post=6680"},{"taxonomy":"post_tag","embeddable":true,"href":"https:\/\/blogs.uninter.edu.mx\/ESCAT2\/index.php?rest_route=%2Fwp%2Fv2%2Ftags&post=6680"}],"curies":[{"name":"wp","href":"https:\/\/api.w.org\/{rel}","templated":true}]}}