{"id":7009,"date":"2017-06-03T20:27:27","date_gmt":"2017-06-04T01:27:27","guid":{"rendered":"http:\/\/escatuninter.blog\/?p=7009"},"modified":"2017-06-03T20:27:27","modified_gmt":"2017-06-04T01:27:27","slug":"financiamiento-problema-en-mexico-para-lograr-al-100-el-uso-de-energias-renovables-noticiciasescat","status":"publish","type":"post","link":"https:\/\/blogs.uninter.edu.mx\/ESCAT2\/?p=7009","title":{"rendered":"Financiamiento, problema en M\u00e9xico para lograr al 100% el uso de energ\u00edas renovables #NoticiciasESCAT #Uninter"},"content":{"rendered":"<div align=\"justify\">\n<p><iframe loading=\"lazy\" width=\"700\" height=\"394\" src=\"https:\/\/www.youtube.com\/embed\/KDNLiEk7uMs?feature=oembed\" frameborder=\"0\" allow=\"accelerometer; autoplay; encrypted-media; gyroscope; picture-in-picture\" allowfullscreen><\/iframe><\/p>\n<p><strong>M\u00e9xico podr\u00eda funcionar al 100% con energ\u00edas renovables para el a\u00f1o 2050. <\/strong><\/p>\n<p><strong>Hay un movimiento t\u00e9cnico, ambientalista y social que indica que se puede lograr, que no s\u00f3lo permita a todos tener acceso a energ\u00eda limpia y de calidad, sino pensar en el futuro y en cerrar las brechas actuales. <\/strong><\/p>\n<p><strong>No obstante, el problema para lograrlo no es tecnol\u00f3gico o social, sino de financiamiento, dijeron especialistas universitarios.<\/strong><\/p>\n<p><strong>Los problemas de implantaci\u00f3n de energ\u00edas renovables que se han tenido en distintas regiones del territorio han sido por no tomar en cuenta a los pobladores de la zona, y \u201cmientras no impulsemos acuerdos de ganar-ganar y cambiemos la mentalidad, no podremos avanzar mucho en ese camino\u201d, subray\u00f3\u00a0Manuel Mart\u00ednez Fern\u00e1ndez, investigador del <a href=\"http:\/\/www.ier.unam.mx\/\" target=\"_blank\" rel=\"noopener noreferrer\">Instituto de Energ\u00edas Renovables<\/a> (IER)<\/strong><\/p>\n<p><iframe loading=\"lazy\" width=\"700\" height=\"394\" src=\"https:\/\/www.youtube.com\/embed\/l3vmD65it9U?feature=oembed\" frameborder=\"0\" allow=\"accelerometer; autoplay; encrypted-media; gyroscope; picture-in-picture\" allowfullscreen><\/iframe><\/p>\n<p><strong>Karla Cedano Villavicencio, secretaria de Gesti\u00f3n Tecnol\u00f3gica y Vinculaci\u00f3n del IER, record\u00f3 que son cuatro los ejes o dimensiones del desarrollo sustentable: econ\u00f3mico, social, ambiental e institucional. En tanto, \u201cla academia tiene que ver con la generaci\u00f3n de conocimiento, la formaci\u00f3n de buenos egresados y con hacer investigaci\u00f3n de calidad\u201d.<\/strong><\/p>\n<p><strong>No obstante, hacen falta alianzas; hay empresarios serios, pero que no conocen a la academia. Ah\u00ed hay una brecha por unir y es responsabilidad de ambas partes lograrlo. Eso ser\u00e1 posible con la \u201cinnovatividad\u201d, concepto relacionado con el potencial de hacer innovaci\u00f3n, con una red de capacidades, recursos naturales y tecnol\u00f3gicos, orientada por la cooperaci\u00f3n, la apertura de mercados y la calidad de los resultados.<\/strong><\/p>\n<p><strong>Luis \u00c1lvarez-Icaza, director del <a href=\"http:\/\/www.iingen.unam.mx\/\" target=\"_blank\" rel=\"noopener noreferrer\">Instituto de Ingenier\u00eda<\/a>, opin\u00f3 que en nuestro pa\u00eds a\u00fan queda mucho por hacer para que el consumo de electricidad se vuelva socialmente responsable.<\/strong><\/p>\n<p><strong>Antes, en la conferencia \u201cEnerg\u00edas renovables al alcance de todos\u201d, Josche Muth, coordinador de la Alianza Energ\u00e9tica Alemania-M\u00e9xico, se\u00f1al\u00f3 que las tres columnas de la <em>energiewende<\/em>, o transici\u00f3n energ\u00e9tica, son la eficiencia energ\u00e9tica, el uso de energ\u00edas renovables y el acoplamiento de los sectores.<\/strong><\/p>\n<p><strong>Los principios de la <em>energiewende, <\/em>precis\u00f3, son: la reducci\u00f3n de las emisiones, de la dependencia a la importaci\u00f3n de energ\u00eda de otros pa\u00edses, salir de la energ\u00eda nuclear, el desarrollo de nuevas tecnolog\u00edas, y una pol\u00edtica de energ\u00eda sustentable y exitosa en t\u00e9rminos econ\u00f3micos.<\/strong><\/p>\n<p><strong>La transici\u00f3n energ\u00e9tica se basa en una estrategia a largo plazo, a 2050, con la aceptaci\u00f3n p\u00fablica y con metas espec\u00edficas en relaci\u00f3n con el tema del cambio clim\u00e1tico.<\/strong><\/p>\n<p style=\"text-align:right;\"><a href=\"https:\/\/www.uninter.edu.mx\/\" target=\"_blank\" rel=\"noopener noreferrer\">Universidad Internacional<\/a><\/p>\n<p style=\"text-align:right;\"><a href=\"http:\/\/www.universidad.uninter.edu.mx\/carreras\/IAM\" target=\"_blank\" rel=\"noopener noreferrer\">Ingenier\u00eda Ambiental<\/a><\/p>\n<h5 style=\"text-align:right;\"><b>\u00a0 \u00a0 \u00a0 \u00a0 \u00a0 \u00a0 \u00a0 \u00a0 \u00a0 \u00a0 \u00a0 \u00a0 \u00a0 \u00a0 Fuente:\u00a0http:\/\/www.dgcs.unam.mx\/boletin\/bdboletin\/2017_380.html<\/b><\/h5>\n<\/div>\n","protected":false},"excerpt":{"rendered":"<p>M\u00e9xico podr\u00eda funcionar al 100% con energ\u00edas renovables para el a\u00f1o 2050. Hay un movimiento t\u00e9cnico, ambientalista y social que indica que se puede lograr, que no s\u00f3lo permita a todos tener acceso a energ\u00eda limpia y de calidad, sino pensar en el futuro y en cerrar las brechas actuales. No obstante, el problema para&hellip;<\/p>\n","protected":false},"author":1,"featured_media":7034,"comment_status":"closed","ping_status":"open","sticky":false,"template":"","format":"standard","meta":[],"categories":[15,17,19],"tags":[35,59,60],"_links":{"self":[{"href":"https:\/\/blogs.uninter.edu.mx\/ESCAT2\/index.php?rest_route=\/wp\/v2\/posts\/7009"}],"collection":[{"href":"https:\/\/blogs.uninter.edu.mx\/ESCAT2\/index.php?rest_route=\/wp\/v2\/posts"}],"about":[{"href":"https:\/\/blogs.uninter.edu.mx\/ESCAT2\/index.php?rest_route=\/wp\/v2\/types\/post"}],"author":[{"embeddable":true,"href":"https:\/\/blogs.uninter.edu.mx\/ESCAT2\/index.php?rest_route=\/wp\/v2\/users\/1"}],"replies":[{"embeddable":true,"href":"https:\/\/blogs.uninter.edu.mx\/ESCAT2\/index.php?rest_route=%2Fwp%2Fv2%2Fcomments&post=7009"}],"version-history":[{"count":0,"href":"https:\/\/blogs.uninter.edu.mx\/ESCAT2\/index.php?rest_route=\/wp\/v2\/posts\/7009\/revisions"}],"wp:featuredmedia":[{"embeddable":true,"href":"https:\/\/blogs.uninter.edu.mx\/ESCAT2\/index.php?rest_route=\/wp\/v2\/media\/7034"}],"wp:attachment":[{"href":"https:\/\/blogs.uninter.edu.mx\/ESCAT2\/index.php?rest_route=%2Fwp%2Fv2%2Fmedia&parent=7009"}],"wp:term":[{"taxonomy":"category","embeddable":true,"href":"https:\/\/blogs.uninter.edu.mx\/ESCAT2\/index.php?rest_route=%2Fwp%2Fv2%2Fcategories&post=7009"},{"taxonomy":"post_tag","embeddable":true,"href":"https:\/\/blogs.uninter.edu.mx\/ESCAT2\/index.php?rest_route=%2Fwp%2Fv2%2Ftags&post=7009"}],"curies":[{"name":"wp","href":"https:\/\/api.w.org\/{rel}","templated":true}]}}