{"id":7576,"date":"2017-07-09T13:14:57","date_gmt":"2017-07-09T18:14:57","guid":{"rendered":"http:\/\/escatuninter.blog\/?p=7576"},"modified":"2017-07-09T13:14:57","modified_gmt":"2017-07-09T18:14:57","slug":"el-cable-submarino-de-facebook-microsoft-y-telefonica-llega-a-espana-noticiasescat-uninter","status":"publish","type":"post","link":"https:\/\/blogs.uninter.edu.mx\/ESCAT2\/?p=7576","title":{"rendered":"\u00a1El cable submarino de Facebook, Microsoft y Telef\u00f3nica llega a Espa\u00f1a! #NoticiasESCAT #Uninter"},"content":{"rendered":"<p style=\"text-align:justify;\">El Marea, el cable submarino de Telef\u00f3nica (Telxius), Microsoft y Facebook\u00a0que mejorar\u00e1 la conexi\u00f3n entre los usuarios de Estados Unidos y Europa, llegar\u00e1 a las costas espa\u00f1olas.<\/p>\n<div id=\"elpais_gpt-INTEXT\" style=\"text-align:justify;\">\n<p id=\"google_ads_iframe_\/7811748\/elpais_finanzas_economia_web\/intext_0__container__\">El barco cablero que lo despliega por todo el oc\u00e9ano Atl\u00e1ntico sali\u00f3 el pasado 24 de mayo de las costas de Virginia, recalar\u00e1 en Calais el 9 de junio para, finalmente, amarrar el cable de 6,000 kil\u00f3metros de longitud en la playa de Arritera en Sopelana (Vizcaya), el pasado 12 de junio.<\/p>\n<div><\/div>\n<\/div>\n<p style=\"text-align:justify;\"><iframe loading=\"lazy\" width=\"700\" height=\"394\" src=\"https:\/\/www.youtube.com\/embed\/TbxKnKzlvO4?feature=oembed\" frameborder=\"0\" allow=\"accelerometer; autoplay; encrypted-media; gyroscope; picture-in-picture\" allowfullscreen><\/iframe><\/p>\n<p style=\"text-align:justify;\">Previamente, la sociedad tripartita que explotar\u00e1 Marea\u00a0ha tenido que obtener los permisos de extensi\u00f3n de la Comisi\u00f3n Federal de Comunicaciones (FCC, por sus siglas en ingl\u00e9s) estadounidense y del Ministerio de Agricultura y Pesca, Alimentaci\u00f3n y Medio Ambiente espa\u00f1ol. Las licencias de ambas autoridades, conseguidas el pasado mes de abril, tienen una duraci\u00f3n de 25 a\u00f1os.<\/p>\n<h3 style=\"text-align:center;\">Canon por ocupaci\u00f3n<\/h3>\n<p style=\"text-align:justify;\">La concesi\u00f3n a Telxius se refiere a la ocupaci\u00f3n de 27.861 metros cuadrados de dominio p\u00fablico mar\u00edtimo-terrestre, de titularidad estatal. De ese total, 16.701 metros cuadrados corresponden a ocupaci\u00f3n en el mar territorial, 10.868 m2 en las aguas interiores y 290 m2 en el tramo terrestre. Telxius abonar\u00e1 en el Tesoro P\u00fablico el importe correspondiente al canon, calculado a raz\u00f3n de 1,2391 euros por metro cuadrado y a\u00f1o de la superficie de dominio p\u00fablico mar\u00edtimo-terrestre otorgada en la concesi\u00f3n, es decir, alrededor de un mill\u00f3n de euros en todo el periodo de concesi\u00f3n.<\/p>\n<p>&nbsp;<\/p>\n<p><iframe loading=\"lazy\" width=\"700\" height=\"394\" src=\"https:\/\/www.youtube.com\/embed\/CwL-IrcXpqU?feature=oembed\" frameborder=\"0\" allow=\"accelerometer; autoplay; encrypted-media; gyroscope; picture-in-picture\" allowfullscreen><\/iframe><\/p>\n<p>&nbsp;<\/p>\n<p style=\"text-align:justify;\">La capacidad de Marea es de 160 terabytes por segundo (Tbps), dividida en ocho pares de fibra de 20 Tbps cada una, 16 millones de veces m\u00e1s r\u00e1pido que una conexi\u00f3n de Internet dom\u00e9stica, lo que lo convierte en el cable transatl\u00e1ntico con la banda m\u00e1s ancha que existe.<\/p>\n<p style=\"text-align:justify;\">El nuevo cable ayudar\u00e1 a cubrir la creciente demanda por parte de los usuarios de alta velocidad y conexiones fiables para los servicios en la nube y <em>online.<\/em><\/p>\n<p style=\"text-align:justify;\">Junto a Facebook y Microsoft permitir\u00e1 a Telxius no solo ampliar la capacidad <em>on-net<\/em> entre Espa\u00f1a y Estados Unidos, sino tambi\u00e9n abrir oportunidades de mercado en Europa Occidental y nuevas rutas emergentes en el norte de \u00c1frica y otras regiones.<\/p>\n<h6>Fuente:\u00a0http:\/\/economia.elpais.com\/economia\/2017\/06\/03\/actualidad\/1496480418_250810.html<\/h6>\n<p>&nbsp;<\/p>\n<h3 style=\"text-align:right;\"><a href=\"https:\/\/www.uninter.edu.mx\/\">Universidad Internacional<\/a><\/h3>\n<h3 style=\"text-align:right;\"><a href=\"https:\/\/www.uninter.edu.mx\/\">Ingenier\u00eda en Sistemas Computacionales<\/a><\/h3>\n","protected":false},"excerpt":{"rendered":"<p>El Marea, el cable submarino de Telef\u00f3nica (Telxius), Microsoft y Facebook\u00a0que mejorar\u00e1 la conexi\u00f3n entre los usuarios de Estados Unidos y Europa, llegar\u00e1 a las costas espa\u00f1olas. El barco cablero que lo despliega por todo el oc\u00e9ano Atl\u00e1ntico sali\u00f3 el pasado 24 de mayo de las costas de Virginia, recalar\u00e1 en Calais el 9 de&hellip;<\/p>\n","protected":false},"author":1,"featured_media":7606,"comment_status":"closed","ping_status":"open","sticky":false,"template":"","format":"standard","meta":[],"categories":[16,18,27],"tags":[35,59,60],"_links":{"self":[{"href":"https:\/\/blogs.uninter.edu.mx\/ESCAT2\/index.php?rest_route=\/wp\/v2\/posts\/7576"}],"collection":[{"href":"https:\/\/blogs.uninter.edu.mx\/ESCAT2\/index.php?rest_route=\/wp\/v2\/posts"}],"about":[{"href":"https:\/\/blogs.uninter.edu.mx\/ESCAT2\/index.php?rest_route=\/wp\/v2\/types\/post"}],"author":[{"embeddable":true,"href":"https:\/\/blogs.uninter.edu.mx\/ESCAT2\/index.php?rest_route=\/wp\/v2\/users\/1"}],"replies":[{"embeddable":true,"href":"https:\/\/blogs.uninter.edu.mx\/ESCAT2\/index.php?rest_route=%2Fwp%2Fv2%2Fcomments&post=7576"}],"version-history":[{"count":0,"href":"https:\/\/blogs.uninter.edu.mx\/ESCAT2\/index.php?rest_route=\/wp\/v2\/posts\/7576\/revisions"}],"wp:featuredmedia":[{"embeddable":true,"href":"https:\/\/blogs.uninter.edu.mx\/ESCAT2\/index.php?rest_route=\/wp\/v2\/media\/7606"}],"wp:attachment":[{"href":"https:\/\/blogs.uninter.edu.mx\/ESCAT2\/index.php?rest_route=%2Fwp%2Fv2%2Fmedia&parent=7576"}],"wp:term":[{"taxonomy":"category","embeddable":true,"href":"https:\/\/blogs.uninter.edu.mx\/ESCAT2\/index.php?rest_route=%2Fwp%2Fv2%2Fcategories&post=7576"},{"taxonomy":"post_tag","embeddable":true,"href":"https:\/\/blogs.uninter.edu.mx\/ESCAT2\/index.php?rest_route=%2Fwp%2Fv2%2Ftags&post=7576"}],"curies":[{"name":"wp","href":"https:\/\/api.w.org\/{rel}","templated":true}]}}