{"id":8038,"date":"2017-06-30T01:24:46","date_gmt":"2017-06-30T06:24:46","guid":{"rendered":"http:\/\/escatuninter.blog\/?p=8038"},"modified":"2017-06-30T01:24:46","modified_gmt":"2017-06-30T06:24:46","slug":"la-silla-de-neruda-por-german-rodriguez-arias-noticiasescat-uninter","status":"publish","type":"post","link":"https:\/\/blogs.uninter.edu.mx\/ESCAT2\/?p=8038","title":{"rendered":"La silla de Neruda, por Germ\u00e1n Rodr\u00edguez Arias #NoticiasESCAT #Uninter"},"content":{"rendered":"<p class=\"lead-in\" style=\"text-align:justify;\">El arquitecto y dise\u00f1ador catal\u00e1n Germ\u00e1n Rodr\u00edguez Arias ide\u00f3 esta silla en 1942 para el poeta Pablo Neruda y ahora Mobles 114 la reedita en una colecci\u00f3n de muebles \u00fanicos. Tradici\u00f3n y modernidad.<\/p>\n<div id=\"attachment_8059\" style=\"width: 1210px\" class=\"wp-caption alignnone\"><img aria-describedby=\"caption-attachment-8059\" loading=\"lazy\" class=\"alignnone size-full wp-image-8059\" src=\"https:\/\/dicaduninter.files.wordpress.com\/2017\/06\/coleccion_de_mobles_114_375289357_1200x800-e1499629643851.jpg\" alt=\"La silla de Neruda, por Germ\u00e1n Rodr\u00edguez Arias\" width=\"1200\" height=\"800\" \/><p id=\"caption-attachment-8059\" class=\"wp-caption-text\">Dise\u00f1o Industrial<\/p><\/div>\n<p style=\"text-align:justify;\">Durante su etapa chilena, Germ\u00e1n Rodr\u00edguez Arias conoci\u00f3 a Pablo Neruda, con quien mantuvo una larga amistad. El poeta le encarg\u00f3 la construcci\u00f3n de las diversas casas que edific\u00f3 a lo largo de sus estancias en Chile. Rodr\u00edguez Arias proyect\u00f3, entre otras, La Chascona y la ampliaci\u00f3n de Isla Negra, que actualmente se pueden visitar como casas museo de la Fundaci\u00f3n del poeta.<\/p>\n<div id=\"attachment_8042\" style=\"width: 626px\" class=\"wp-caption alignnone\"><img aria-describedby=\"caption-attachment-8042\" loading=\"lazy\" class=\"alignnone size-full wp-image-8042\" src=\"https:\/\/dicaduninter.files.wordpress.com\/2017\/06\/17.jpg\" alt=\"Dise\u00f1o Industrial\" width=\"620\" height=\"600\" \/><p id=\"caption-attachment-8042\" class=\"wp-caption-text\">La silla de Neruda, por Germ\u00e1n Rodr\u00edguez Arias<\/p><\/div>\n<p>La butaca Catalana form\u00f3 parte del mobiliario que el arquitecto y dise\u00f1ador proyect\u00f3 para Isla Negra. Originariamente, se fabric\u00f3 con madera aut\u00f3ctona de Chile y enea, con una clara inspiraci\u00f3n en las butacas tradicionales catalanas.<\/p>\n<div id=\"attachment_8045\" style=\"width: 606px\" class=\"wp-caption alignnone\"><img aria-describedby=\"caption-attachment-8045\" loading=\"lazy\" class=\"alignnone size-full wp-image-8045\" src=\"https:\/\/dicaduninter.files.wordpress.com\/2017\/06\/24.jpg\" alt=\"Dise\u00f1o Industrial\" width=\"600\" height=\"750\" \/><p id=\"caption-attachment-8045\" class=\"wp-caption-text\">Dise\u00f1o Industrial<\/p><\/div>\n<p style=\"text-align:justify;\"><strong>Mobles 114<\/strong> es una empresa editora de mobiliario contempor\u00e1neo con casi 45 a\u00f1os de historia. Todos sus muebles est\u00e1n dise\u00f1ados por autores de reconocido prestigio internacional y acaba de presentar sus novedades de este a\u00f1o en el Salone del Mobile de Mil\u00e1n. Entre ellas est\u00e1 la reedici\u00f3n de la butaca Catalana con madera de roble y asiento tejido de fibra natural de manufactura artesanal. As\u00ed, se ha respetado de la forma m\u00e1s escrupulosamente posible el dise\u00f1o de Germ\u00e1n Rodr\u00edguez Arias pero al mismo tiempo adquiere un car\u00e1cter actual y moderno.<\/p>\n<p style=\"text-align:justify;\">Adem\u00e1s de la silla de Neruda, en el cat\u00e1logo de Mobles 114 tambi\u00e9n vamos a encontrar objetos tan interesantes como el cenicero\/parag\u00fcero reversible de Miguel Mil\u00e1, el taburete Green de Javier Mariscal o la l\u00e1mpara Fil de \u00c1lvaro Siza. Tradici\u00f3n y modernidad se conjugan una vez m\u00e1s para recordarnos que las buenas ideas no deben perderse.<\/p>\n<div class=\"author\">Fuente: http:\/\/www.revistaad.es, por Elisa Mu\u00f1\u00f3z<\/div>\n<div><\/div>\n<div class=\"credits\">Fotos: Meritxell Arjalaguer<\/div>\n<div><\/div>\n<div style=\"text-align:right;\"><a href=\"https:\/\/www.uninter.edu.mx\/\" target=\"_blank\" rel=\"noopener\">Universidad Internacional<\/a><\/div>\n<div><\/div>\n<div style=\"text-align:right;\"><a href=\"http:\/\/www.universidad.uninter.edu.mx\/carreras\/ARQ\" target=\"_blank\" rel=\"noopener\">Licenciatura en Arquitectura<\/a><\/div>\n<div><\/div>\n<div style=\"text-align:right;\"><a href=\"http:\/\/www.universidad.uninter.edu.mx\/carreras\/LDI\" target=\"_blank\" rel=\"noopener\">Dise\u00f1o Industrial<\/a><\/div>\n<div><\/div>\n<div style=\"text-align:right;\"><a href=\"http:\/\/www.universidad.uninter.edu.mx\/carreras\/LDG\" target=\"_blank\" rel=\"noopener\">Dise\u00f1o Gr\u00e1fico<\/a><\/div>\n<div><\/div>\n","protected":false},"excerpt":{"rendered":"<p>El arquitecto y dise\u00f1ador catal\u00e1n Germ\u00e1n Rodr\u00edguez Arias ide\u00f3 esta silla en 1942 para el poeta Pablo Neruda y ahora Mobles 114 la reedita en una colecci\u00f3n de muebles \u00fanicos. Tradici\u00f3n y modernidad. Durante su etapa chilena, Germ\u00e1n Rodr\u00edguez Arias conoci\u00f3 a Pablo Neruda, con quien mantuvo una larga amistad. El poeta le encarg\u00f3 la&hellip;<\/p>\n","protected":false},"author":1,"featured_media":8059,"comment_status":"closed","ping_status":"open","sticky":false,"template":"","format":"standard","meta":[],"categories":[4,9,10,27],"tags":[31,35,59,60],"_links":{"self":[{"href":"https:\/\/blogs.uninter.edu.mx\/ESCAT2\/index.php?rest_route=\/wp\/v2\/posts\/8038"}],"collection":[{"href":"https:\/\/blogs.uninter.edu.mx\/ESCAT2\/index.php?rest_route=\/wp\/v2\/posts"}],"about":[{"href":"https:\/\/blogs.uninter.edu.mx\/ESCAT2\/index.php?rest_route=\/wp\/v2\/types\/post"}],"author":[{"embeddable":true,"href":"https:\/\/blogs.uninter.edu.mx\/ESCAT2\/index.php?rest_route=\/wp\/v2\/users\/1"}],"replies":[{"embeddable":true,"href":"https:\/\/blogs.uninter.edu.mx\/ESCAT2\/index.php?rest_route=%2Fwp%2Fv2%2Fcomments&post=8038"}],"version-history":[{"count":0,"href":"https:\/\/blogs.uninter.edu.mx\/ESCAT2\/index.php?rest_route=\/wp\/v2\/posts\/8038\/revisions"}],"wp:featuredmedia":[{"embeddable":true,"href":"https:\/\/blogs.uninter.edu.mx\/ESCAT2\/index.php?rest_route=\/wp\/v2\/media\/8059"}],"wp:attachment":[{"href":"https:\/\/blogs.uninter.edu.mx\/ESCAT2\/index.php?rest_route=%2Fwp%2Fv2%2Fmedia&parent=8038"}],"wp:term":[{"taxonomy":"category","embeddable":true,"href":"https:\/\/blogs.uninter.edu.mx\/ESCAT2\/index.php?rest_route=%2Fwp%2Fv2%2Fcategories&post=8038"},{"taxonomy":"post_tag","embeddable":true,"href":"https:\/\/blogs.uninter.edu.mx\/ESCAT2\/index.php?rest_route=%2Fwp%2Fv2%2Ftags&post=8038"}],"curies":[{"name":"wp","href":"https:\/\/api.w.org\/{rel}","templated":true}]}}