{"id":887,"date":"2013-05-09T13:34:07","date_gmt":"2013-05-09T18:34:07","guid":{"rendered":"http:\/\/dicaduninter.wordpress.com\/?p=887"},"modified":"2013-05-09T13:34:07","modified_gmt":"2013-05-09T18:34:07","slug":"uninter-asiste-al-30o-aniversario-de-acrec","status":"publish","type":"post","link":"https:\/\/blogs.uninter.edu.mx\/ESCAT2\/?p=887","title":{"rendered":"UNINTER ASISTE AL 30\u00ba ANIVERSARIO DE ACREC"},"content":{"rendered":"<div><span style=\"font-family:Calibri;font-size:medium;\">La Universidad Internacional asisti\u00f3 al 30\u00ba aniversario del Centro de Rehabilitaci\u00f3n para Ciegos ACREC, el cual brinda apoyos a personas con discapacidad visual, a trav\u00e9s de terapias, cursos y talleres, en las \u00e1reas funcional, terap\u00e9utica, educativa y de capacitaci\u00f3n. El Director de la Divisi\u00f3n de DICAD Francisco Pineda <\/span><span style=\"font-family:Calibri;font-size:medium;\">\u00a0<\/span><span style=\"font-family:Calibri;font-size:medium;\">y la Directora de Departamento de Dise\u00f1o Lizette Guardado, fueron testigos del magno evento, <\/span><span style=\"font-family:Calibri;font-size:medium;\">\u00a0<\/span><span style=\"font-family:Calibri;font-size:medium;\">realizado el pasado 23 de abril del a\u00f1o en curso en las instalaciones de la asociaci\u00f3n. Dentro de las actividades del festejo se entregaron reconocimientos a diferentes personalidades que han apoyado a lo largo de estos a\u00f1os a la ACREC. El rector env\u00edo un mensaje de felicitaci\u00f3n a <\/span><span style=\"font-family:Calibri;font-size:medium;\">\u00a0<\/span><span style=\"font-family:Calibri;font-size:medium;\">la instituci\u00f3n y a su personal. <\/span><span style=\"font-family:Calibri;font-size:medium;\">\u00a0<\/span><span style=\"font-family:Calibri;font-size:medium;\">\u00a0<\/span><\/div>\n<div><a href=\"http:\/\/dicaduninter.files.wordpress.com\/2013\/05\/20130423_173508.jpg\"><img loading=\"lazy\" class=\"aligncenter size-full wp-image-888\" alt=\"20130423_173508\" src=\"http:\/\/dicaduninter.files.wordpress.com\/2013\/05\/20130423_173508.jpg\" width=\"640\" height=\"480\" \/><\/a>\u00a0 <a href=\"http:\/\/dicaduninter.files.wordpress.com\/2013\/05\/20130423_173529.jpg\"><img loading=\"lazy\" class=\"aligncenter size-full wp-image-890\" alt=\"20130423_173529\" src=\"http:\/\/dicaduninter.files.wordpress.com\/2013\/05\/20130423_173529.jpg\" width=\"640\" height=\"480\" \/><\/a> <a href=\"http:\/\/dicaduninter.files.wordpress.com\/2013\/05\/20130423_173542.jpg\"><img loading=\"lazy\" class=\"aligncenter size-full wp-image-891\" alt=\"20130423_173542\" src=\"http:\/\/dicaduninter.files.wordpress.com\/2013\/05\/20130423_173542.jpg\" width=\"640\" height=\"480\" \/><\/a> <a href=\"http:\/\/dicaduninter.files.wordpress.com\/2013\/05\/20130423_173547.jpg\"><img loading=\"lazy\" class=\"aligncenter size-full wp-image-892\" alt=\"20130423_173547\" src=\"http:\/\/dicaduninter.files.wordpress.com\/2013\/05\/20130423_173547.jpg\" width=\"640\" height=\"480\" \/><\/a><\/div>\n","protected":false},"excerpt":{"rendered":"<p>La Universidad Internacional asisti\u00f3 al 30\u00ba aniversario del Centro de Rehabilitaci\u00f3n para Ciegos ACREC, el cual brinda apoyos a personas con discapacidad visual, a trav\u00e9s de terapias, cursos y talleres, en las \u00e1reas funcional, terap\u00e9utica, educativa y de capacitaci\u00f3n. El Director de la Divisi\u00f3n de DICAD Francisco Pineda \u00a0y la Directora de Departamento de Dise\u00f1o&hellip;<\/p>\n","protected":false},"author":1,"featured_media":0,"comment_status":"closed","ping_status":"open","sticky":false,"template":"","format":"standard","meta":[],"categories":[9,10,14,27],"tags":[],"_links":{"self":[{"href":"https:\/\/blogs.uninter.edu.mx\/ESCAT2\/index.php?rest_route=\/wp\/v2\/posts\/887"}],"collection":[{"href":"https:\/\/blogs.uninter.edu.mx\/ESCAT2\/index.php?rest_route=\/wp\/v2\/posts"}],"about":[{"href":"https:\/\/blogs.uninter.edu.mx\/ESCAT2\/index.php?rest_route=\/wp\/v2\/types\/post"}],"author":[{"embeddable":true,"href":"https:\/\/blogs.uninter.edu.mx\/ESCAT2\/index.php?rest_route=\/wp\/v2\/users\/1"}],"replies":[{"embeddable":true,"href":"https:\/\/blogs.uninter.edu.mx\/ESCAT2\/index.php?rest_route=%2Fwp%2Fv2%2Fcomments&post=887"}],"version-history":[{"count":0,"href":"https:\/\/blogs.uninter.edu.mx\/ESCAT2\/index.php?rest_route=\/wp\/v2\/posts\/887\/revisions"}],"wp:attachment":[{"href":"https:\/\/blogs.uninter.edu.mx\/ESCAT2\/index.php?rest_route=%2Fwp%2Fv2%2Fmedia&parent=887"}],"wp:term":[{"taxonomy":"category","embeddable":true,"href":"https:\/\/blogs.uninter.edu.mx\/ESCAT2\/index.php?rest_route=%2Fwp%2Fv2%2Fcategories&post=887"},{"taxonomy":"post_tag","embeddable":true,"href":"https:\/\/blogs.uninter.edu.mx\/ESCAT2\/index.php?rest_route=%2Fwp%2Fv2%2Ftags&post=887"}],"curies":[{"name":"wp","href":"https:\/\/api.w.org\/{rel}","templated":true}]}}